{"id":35938,"date":"2023-11-13T14:29:42","date_gmt":"2023-11-13T10:29:42","guid":{"rendered":"https:\/\/infonews.az\/?p=35938"},"modified":"2023-11-13T17:39:32","modified_gmt":"2023-11-13T13:39:32","slug":"ceyhun-bayramov-m%c9%99rakesli-h%c9%99mkari-il%c9%99-gorusub","status":"publish","type":"post","link":"https:\/\/infonews.az\/?p=35938","title":{"rendered":"Ceyhun Bayramov m\u0259rake\u015fli h\u0259mkar\u0131 il\u0259 g\u00f6r\u00fc\u015f\u00fcb"},"content":{"rendered":"<blockquote><p>Az\u0259rbaycan\u0131n xarici i\u015fl\u0259r naziri Ceyhun Bayramov m\u0259rake\u015fli h\u0259mkar\u0131 Nasser Bourita il\u0259 g\u00f6r\u00fc\u015f\u00fcb.<\/p><\/blockquote>\n<p><a href=\"https:\/\/report.az\/xarici-siyaset\/ceyhun-bayramov-merakesli-hemkari-nasser-bourita-ile-gorusub\/\" target=\"_blank\" rel=\"noopener\">\u00a0<\/a><a href=\"https:\/\/infonews.az\/\"><strong>\u201c\u0130NFONEWS\u201d<\/strong><\/a>\u00a0x\u0259b\u0259r verir ki, g\u00f6r\u00fc\u015f M\u0259rake\u015f-Az\u0259rbaycan Birg\u0259 Komissiyas\u0131n\u0131n 2-ci sessiyas\u0131 \u00e7\u0259r\u00e7iv\u0259sind\u0259 Rabatda ba\u015f tutub.<\/p>\n<div class=\"news-image\"><img loading=\"lazy\" decoding=\"async\" class=\"alignnone  wp-image-35941\" src=\"https:\/\/infonews.az\/wp-content\/uploads\/2023\/11\/0d539e3a-3731-3442-990b-25af981cb05d-300x200.jpeg\" alt=\"\" width=\"816\" height=\"544\" srcset=\"https:\/\/infonews.az\/wp-content\/uploads\/2023\/11\/0d539e3a-3731-3442-990b-25af981cb05d-300x200.jpeg 300w, https:\/\/infonews.az\/wp-content\/uploads\/2023\/11\/0d539e3a-3731-3442-990b-25af981cb05d-1024x682.jpeg 1024w, https:\/\/infonews.az\/wp-content\/uploads\/2023\/11\/0d539e3a-3731-3442-990b-25af981cb05d-768x512.jpeg 768w, https:\/\/infonews.az\/wp-content\/uploads\/2023\/11\/0d539e3a-3731-3442-990b-25af981cb05d.jpeg 1280w\" sizes=\"(max-width: 816px) 100vw, 816px\" \/><\/div>\n","protected":false},"excerpt":{"rendered":"<p>Az\u0259rbaycan\u0131n xarici i\u015fl\u0259r naziri Ceyhun Bayramov m\u0259rake\u015fli h\u0259mkar\u0131 Nasser Bourita il\u0259 g\u00f6r\u00fc\u015f\u00fcb. \u00a0\u201c\u0130NFONEWS\u201d\u00a0x\u0259b\u0259r verir ki, g\u00f6r\u00fc\u015f M\u0259rake\u015f-Az\u0259rbaycan Birg\u0259 Komissiyas\u0131n\u0131n 2-ci sessiyas\u0131 \u00e7\u0259r\u00e7iv\u0259sind\u0259 Rabatda ba\u015f tutub.<\/p>\n","protected":false},"author":14,"featured_media":35939,"comment_status":"open","ping_status":"open","sticky":false,"template":"","format":"standard","meta":{"_mi_skip_tracking":false,"_monsterinsights_sitenote_active":false,"_monsterinsights_sitenote_note":"","_monsterinsights_sitenote_category":0,"footnotes":""},"categories":[6,11,10171],"tags":[3951,1040,9099],"aioseo_notices":[],"_links":{"self":[{"href":"https:\/\/infonews.az\/index.php?rest_route=\/wp\/v2\/posts\/35938"}],"collection":[{"href":"https:\/\/infonews.az\/index.php?rest_route=\/wp\/v2\/posts"}],"about":[{"href":"https:\/\/infonews.az\/index.php?rest_route=\/wp\/v2\/types\/post"}],"author":[{"embeddable":true,"href":"https:\/\/infonews.az\/index.php?rest_route=\/wp\/v2\/users\/14"}],"replies":[{"embeddable":true,"href":"https:\/\/infonews.az\/index.php?rest_route=%2Fwp%2Fv2%2Fcomments&post=35938"}],"version-history":[{"count":1,"href":"https:\/\/infonews.az\/index.php?rest_route=\/wp\/v2\/posts\/35938\/revisions"}],"predecessor-version":[{"id":35942,"href":"https:\/\/infonews.az\/index.php?rest_route=\/wp\/v2\/posts\/35938\/revisions\/35942"}],"wp:featuredmedia":[{"embeddable":true,"href":"https:\/\/infonews.az\/index.php?rest_route=\/wp\/v2\/media\/35939"}],"wp:attachment":[{"href":"https:\/\/infonews.az\/index.php?rest_route=%2Fwp%2Fv2%2Fmedia&parent=35938"}],"wp:term":[{"taxonomy":"category","embeddable":true,"href":"https:\/\/infonews.az\/index.php?rest_route=%2Fwp%2Fv2%2Fcategories&post=35938"},{"taxonomy":"post_tag","embeddable":true,"href":"https:\/\/infonews.az\/index.php?rest_route=%2Fwp%2Fv2%2Ftags&post=35938"}],"curies":[{"name":"wp","href":"https:\/\/api.w.org\/{rel}","templated":true}]}}