{"id":36082,"date":"2023-11-15T11:46:37","date_gmt":"2023-11-15T07:46:37","guid":{"rendered":"https:\/\/infonews.az\/?p=36082"},"modified":"2023-11-15T11:46:37","modified_gmt":"2023-11-15T07:46:37","slug":"ilham-eliyev-az%c9%99rbaycanin-f%c9%99l%c9%99stind%c9%99-m%c9%99kt%c9%99b-insa-etm%c9%99si-gund%c9%99likd%c9%99dir","status":"publish","type":"post","link":"https:\/\/infonews.az\/?p=36082","title":{"rendered":"\u0130lham \u018fliyev: &#8220;Az\u0259rbaycan\u0131n F\u0259l\u0259stind\u0259 m\u0259kt\u0259b in\u015fa etm\u0259si g\u00fcnd\u0259likd\u0259dir&#8221;"},"content":{"rendered":"<p>\u0130lham \u018fliyev: &#8220;Az\u0259rbaycan\u0131n F\u0259l\u0259stind\u0259 m\u0259kt\u0259b in\u015fa etm\u0259si g\u00fcnd\u0259likd\u0259dir&#8221;<\/p>\n<p>&#8220;Az\u0259rbaycan\u0131n F\u0259l\u0259stind\u0259 m\u0259kt\u0259b in\u015fa etm\u0259si g\u00fcnd\u0259likd\u0259dir&#8221;.<\/p>\n<p><a href=\"https:\/\/infonews.az\/\"><strong>\u201c\u0130NFONEWS\u201d<\/strong><\/a>\u00a0x\u0259b\u0259r verir ki, bu fikirl\u0259r Az\u0259rbaycan Prezidenti \u0130lham \u018fliyevin F\u0259l\u0259stin D\u00f6vl\u0259tinin Prezidenti Mahmud Abbasa \u00fcnvanlad\u0131\u011f\u0131 m\u0259ktubda \u0259ksini tap\u0131b.<\/p>\n<p>&#8220;Ke\u00e7\u0259n il Az\u0259rbaycan\u0131n F\u0259l\u0259stind\u0259 diplomatik n\u00fcmay\u0259nd\u0259liyinin t\u0259sis edilm\u0259si ikit\u0259r\u0259fli \u0259laq\u0259l\u0259rimizin inki\u015faf\u0131 istiqam\u0259tind\u0259 at\u0131lm\u0131\u015f m\u00fcsb\u0259t add\u0131m idi&#8221;, &#8211; m\u0259ktubda bildirilib.<\/p>\n","protected":false},"excerpt":{"rendered":"<p>\u0130lham \u018fliyev: &#8220;Az\u0259rbaycan\u0131n F\u0259l\u0259stind\u0259 m\u0259kt\u0259b in\u015fa etm\u0259si g\u00fcnd\u0259likd\u0259dir&#8221; &#8220;Az\u0259rbaycan\u0131n F\u0259l\u0259stind\u0259 m\u0259kt\u0259b in\u015fa etm\u0259si g\u00fcnd\u0259likd\u0259dir&#8221;. \u201c\u0130NFONEWS\u201d\u00a0x\u0259b\u0259r verir ki, bu fikirl\u0259r Az\u0259rbaycan Prezidenti \u0130lham \u018fliyevin F\u0259l\u0259stin D\u00f6vl\u0259tinin Prezidenti Mahmud Abbasa \u00fcnvanlad\u0131\u011f\u0131 m\u0259ktubda&hellip; <\/p>\n","protected":false},"author":30,"featured_media":36083,"comment_status":"open","ping_status":"open","sticky":false,"template":"","format":"standard","meta":{"_mi_skip_tracking":false,"_monsterinsights_sitenote_active":false,"_monsterinsights_sitenote_note":"","_monsterinsights_sitenote_category":0,"footnotes":""},"categories":[6,11,10171],"tags":[7819,4863,6192],"aioseo_notices":[],"_links":{"self":[{"href":"https:\/\/infonews.az\/index.php?rest_route=\/wp\/v2\/posts\/36082"}],"collection":[{"href":"https:\/\/infonews.az\/index.php?rest_route=\/wp\/v2\/posts"}],"about":[{"href":"https:\/\/infonews.az\/index.php?rest_route=\/wp\/v2\/types\/post"}],"author":[{"embeddable":true,"href":"https:\/\/infonews.az\/index.php?rest_route=\/wp\/v2\/users\/30"}],"replies":[{"embeddable":true,"href":"https:\/\/infonews.az\/index.php?rest_route=%2Fwp%2Fv2%2Fcomments&post=36082"}],"version-history":[{"count":1,"href":"https:\/\/infonews.az\/index.php?rest_route=\/wp\/v2\/posts\/36082\/revisions"}],"predecessor-version":[{"id":36084,"href":"https:\/\/infonews.az\/index.php?rest_route=\/wp\/v2\/posts\/36082\/revisions\/36084"}],"wp:featuredmedia":[{"embeddable":true,"href":"https:\/\/infonews.az\/index.php?rest_route=\/wp\/v2\/media\/36083"}],"wp:attachment":[{"href":"https:\/\/infonews.az\/index.php?rest_route=%2Fwp%2Fv2%2Fmedia&parent=36082"}],"wp:term":[{"taxonomy":"category","embeddable":true,"href":"https:\/\/infonews.az\/index.php?rest_route=%2Fwp%2Fv2%2Fcategories&post=36082"},{"taxonomy":"post_tag","embeddable":true,"href":"https:\/\/infonews.az\/index.php?rest_route=%2Fwp%2Fv2%2Ftags&post=36082"}],"curies":[{"name":"wp","href":"https:\/\/api.w.org\/{rel}","templated":true}]}}