{"id":36144,"date":"2023-11-15T20:08:53","date_gmt":"2023-11-15T16:08:53","guid":{"rendered":"https:\/\/infonews.az\/?p=36144"},"modified":"2023-11-15T20:08:53","modified_gmt":"2023-11-15T16:08:53","slug":"rusiya-xin-az%c9%99rbaycanin-qarabag-erm%c9%99nil%c9%99rinin-huquqlarinin-t%c9%99min-edilm%c9%99si-il%c9%99-bagli-b%c9%99yanatlarini-alqislayiriq","status":"publish","type":"post","link":"https:\/\/infonews.az\/?p=36144","title":{"rendered":"Rusiya X\u0130N: &#8220;Az\u0259rbaycan\u0131n Qaraba\u011f erm\u0259nil\u0259rinin h\u00fcquqlar\u0131n\u0131n t\u0259min edilm\u0259si il\u0259 ba\u011fl\u0131 b\u0259yanatlar\u0131n\u0131 alq\u0131\u015flay\u0131r\u0131q&#8221;"},"content":{"rendered":"<blockquote><p>Rusiya X\u0130N: &#8220;Az\u0259rbaycan\u0131n Qaraba\u011f erm\u0259nil\u0259rinin h\u00fcquqlar\u0131n\u0131n t\u0259min edilm\u0259si il\u0259 ba\u011fl\u0131 b\u0259yanatlar\u0131n\u0131 alq\u0131\u015flay\u0131r\u0131q&#8221;<\/p><\/blockquote>\n<p>\u201cAz\u0259rbaycan hakimiyy\u0259tinin Qaraba\u011fa qay\u0131tmaq ist\u0259y\u0259n erm\u0259nil\u0259rin h\u00fcquqlar\u0131n\u0131n, t\u0259hl\u00fck\u0259sizliyinin, iqtisadi rifah\u0131n\u0131n t\u0259min edilm\u0259si il\u0259 ba\u011fl\u0131 b\u0259yanatlar\u0131n\u0131 alq\u0131\u015flay\u0131r\u0131q&#8221;.<\/p>\n<p><a href=\"https:\/\/infonews.az\/\"><strong>&#8220;\u0130NFONEWS&#8221;<\/strong><\/a> x\u0259b\u0259r verir ki, bunu Rusiya Xarici \u0130\u015fl\u0259r Nazirliyinin r\u0259smi n\u00fcmay\u0259nd\u0259si Mariya Zaxarova brifinqd\u0259 deyib.<\/p>\n<p>&#8220;Hesab edir\u0259m ki, bu, \u00e7ox d\u00fczg\u00fcn siqnald\u0131r. Moskva \u201cRusiya s\u00fclhm\u0259raml\u0131 kontingenti d\u0259 daxil olmaqla, Bak\u0131 v\u0259 \u0130r\u0259van\u0131n bar\u0131\u015fmas\u0131 \u00fc\u00e7\u00fcn prinsipial \u0259h\u0259miyy\u0259t k\u0259sb ed\u0259n bu proses\u0259 h\u0259r c\u00fcr k\u00f6m\u0259k ed\u0259c\u0259k\u201d, &#8211; Zaxarova qeyd edib.<\/p>\n","protected":false},"excerpt":{"rendered":"<p>Rusiya X\u0130N: &#8220;Az\u0259rbaycan\u0131n Qaraba\u011f erm\u0259nil\u0259rinin h\u00fcquqlar\u0131n\u0131n t\u0259min edilm\u0259si il\u0259 ba\u011fl\u0131 b\u0259yanatlar\u0131n\u0131 alq\u0131\u015flay\u0131r\u0131q&#8221; \u201cAz\u0259rbaycan hakimiyy\u0259tinin Qaraba\u011fa qay\u0131tmaq ist\u0259y\u0259n erm\u0259nil\u0259rin h\u00fcquqlar\u0131n\u0131n, t\u0259hl\u00fck\u0259sizliyinin, iqtisadi rifah\u0131n\u0131n t\u0259min edilm\u0259si il\u0259 ba\u011fl\u0131 b\u0259yanatlar\u0131n\u0131 alq\u0131\u015flay\u0131r\u0131q&#8221;. &#8220;\u0130NFONEWS&#8221; x\u0259b\u0259r&hellip; <\/p>\n","protected":false},"author":30,"featured_media":36145,"comment_status":"open","ping_status":"open","sticky":false,"template":"","format":"standard","meta":{"_mi_skip_tracking":false,"_monsterinsights_sitenote_active":false,"_monsterinsights_sitenote_note":"","_monsterinsights_sitenote_category":0,"footnotes":""},"categories":[6,11,10171],"tags":[298,366,204,1110],"aioseo_notices":[],"_links":{"self":[{"href":"https:\/\/infonews.az\/index.php?rest_route=\/wp\/v2\/posts\/36144"}],"collection":[{"href":"https:\/\/infonews.az\/index.php?rest_route=\/wp\/v2\/posts"}],"about":[{"href":"https:\/\/infonews.az\/index.php?rest_route=\/wp\/v2\/types\/post"}],"author":[{"embeddable":true,"href":"https:\/\/infonews.az\/index.php?rest_route=\/wp\/v2\/users\/30"}],"replies":[{"embeddable":true,"href":"https:\/\/infonews.az\/index.php?rest_route=%2Fwp%2Fv2%2Fcomments&post=36144"}],"version-history":[{"count":1,"href":"https:\/\/infonews.az\/index.php?rest_route=\/wp\/v2\/posts\/36144\/revisions"}],"predecessor-version":[{"id":36149,"href":"https:\/\/infonews.az\/index.php?rest_route=\/wp\/v2\/posts\/36144\/revisions\/36149"}],"wp:featuredmedia":[{"embeddable":true,"href":"https:\/\/infonews.az\/index.php?rest_route=\/wp\/v2\/media\/36145"}],"wp:attachment":[{"href":"https:\/\/infonews.az\/index.php?rest_route=%2Fwp%2Fv2%2Fmedia&parent=36144"}],"wp:term":[{"taxonomy":"category","embeddable":true,"href":"https:\/\/infonews.az\/index.php?rest_route=%2Fwp%2Fv2%2Fcategories&post=36144"},{"taxonomy":"post_tag","embeddable":true,"href":"https:\/\/infonews.az\/index.php?rest_route=%2Fwp%2Fv2%2Ftags&post=36144"}],"curies":[{"name":"wp","href":"https:\/\/api.w.org\/{rel}","templated":true}]}}