{"id":36232,"date":"2023-11-17T21:16:52","date_gmt":"2023-11-17T17:16:52","guid":{"rendered":"https:\/\/infonews.az\/?p=36232"},"modified":"2023-11-17T21:16:52","modified_gmt":"2023-11-17T17:16:52","slug":"bem-erm%c9%99nistanin-az%c9%99rbaycana-qarsi-10-iddiasindan-7-ni-r%c9%99dd-edib","status":"publish","type":"post","link":"https:\/\/infonews.az\/?p=36232","title":{"rendered":"B\u018fM Erm\u0259nistan\u0131n Az\u0259rbaycana qar\u015f\u0131 10 iddias\u0131ndan 7-ni r\u0259dd edib"},"content":{"rendered":"<p><span style=\"color: #ffffff;\">B\u018fM Erm\u0259nistan\u0131n Az\u0259rbaycana qar\u015f\u0131 10 iddias\u0131ndan 7-ni r\u0259dd edib<\/span><\/p>\n<blockquote><p><strong>Beyn\u0259lxalq \u018fdal\u0259t M\u0259hk\u0259m\u0259si (B\u018fM) 17 noyabr 2023-c\u00fc il tarixli q\u0259rar\u0131 il\u0259 Erm\u0259nistan\u0131n Az\u0259rbaycana qar\u015f\u0131 10 iddias\u0131ndan 7-ni r\u0259dd edib.<\/strong><\/p><\/blockquote>\n<p><strong><a href=\"http:\/\/\u0130NFONEWS\">\u0130NFONEWS<\/a><\/strong>\u00a0x\u0259b\u0259r verir ki, M\u0259hk\u0259m\u0259 Az\u0259rbaycan\u0131n Qaraba\u011f \u00fcz\u0259rind\u0259 suverenliyini v\u0259 \u0259razi b\u00fct\u00f6vl\u00fcy\u00fcn\u00fc t\u0259sdiq edib.<\/p>\n<p>M\u0259hk\u0259m\u0259 Az\u0259rbaycan\u0131n h\u0259rbi v\u0259 h\u00fcquq-m\u00fchafiz\u0259 orqanlar\u0131n\u0131n Qaraba\u011f b\u00f6lg\u0259sind\u0259n \u00e7\u0131xar\u0131lmas\u0131 il\u0259 ba\u011fl\u0131 \u0259sass\u0131z v\u0259 g\u00fcl\u00fcnc t\u0259l\u0259bini r\u0259dd edib.<\/p>\n<p>M\u0259hk\u0259m\u0259 Az\u0259rbaycan h\u00f6kum\u0259tinin Qaraba\u011f\u0131n erm\u0259ni sakinl\u0259ri il\u0259 ba\u011fl\u0131 art\u0131q b\u0259yan olunmu\u015f siyas\u0259tini q\u0259bul edib. Bu, milli v\u0259 ya etnik m\u0259n\u015f\u0259yind\u0259n as\u0131l\u0131 olmayaraq b\u00fct\u00fcn sakinl\u0259rin t\u0259hl\u00fck\u0259sizliyini v\u0259 m\u00fchafiz\u0259sini t\u0259min etm\u0259k bar\u0259d\u0259 \u00f6hd\u0259liyimizi \u0259hat\u0259 edir.<\/p>\n<p>M\u0259hk\u0259m\u0259 Erm\u0259nistan\u0131n BMT agentlikl\u0259rinin Qaraba\u011f b\u00f6lg\u0259sin\u0259 s\u0259f\u0259ri v\u0259 Beyn\u0259lxalq Q\u0131z\u0131l Xa\u00e7 Komit\u0259si (BQXK) il\u0259 \u0259m\u0259kda\u015fl\u0131q bar\u0259d\u0259 iddias\u0131na \u0259h\u0259miyy\u0259t verm\u0259yib, bununla da, beyn\u0259lxalq t\u0259\u015fkilatlar\u0131n b\u00f6lg\u0259y\u0259 giri\u015fi il\u0259 ba\u011fl\u0131 \u00f6lk\u0259miz\u0259 qar\u015f\u0131 b\u00fct\u00fcn iddialar\u0131 mahiyy\u0259tc\u0259 \u0259sass\u0131z edib.<\/p>\n<p>M\u0259hk\u0259m\u0259nin Az\u0259rbaycan t\u0259r\u0259find\u0259n m\u0259d\u0259niyy\u0259t abid\u0259l\u0259rinin v\u0259 artefaktlar il\u0259 ba\u011fl\u0131 Erm\u0259nistan\u0131n iddialar\u0131n\u0131 r\u0259dd etm\u0259si Az\u0259rbaycan\u0131n h\u0259yata ke\u00e7irdiyi m\u00fcsb\u0259t t\u0259dbirl\u0259rin t\u0259sdiqidir.<\/p>\n<p>M\u0259hk\u0259m\u0259 m\u00fcvafiq ittihamlarla saxlan\u0131lan qanunsuz separat\u00e7\u0131 rejiml\u0259 \u0259laq\u0259si olan \u015f\u0259xsl\u0259rl\u0259 ba\u011fl\u0131 Erm\u0259nistan\u0131n iddias\u0131n\u0131 eyni \u015f\u0259kild\u0259 t\u0259min etm\u0259yib.<\/p>\n<p>Az\u0259rbaycan\u0131n \u0130rqi Ayr\u0131-se\u00e7kiliyin B\u00fct\u00fcn Formalar\u0131n\u0131n L\u0259\u011fv Edilm\u0259si haqq\u0131nda Beyn\u0259lxalq Konvensiya (CERD) \u00f6hd\u0259likl\u0259rinin pozuntusu M\u0259hk\u0259m\u0259 t\u0259r\u0259find\u0259n t\u0259sdiql\u0259nm\u0259yib v\u0259 Erm\u0259nistan\u0131n bu iddias\u0131 da r\u0259dd edilib.<\/p>\n<p>&nbsp;<\/p>\n<p><em><strong>\u018fziz\u0259 \u018flizad\u0259<\/strong><\/em><\/p>\n<p><em><strong>\u00a9 Materiallardan istifad\u0259 ed\u0259rk\u0259n hiperlinkl\u0259 istinad olunmal\u0131d\u0131r<\/strong><\/em><\/p>\n<p><em><strong><a href=\"http:\/\/\u0130NFONEWS\">\u0130NFONEWS<\/a><\/strong><\/em><\/p>\n<p>&nbsp;<\/p>\n","protected":false},"excerpt":{"rendered":"<p>B\u018fM Erm\u0259nistan\u0131n Az\u0259rbaycana qar\u015f\u0131 10 iddias\u0131ndan 7-ni r\u0259dd edib Beyn\u0259lxalq \u018fdal\u0259t M\u0259hk\u0259m\u0259si (B\u018fM) 17 noyabr 2023-c\u00fc il tarixli q\u0259rar\u0131 il\u0259 Erm\u0259nistan\u0131n Az\u0259rbaycana qar\u015f\u0131 10 iddias\u0131ndan 7-ni r\u0259dd edib. \u0130NFONEWS\u00a0x\u0259b\u0259r verir&hellip; <\/p>\n","protected":false},"author":14,"featured_media":36233,"comment_status":"open","ping_status":"open","sticky":false,"template":"","format":"standard","meta":{"_mi_skip_tracking":false,"_monsterinsights_sitenote_active":false,"_monsterinsights_sitenote_note":"","_monsterinsights_sitenote_category":0,"footnotes":""},"categories":[4,11377,10175,4632,6,11,10171],"tags":[11432,11439,11438,11437,10883,13,70,7759,6725,15,204],"aioseo_notices":[],"_links":{"self":[{"href":"https:\/\/infonews.az\/index.php?rest_route=\/wp\/v2\/posts\/36232"}],"collection":[{"href":"https:\/\/infonews.az\/index.php?rest_route=\/wp\/v2\/posts"}],"about":[{"href":"https:\/\/infonews.az\/index.php?rest_route=\/wp\/v2\/types\/post"}],"author":[{"embeddable":true,"href":"https:\/\/infonews.az\/index.php?rest_route=\/wp\/v2\/users\/14"}],"replies":[{"embeddable":true,"href":"https:\/\/infonews.az\/index.php?rest_route=%2Fwp%2Fv2%2Fcomments&post=36232"}],"version-history":[{"count":1,"href":"https:\/\/infonews.az\/index.php?rest_route=\/wp\/v2\/posts\/36232\/revisions"}],"predecessor-version":[{"id":36234,"href":"https:\/\/infonews.az\/index.php?rest_route=\/wp\/v2\/posts\/36232\/revisions\/36234"}],"wp:featuredmedia":[{"embeddable":true,"href":"https:\/\/infonews.az\/index.php?rest_route=\/wp\/v2\/media\/36233"}],"wp:attachment":[{"href":"https:\/\/infonews.az\/index.php?rest_route=%2Fwp%2Fv2%2Fmedia&parent=36232"}],"wp:term":[{"taxonomy":"category","embeddable":true,"href":"https:\/\/infonews.az\/index.php?rest_route=%2Fwp%2Fv2%2Fcategories&post=36232"},{"taxonomy":"post_tag","embeddable":true,"href":"https:\/\/infonews.az\/index.php?rest_route=%2Fwp%2Fv2%2Ftags&post=36232"}],"curies":[{"name":"wp","href":"https:\/\/api.w.org\/{rel}","templated":true}]}}