{"id":36398,"date":"2023-11-20T11:01:03","date_gmt":"2023-11-20T07:01:03","guid":{"rendered":"https:\/\/infonews.az\/?p=36398"},"modified":"2023-11-20T11:01:03","modified_gmt":"2023-11-20T07:01:03","slug":"milli-kitabxanadan-agdam-s%c9%99h%c9%99ri-gunun%c9%99-h%c9%99sr-edil%c9%99n-virtual-sergi","status":"publish","type":"post","link":"https:\/\/infonews.az\/?p=36398","title":{"rendered":"Milli Kitabxanadan A\u011fdam \u015e\u0259h\u0259ri G\u00fcn\u00fcn\u0259 h\u0259sr edil\u0259n V\u0130RTUAL S\u018fRG\u0130"},"content":{"rendered":"<p><span style=\"color: #ffffff;\">Milli Kitabxanadan A\u011fdam \u015e\u0259h\u0259ri G\u00fcn\u00fcn\u0259 h\u0259sr edil\u0259n V\u0130RTUAL S\u018fRG\u0130 <\/span><\/p>\n<blockquote>\n<p style=\"text-align: left;\">Az\u0259rbaycan Milli Kitabxanas\u0131n\u0131n \u0259m\u0259kda\u015flar\u0131 t\u0259r\u0259find\u0259n \u201c20 noyabr A\u011fdam \u015e\u0259h\u0259ri G\u00fcn\u00fc\u201d adl\u0131 virtual s\u0259rgi haz\u0131rlan\u0131b.<\/p>\n<\/blockquote>\n<p><a href=\"https:\/\/infonews.az\/?p=36398\"><span style=\"color: #333399;\"><strong>&#8220;\u0130NFONEWS&#8221;<\/strong><\/span><\/a> -un Kitabxanadan bildirilib ki, virtual s\u0259rgid\u0259 Az\u0259rbaycan Respublikas\u0131nda iqtisadi rayonlar\u0131n yeni b\u00f6lg\u00fcs\u00fc haqq\u0131nda Az\u0259rbaycan Respublikas\u0131 Prezidentinin F\u0259rman\u0131, fotolar, d\u00f6vri m\u0259tbuat s\u0259hif\u0259l\u0259rind\u0259 A\u011fdam \u015f\u0259h\u0259ri haqq\u0131nda d\u0259rc olunan m\u0259qal\u0259l\u0259r, Qaraba\u011f z\u0259f\u0259ri, A\u011fdam \u015f\u0259h\u0259rinin tarixi haqq\u0131nda kitablar n\u00fcmayi\u015f olunur.<\/p>\n<p>Virtual s\u0259rgi il\u0259 tan\u0131\u015f olmaq ist\u0259y\u0259nl\u0259r\u00a0<a href=\"http:\/\/anl.az\/el\/vsb\/Agdam_isgaldan_azad_edildi!\/index.htm\" target=\"_blank\" rel=\"noopener\">linkind\u0259n<\/a>\u00a0istifad\u0259 ed\u0259 bil\u0259r.<\/p>\n<p>Noyabr ay\u0131n\u0131n 20-si A\u011fdam \u015f\u0259h\u0259ri g\u00fcn\u00fcd\u00fcr. A\u011fdam \u015e\u0259h\u0259ri G\u00fcn\u00fc Az\u0259rbaycanda ilk d\u0259f\u0259dir qeyd olunur.<\/p>\n<p>Erm\u0259nistan\u0131n h\u0259rbi t\u0259cav\u00fcz\u00fc n\u0259tic\u0259sind\u0259 30 il\u0259 yax\u0131n i\u015f\u011fal alt\u0131nda qalm\u0131\u015f \u0259z\u0259li tarixi torpaqlar\u0131m\u0131z 44 g\u00fcnl\u00fck V\u0259t\u0259n m\u00fcharib\u0259sind\u0259 h\u0259rbi-siyasi yolla i\u015f\u011faldan azad olundu v\u0259 \u015fanl\u0131 Z\u0259f\u0259r\u0259 aparan h\u0259r bir g\u00fcn Az\u0259rbaycan tarixin\u0259 q\u0131z\u0131l h\u0259rfl\u0259rl\u0259 yaz\u0131ld\u0131.<\/p>\n<p>Az\u0259rbaycan Respublikas\u0131 Prezidenti \u0130lham \u018fliyevin 31 iyul 2023-c\u00fc il tarixli V\u0259t\u0259n m\u00fcharib\u0259sind\u0259 \u0259ld\u0259 olunmu\u015f tarixi Q\u0259l\u0259b\u0259ni \u0259b\u0259dil\u0259\u015fdirm\u0259k v\u0259 i\u015f\u011faldan azad edilmi\u015f \u015f\u0259h\u0259rl\u0259rin g\u00fcnl\u0259rini t\u0259sis edilm\u0259si haqq\u0131nda S\u0259r\u0259ncam\u0131na \u0259sas\u0259n 20 noyabr \u201cA\u011fdam \u015f\u0259h\u0259ri g\u00fcn\u00fc\u201d kimi qeyd olunur. Bu \u0259lam\u0259tdar g\u00fcn\u00fcn t\u0259sis olunmas\u0131 A\u011fdam \u015f\u0259h\u0259rinin Erm\u0259nistan silahl\u0131 q\u00fcvv\u0259l\u0259rinin i\u015f\u011fal\u0131ndan azad edilm\u0259si tarixi il\u0259 ba\u011fl\u0131d\u0131r.<\/p>\n","protected":false},"excerpt":{"rendered":"<p>Milli Kitabxanadan A\u011fdam \u015e\u0259h\u0259ri G\u00fcn\u00fcn\u0259 h\u0259sr edil\u0259n V\u0130RTUAL S\u018fRG\u0130 Az\u0259rbaycan Milli Kitabxanas\u0131n\u0131n \u0259m\u0259kda\u015flar\u0131 t\u0259r\u0259find\u0259n \u201c20 noyabr A\u011fdam \u015e\u0259h\u0259ri G\u00fcn\u00fc\u201d adl\u0131 virtual s\u0259rgi haz\u0131rlan\u0131b. &#8220;\u0130NFONEWS&#8221; -un Kitabxanadan bildirilib ki, virtual s\u0259rgid\u0259&hellip; <\/p>\n","protected":false},"author":14,"featured_media":36399,"comment_status":"open","ping_status":"open","sticky":false,"template":"","format":"standard","meta":{"_mi_skip_tracking":false,"_monsterinsights_sitenote_active":false,"_monsterinsights_sitenote_note":"","_monsterinsights_sitenote_category":0,"footnotes":""},"categories":[4,10,11],"tags":[11488,11489,15,4492],"aioseo_notices":[],"_links":{"self":[{"href":"https:\/\/infonews.az\/index.php?rest_route=\/wp\/v2\/posts\/36398"}],"collection":[{"href":"https:\/\/infonews.az\/index.php?rest_route=\/wp\/v2\/posts"}],"about":[{"href":"https:\/\/infonews.az\/index.php?rest_route=\/wp\/v2\/types\/post"}],"author":[{"embeddable":true,"href":"https:\/\/infonews.az\/index.php?rest_route=\/wp\/v2\/users\/14"}],"replies":[{"embeddable":true,"href":"https:\/\/infonews.az\/index.php?rest_route=%2Fwp%2Fv2%2Fcomments&post=36398"}],"version-history":[{"count":1,"href":"https:\/\/infonews.az\/index.php?rest_route=\/wp\/v2\/posts\/36398\/revisions"}],"predecessor-version":[{"id":36400,"href":"https:\/\/infonews.az\/index.php?rest_route=\/wp\/v2\/posts\/36398\/revisions\/36400"}],"wp:featuredmedia":[{"embeddable":true,"href":"https:\/\/infonews.az\/index.php?rest_route=\/wp\/v2\/media\/36399"}],"wp:attachment":[{"href":"https:\/\/infonews.az\/index.php?rest_route=%2Fwp%2Fv2%2Fmedia&parent=36398"}],"wp:term":[{"taxonomy":"category","embeddable":true,"href":"https:\/\/infonews.az\/index.php?rest_route=%2Fwp%2Fv2%2Fcategories&post=36398"},{"taxonomy":"post_tag","embeddable":true,"href":"https:\/\/infonews.az\/index.php?rest_route=%2Fwp%2Fv2%2Ftags&post=36398"}],"curies":[{"name":"wp","href":"https:\/\/api.w.org\/{rel}","templated":true}]}}