{"id":36460,"date":"2023-11-20T10:18:12","date_gmt":"2023-11-20T06:18:12","guid":{"rendered":"https:\/\/infonews.az\/?p=36460"},"modified":"2023-11-20T21:41:39","modified_gmt":"2023-11-20T17:41:39","slug":"ulu-ond%c9%99rin-100-illiyi-il%c9%99-%c9%99laq%c9%99dar-t%c9%99dbir-kecirilib","status":"publish","type":"post","link":"https:\/\/infonews.az\/?p=36460","title":{"rendered":"Ulu \u00d6nd\u0259rin 100 illiyi il\u0259 \u0259laq\u0259dar t\u0259dbir ke\u00e7irilib"},"content":{"rendered":"<p><span style=\"color: #ffffff;\">Ulu \u00d6nd\u0259rin 100 illiyi il\u0259 \u0259laq\u0259dar t\u0259dbir ke\u00e7irilib<\/span><\/p>\n<blockquote><p><span style=\"color: #000000;\">\u00d6lk\u0259mizd\u0259 2023-c\u00fc ilin &#8220;Heyd\u0259r \u018fliyev \u0130li&#8221; elan edilm\u0259si haqq\u0131nda Az\u0259rbaycan Respublikas\u0131n\u0131n Prezidentinin m\u00fcvafiq S\u0259r\u0259ncam\u0131n\u0131n icras\u0131 il\u0259 \u0259laq\u0259dar m\u00fcdafi\u0259 nazirinin t\u0259sdiq etdiyi plana \u0259sas\u0259n Az\u0259rbaycan Ordusunda ke\u00e7iril\u0259n silsil\u0259 t\u0259dbirl\u0259r davam etdirilir.<\/span><\/p><\/blockquote>\n<p><span style=\"color: #000000;\">Bu bar\u0259d\u0259\u00a0<strong><a href=\"https:\/\/infonews.az\/\">\u201c\u0130NFONEWS\u201d<\/a><\/strong>-a M\u00fcdafi\u0259 Nazirliyind\u0259n m\u0259lumat verilib.<\/span><\/p>\n<p><span style=\"color: #000000;\">Ulu \u00d6nd\u0259rin 100 illiyi il\u0259 \u0259laq\u0259dar &#8220;N&#8221; h\u0259rbi hiss\u0259sind\u0259 \u201cHeyd\u0259r \u018fliyev m\u00fcst\u0259qilliyimizin v\u0259 milli d\u00f6vl\u0259t\u00e7iliyimizin banisidir\u201d adl\u0131 t\u0259dbir ke\u00e7irilib.<\/span><\/p>\n<p><span style=\"color: #000000;\">\u018fvv\u0259lc\u0259 Ulu \u00d6nd\u0259rin h\u0259rbi hiss\u0259nin \u0259razisind\u0259 ucald\u0131lm\u0131\u015f abid\u0259si \u00f6n\u00fcn\u0259\u00a0 g\u00fcl d\u0259st\u0259l\u0259ri qoyularaq xatir\u0259sin\u0259 ehtiram n\u00fcmayi\u015f etdirilib.<\/span><\/p>\n<p><span style=\"color: #000000;\">H\u0259rbi qulluq\u00e7ular, \u015f\u0259hid ail\u0259l\u0259rinin \u00fczvl\u0259ri, m\u00fcharib\u0259 veteranlar\u0131, ictimaiyy\u0259t n\u00fcmay\u0259nd\u0259l\u0259ri, m\u0259kt\u0259blil\u0259r v\u0259 dig\u0259r qonaqlar\u0131n i\u015ftirak\u0131 il\u0259 ke\u00e7iril\u0259n t\u0259dbird\u0259n \u00f6nc\u0259 xalq\u0131m\u0131z\u0131n \u00dcmummilli Lideri Heyd\u0259r \u018fliyevin v\u0259 \u00f6lk\u0259mizin azadl\u0131\u011f\u0131 v\u0259 suverenliyi u\u011frunda canlar\u0131ndan ke\u00e7mi\u015f \u015f\u0259hidl\u0259rimizin xatir\u0259si bir d\u0259qiq\u0259lik s\u00fckutla yad edilib. Az\u0259rbaycan Respublikas\u0131n\u0131n D\u00f6vl\u0259t Himni s\u0259sl\u0259ndirilib.<\/span><\/p>\n<p><span style=\"color: #000000;\">\u00c7\u0131x\u0131\u015f ed\u0259nl\u0259r bildiribl\u0259r ki, Ulu \u00d6nd\u0259r Heyd\u0259r \u018fliyevin r\u0259hb\u0259rliyi, uzaqg\u00f6r\u0259n siyas\u0259ti v\u0259 g\u0259rgin f\u0259aliyy\u0259ti n\u0259tic\u0259sind\u0259 g\u00fccl\u00fc m\u00fcdafi\u0259 q\u00fcdr\u0259tin\u0259 v\u0259 pe\u015f\u0259kar d\u00f6y\u00fc\u015f qabiliyy\u0259tin\u0259 malik Az\u0259rbaycan Ordusu formala\u015f\u0131b. \u00dcmummilli Liderin ordu quruculu\u011fu sah\u0259sind\u0259 h\u0259yata ke\u00e7irdiyi t\u0259dbirl\u0259rin M\u00fcz\u0259ff\u0259r Ali Ba\u015f Komandan c\u0259nab \u0130lham \u018fliyev t\u0259r\u0259find\u0259n u\u011furla davam etdirildiyi diqq\u0259t\u0259 \u00e7atd\u0131r\u0131l\u0131b.<\/span><\/p>\n<p><span style=\"color: #000000;\">Sonra Ulu \u00d6nd\u0259rin \u015f\u0259r\u0259fli h\u0259yat yolundan v\u0259 m\u00fcst\u0259sna xidm\u0259tl\u0259rind\u0259n b\u0259hs ed\u0259n video\u00e7arx n\u00fcmayi\u015f etdirilib.<\/span><\/p>\n<p><span style=\"color: #000000;\">Sonda v\u0259t\u0259np\u0259rv\u0259rliyi v\u0259 q\u0259hr\u0259manl\u0131\u011f\u0131 t\u0259r\u0259nn\u00fcm ed\u0259n musiqil\u0259r s\u0259sl\u0259ndirilib, \u015feirl\u0259r oxunub.<\/span><\/p>\n","protected":false},"excerpt":{"rendered":"<p>Ulu \u00d6nd\u0259rin 100 illiyi il\u0259 \u0259laq\u0259dar t\u0259dbir ke\u00e7irilib \u00d6lk\u0259mizd\u0259 2023-c\u00fc ilin &#8220;Heyd\u0259r \u018fliyev \u0130li&#8221; elan edilm\u0259si haqq\u0131nda Az\u0259rbaycan Respublikas\u0131n\u0131n Prezidentinin m\u00fcvafiq S\u0259r\u0259ncam\u0131n\u0131n icras\u0131 il\u0259 \u0259laq\u0259dar m\u00fcdafi\u0259 nazirinin t\u0259sdiq etdiyi plana&hellip; <\/p>\n","protected":false},"author":3,"featured_media":36461,"comment_status":"open","ping_status":"open","sticky":false,"template":"","format":"standard","meta":{"_mi_skip_tracking":false,"_monsterinsights_sitenote_active":false,"_monsterinsights_sitenote_note":"","_monsterinsights_sitenote_category":0,"footnotes":""},"categories":[6664,11],"tags":[],"aioseo_notices":[],"_links":{"self":[{"href":"https:\/\/infonews.az\/index.php?rest_route=\/wp\/v2\/posts\/36460"}],"collection":[{"href":"https:\/\/infonews.az\/index.php?rest_route=\/wp\/v2\/posts"}],"about":[{"href":"https:\/\/infonews.az\/index.php?rest_route=\/wp\/v2\/types\/post"}],"author":[{"embeddable":true,"href":"https:\/\/infonews.az\/index.php?rest_route=\/wp\/v2\/users\/3"}],"replies":[{"embeddable":true,"href":"https:\/\/infonews.az\/index.php?rest_route=%2Fwp%2Fv2%2Fcomments&post=36460"}],"version-history":[{"count":1,"href":"https:\/\/infonews.az\/index.php?rest_route=\/wp\/v2\/posts\/36460\/revisions"}],"predecessor-version":[{"id":36462,"href":"https:\/\/infonews.az\/index.php?rest_route=\/wp\/v2\/posts\/36460\/revisions\/36462"}],"wp:featuredmedia":[{"embeddable":true,"href":"https:\/\/infonews.az\/index.php?rest_route=\/wp\/v2\/media\/36461"}],"wp:attachment":[{"href":"https:\/\/infonews.az\/index.php?rest_route=%2Fwp%2Fv2%2Fmedia&parent=36460"}],"wp:term":[{"taxonomy":"category","embeddable":true,"href":"https:\/\/infonews.az\/index.php?rest_route=%2Fwp%2Fv2%2Fcategories&post=36460"},{"taxonomy":"post_tag","embeddable":true,"href":"https:\/\/infonews.az\/index.php?rest_route=%2Fwp%2Fv2%2Ftags&post=36460"}],"curies":[{"name":"wp","href":"https:\/\/api.w.org\/{rel}","templated":true}]}}