{"id":36622,"date":"2023-11-22T21:00:27","date_gmt":"2023-11-22T17:00:27","guid":{"rendered":"https:\/\/infonews.az\/?p=36622"},"modified":"2023-11-22T21:00:27","modified_gmt":"2023-11-22T17:00:27","slug":"az%c9%99rbaycandan-qanunsuz-s%c9%99kild%c9%99-rusiyaya-getm%c9%99k-ist%c9%99y%c9%99n-pakistanlilar-saxlanilibla","status":"publish","type":"post","link":"https:\/\/infonews.az\/?p=36622","title":{"rendered":"Az\u0259rbaycandan qanunsuz \u015f\u0259kild\u0259 Rusiyaya getm\u0259k ist\u0259y\u0259n pakistanl\u0131lar saxlan\u0131l\u0131bla"},"content":{"rendered":"<blockquote><p>Noyabr\u0131n 21-d\u0259 saat 13:35-d\u0259 Qusar rayonunun Zuxul k\u0259ndi yax\u0131nl\u0131\u011f\u0131nda yerl\u0259\u015f\u0259n s\u0259rh\u0259d zastavas\u0131n\u0131n xidm\u0259ti \u0259razisind\u0259 Pakistan \u0130slam Respublikas\u0131 v\u0259t\u0259nda\u015flar\u0131 1974-c\u00fc il t\u0259v\u0259ll\u00fcdl\u00fc Majeed Abdul Muhammad, 1979-cu il t\u0259v\u0259ll\u00fcdl\u00fc Muhammad Yaseen Ali, 2004-c\u00fc il t\u0259v\u0259ll\u00fcdl\u00fc Abu Bakar Ahsan ve 2008-ci il t\u0259v\u0259ll\u00fcdl\u00fc Ullah Ubaid Ahsan Az\u0259rbaycan Respublikas\u0131ndan Rusiya Federasiyas\u0131 istiqam\u0259tind\u0259 d\u00f6vl\u0259t s\u0259rh\u0259dini pozma\u011fa c\u0259hd g\u00f6st\u0259r\u0259rk\u0259n saxlan\u0131l\u0131blar.<\/p><\/blockquote>\n<p>Bu bar\u0259d\u0259\u00a0<a href=\"https:\/\/infonews.az\/\"><strong>\u201c\u0130NFONEWS\u201d<\/strong><\/a> a D\u00f6vl\u0259t S\u0259rh\u0259d Xidm\u0259tinin (DSX) M\u0259tbuat M\u0259rk\u0259zind\u0259n m\u0259lumat verilib.<\/p>\n<p>Ara\u015fd\u0131rma zaman\u0131 saxlan\u0131lan \u0259cn\u0259bi v\u0259t\u0259nda\u015flar\u0131n \u00f6lk\u0259 \u0259razisin\u0259 r\u0259smi qaydada g\u0259lm\u0259l\u0259ri, d\u00f6vl\u0259t s\u0259rh\u0259dini pozaraq Az\u0259rbaycan Respublikas\u0131ndan Rusiya Federasiyas\u0131na, oradan is\u0259 Avropa \u00f6lk\u0259l\u0259rind\u0259n birin\u0259 miqrasiya etm\u0259k niyy\u0259tind\u0259 olduqlar\u0131 m\u00fc\u0259yy\u0259n edilib.<\/p>\n<p>Fakt \u00fczr\u0259 ara\u015fd\u0131rma t\u0259dbirl\u0259ri davam etdirilir.<\/p>\n","protected":false},"excerpt":{"rendered":"<p>Noyabr\u0131n 21-d\u0259 saat 13:35-d\u0259 Qusar rayonunun Zuxul k\u0259ndi yax\u0131nl\u0131\u011f\u0131nda yerl\u0259\u015f\u0259n s\u0259rh\u0259d zastavas\u0131n\u0131n xidm\u0259ti \u0259razisind\u0259 Pakistan \u0130slam Respublikas\u0131 v\u0259t\u0259nda\u015flar\u0131 1974-c\u00fc il t\u0259v\u0259ll\u00fcdl\u00fc Majeed Abdul Muhammad, 1979-cu il t\u0259v\u0259ll\u00fcdl\u00fc Muhammad Yaseen Ali,&hellip; <\/p>\n","protected":false},"author":30,"featured_media":36623,"comment_status":"open","ping_status":"open","sticky":false,"template":"","format":"standard","meta":{"_mi_skip_tracking":false,"_monsterinsights_sitenote_active":false,"_monsterinsights_sitenote_note":"","_monsterinsights_sitenote_category":0,"footnotes":""},"categories":[4,11,7],"tags":[10671,1129,108,239,143],"aioseo_notices":[],"_links":{"self":[{"href":"https:\/\/infonews.az\/index.php?rest_route=\/wp\/v2\/posts\/36622"}],"collection":[{"href":"https:\/\/infonews.az\/index.php?rest_route=\/wp\/v2\/posts"}],"about":[{"href":"https:\/\/infonews.az\/index.php?rest_route=\/wp\/v2\/types\/post"}],"author":[{"embeddable":true,"href":"https:\/\/infonews.az\/index.php?rest_route=\/wp\/v2\/users\/30"}],"replies":[{"embeddable":true,"href":"https:\/\/infonews.az\/index.php?rest_route=%2Fwp%2Fv2%2Fcomments&post=36622"}],"version-history":[{"count":1,"href":"https:\/\/infonews.az\/index.php?rest_route=\/wp\/v2\/posts\/36622\/revisions"}],"predecessor-version":[{"id":36624,"href":"https:\/\/infonews.az\/index.php?rest_route=\/wp\/v2\/posts\/36622\/revisions\/36624"}],"wp:featuredmedia":[{"embeddable":true,"href":"https:\/\/infonews.az\/index.php?rest_route=\/wp\/v2\/media\/36623"}],"wp:attachment":[{"href":"https:\/\/infonews.az\/index.php?rest_route=%2Fwp%2Fv2%2Fmedia&parent=36622"}],"wp:term":[{"taxonomy":"category","embeddable":true,"href":"https:\/\/infonews.az\/index.php?rest_route=%2Fwp%2Fv2%2Fcategories&post=36622"},{"taxonomy":"post_tag","embeddable":true,"href":"https:\/\/infonews.az\/index.php?rest_route=%2Fwp%2Fv2%2Ftags&post=36622"}],"curies":[{"name":"wp","href":"https:\/\/api.w.org\/{rel}","templated":true}]}}