{"id":3669,"date":"2021-02-02T16:54:24","date_gmt":"2021-02-02T12:54:24","guid":{"rendered":"https:\/\/infonews.az\/?p=3669"},"modified":"2021-02-02T23:25:52","modified_gmt":"2021-02-02T19:25:52","slug":"qalib-az%c9%99rbaycanin-qalib-g%c9%99ncl%c9%99ri-arzu-m%c9%99mm%c9%99dova","status":"publish","type":"post","link":"https:\/\/infonews.az\/?p=3669","title":{"rendered":"QAL\u0130B AZ\u018fRBAYCANIN QAL\u0130B G\u018fNCL\u018fR\u0130 ! &#8211; Arzu M\u0259mm\u0259dova"},"content":{"rendered":"<blockquote><p><strong><span style=\"color: #ffffff;\">QAL\u0130B AZ\u018fRBAYCANIN QAL\u0130B G\u018fNCL\u018fR\u0130 ! &#8211; Arzu M\u0259mm\u0259dova<\/span><br \/>\nAz\u0259rbaycan D\u00f6vl\u0259t \u0130qtisad Universitetinin (UNEC) 24\/7 kitabxanas\u0131n\u0131n m\u00fcdiri Arzu M\u0259mm\u0259dova 2 fevral &#8220;G\u0259ncl\u0259r g\u00fcn\u00fc&#8221; m\u00fcnasib\u0259til\u0259 \u00f6z m\u0259qal\u0259sini <a href=\"https:\/\/infonews.az\/?p=3669\"><span style=\"color: #ff0000;\">&#8220;\u0130NFONEWS&#8221;<\/span><\/a>a t\u0259qdim edib.<\/strong><\/p><\/blockquote>\n<p>G\u0259ncl\u0259r bizim xo\u015fb\u0259xt g\u0259l\u0259c\u0259y\u0259 \u00fcmidimizdir. H\u0259mi\u015f\u0259 d\u0259 bel\u0259 olub. Buna g\u00f6r\u0259 d\u0259 sa\u011flam d\u00fc\u015f\u00fcnc\u0259li v\u0259 savadl\u0131 n\u0259slin yeti\u015fdirilm\u0259si h\u0259r birimiz \u00fc\u00e7\u00fcn \u0259n ba\u015fl\u0131ca m\u0259qs\u0259ddir. \u00c7\u00fcnki \u00f6lk\u0259nin g\u0259l\u0259c\u0259k m\u00fcq\u0259dd\u0259rat\u0131 indiki g\u0259ncl\u0259rd\u0259n as\u0131l\u0131 olacaqd\u0131r. N\u0259sill\u0259r d\u0259yi\u015fir, \u00f6lk\u0259miz inki\u015faf edir, lakin \u0259n\u0259n\u0259l\u0259ri, milli d\u0259y\u0259rl\u0259ri ya\u015fatmaq v\u0259 g\u0259ncl\u0259r\u0259 \u00f6t\u00fcrm\u0259kl\u0259 respublikam\u0131z\u0131n h\u0259rt\u0259r\u0259fli, u\u011furlu inki\u015faf\u0131na biz yaln\u0131z bel\u0259 t\u00f6hf\u0259 ver\u0259 bil\u0259rik.<br \/>\n\u00d6lk\u0259mizin \u00e7i\u00e7\u0259kl\u0259nm\u0259sinin v\u0259 rifah\u0131n\u0131 z\u0259man\u0259ti g\u0259ncl\u0259rin v\u0259t\u0259np\u0259rv\u0259rlik ruhunda t\u0259rbiy\u0259 olunmas\u0131d\u0131r. Bu g\u00fcn q\u00fcrurla dey\u0259 bil\u0259rik ki, m\u00fcasir Az\u0259rbaycan g\u0259ncliyi milli m\u0259n\u0259vi d\u0259y\u0259rl\u0259rimizi, do\u011fma ana dilimizi, ata-babalardan qalan g\u00f6z\u0259l ad\u0259t-<br \/>\n\u0259n\u0259n\u0259l\u0259rimizi g\u00f6z b\u0259b\u0259yi kimi qoruyub ya\u015fad\u0131r. O, \u00f6z h\u0259yat\u0131n\u0131 qurark\u0259n, ilk n\u00f6vb\u0259d\u0259 m\u00fcst\u0259qil Az\u0259rbaycan\u0131n bu g\u00fcn\u00fc v\u0259 g\u0259l\u0259c\u0259yi haqq\u0131nda d\u00fc\u015f\u00fcn\u00fcr, bununla da \u0259m\u0259li f\u0259aliyy\u0259tind\u0259 y\u00fcks\u0259k v\u0259t\u0259nda\u015fl\u0131q hisl\u0259rin\u0259 malik oldu\u011funu n\u00fcmayi\u015f etdirir.<br \/>\n\u0130ftixarla qeyd etm\u0259liyik ki, xalq\u0131m\u0131z bu g\u00fcn\u00fc v\u0259 g\u0259l\u0259c\u0259yin\u0259 g\u00f6r\u0259 ulu \u00f6nd\u0259rimiz Heyd\u0259r \u018fliyev\u0259 borcluyuq. \u00dcmummilli liderimiz h\u0259mi\u015f\u0259 g\u0259ncliyin\u0259 b\u00f6y\u00fck \u00fcmidl\u0259r b\u0259sl\u0259yib v\u0259 \u00e7\u0131x\u0131\u015flar\u0131nda \u201cAz\u0259rbaycan\u0131n g\u0259l\u0259c\u0259yi g\u0259ncl\u0259rin \u0259lind\u0259dir\u201d fikrini d\u0259f\u0259l\u0259rl\u0259 vur\u011fulay\u0131b. H\u0259yat\u0131 boyu ulu \u00f6nd\u0259r sa\u011flam d\u00fc\u015f\u00fcnc\u0259li g\u0259ncliyin, bu d\u00f6vl\u0259t\u0259 sahib dura bil\u0259c\u0259k bir n\u0259slin yeti\u015fm\u0259sin\u0259 x\u00fcsusi \u0259h\u0259miyy\u0259t verib.<br \/>\nM\u0259hz 1996-c\u0131 il fevral\u0131n 2-d\u0259 ke\u00e7iril\u0259n Az\u0259rbaycan G\u0259ncl\u0259rinin I Forumunda Heyd\u0259r \u018fliyev g\u0259ncl\u0259r qar\u015f\u0131s\u0131nda tarixi bir v\u0259zif\u0259 qoyaraq, g\u0259ncl\u0259r\u0259 s\u00f6yl\u0259mi\u015f ki, \u201cH\u0259r bir Az\u0259rbaycan g\u0259nci h\u0259r \u015feyd\u0259n \u00e7ox, h\u0259r \u015feyd\u0259n art\u0131q m\u00fcst\u0259qil Az\u0259rbaycan\u0131n bu g\u00fcn\u00fc, g\u0259l\u0259c\u0259yi haqq\u0131nda d\u00fc\u015f\u00fcnm\u0259lidir\u201d.<br \/>\nUlu \u00f6nd\u0259rin g\u0259ncl\u0259r\u0259 h\u0259r bir t\u00f6vsiy\u0259si onlar\u0131n inki\u015faf\u0131na, \u0259minlikl\u0259 f\u0259aliyy\u0259t g\u00f6st\u0259rm\u0259yin\u0259 t\u0259kan vermi\u015f olub. El\u0259 h\u0259min ill\u0259rd\u0259n bu g\u00fcn\u0259d\u0259k Az\u0259rbaycanda g\u0259ncl\u0259r h\u0259r\u0259kat\u0131n\u0131n v\u00fcs\u0259t almas\u0131na \u015fahid olmu\u015fuq.<\/p>\n<p>Ulu \u00f6nd\u0259rin g\u0259ncl\u0259rl\u0259 ba\u011fl\u0131 imzalad\u0131\u011f\u0131 bir \u00e7ox s\u0259n\u0259dl\u0259r is\u0259 respublikan\u0131n ictimai- siyasi h\u0259yat\u0131nda g\u0259ncl\u0259rin daha f\u0259al i\u015ftirak\u0131 \u00fc\u00e7\u00fcn \u015f\u0259rait yarad\u0131b, g\u0259ncl\u0259r siyas\u0259tinin m\u0259qs\u0259d, prinsip v\u0259 istiqam\u0259tl\u0259rini, t\u0259\u015fkilati-h\u00fcquqi \u0259saslar\u0131n\u0131 m\u00fc\u0259yy\u0259n edib. B\u00fct\u00fcn<br \/>\nbunlar ulu \u00f6nd\u0259r Heyd\u0259r \u018fliyevin g\u0259ncl\u0259r\u0259 b\u00f6y\u00fck qay\u011f\u0131s\u0131n\u0131n bir daha s\u00fcbutudur. \u00dcmummilli lider Heyd\u0259r \u018fliyevin uzaqg\u00f6r\u0259nlikl\u0259 formala\u015fd\u0131rd\u0131\u011f\u0131 g\u0259ncl\u0259r siyas\u0259ti bu g\u00fcn yeni m\u0259rh\u0259l\u0259y\u0259 q\u0259d\u0259m qoyub. Prezident \u0130lham \u018fliyev, Bizinci vitse-<br \/>\nprezident Mehriban \u018fliyevan\u0131n g\u0259ncl\u0259rin yan\u0131nda olmas\u0131, onlar\u0131 d\u0259st\u0259kl\u0259m\u0259si \u00fcmummilli liderin g\u0259ncl\u0259r siyas\u0259tin\u0259 sadiqliyin\u0259 bariz n\u00fcmun\u0259dir.<br \/>\nH\u0259m\u00e7inin Prezident \u0130lham \u018fliyevin 2007-ci ilin \u201cG\u0259ncl\u0259r ili\u201d elan edilm\u0259si il\u0259 ba\u011fl\u0131 S\u0259r\u0259ncam\u0131 g\u0259ncl\u0259rin \u00f6lk\u0259nin ictimai-siyasi v\u0259 m\u0259d\u0259ni h\u0259yat\u0131nda f\u0259all\u0131\u011f\u0131n\u0131n daha da y\u00fcks\u0259lm\u0259sin\u0259 s\u0259b\u0259b oldu. Az\u0259rbaycanda m\u00fcasir g\u0259ncl\u0259r h\u0259r\u0259kat\u0131n\u0131n inki\u015faf\u0131 \u00fc\u00e7\u00fcn d\u00f6vl\u0259t s\u0259viyy\u0259sind\u0259 kifay\u0259t q\u0259d\u0259r i\u015fl\u0259r g\u00f6r\u00fcl\u00fcb, u\u015faq v\u0259 g\u0259ncl\u0259r qeyri-h\u00f6kum\u0259t t\u0259\u015fkilatlar\u0131n\u0131n yarad\u0131lmas\u0131, onlar\u0131n f\u0259aliyy\u0259tl\u0259rinin t\u0259\u015fkili \u00fc\u00e7\u00fcn sa\u011flam m\u00fchit formala\u015fd\u0131l\u0131b v\u0259 h\u00fcquqi baza t\u0259kmill\u0259\u015fdirilib. Bu istiqam\u0259td\u0259 g\u00f6r\u00fcl\u0259n i\u015fl\u0259r s\u0131ras\u0131nda Heyd\u0259r \u018fliyev Fondunun xidm\u0259tl\u0259ri b\u00f6y\u00fck v\u0259 dan\u0131lmazd\u0131r. Az\u0259rbaycan\u0131n Birinci xan\u0131m\u0131, Birinci vitse-prezident, Heyd\u0259r \u018fliyev Fondunun Prezidenti Mehriban \u018fliyeva ulu \u00f6nd\u0259rin \u0259sas\u0131n\u0131 qoydu\u011fu, haz\u0131rda Prezident \u0130lham \u018fliyevin u\u011furla davam etdirdiyi konseptual t\u0259hsil strategiyas\u0131n\u0131n h\u0259yata ke\u00e7irilm\u0259sin\u0259 \u00f6z t\u00f6hf\u0259sini verir.<br \/>\n\u201cH\u0259r bir xalq\u0131n, h\u0259r bir mill\u0259tin, h\u0259r bir \u00f6lk\u0259nin g\u0259ncl\u0259ri onun h\u0259m bu g\u00fcn\u00fcd\u00fcr, h\u0259m d\u0259 sabah\u0131d\u0131r, \u00fcmididir.\u201d<br \/>\nUlu \u00f6nd\u0259r Heyd\u0259r \u018fliyevin bu fikri indi d\u0259 aktuald\u0131r v\u0259 g\u0259ncl\u0259ri Az\u0259rbaycan\u0131n sabah\u0131 namin\u0259 s\u0259f\u0259rb\u0259r edir. Az\u0259rbaycan g\u0259ncl\u0259ri \u00f6lk\u0259mizin d\u0259y\u0259rli v\u0259t\u0259nda\u015flar\u0131 olduqlar\u0131n\u0131 \u00f6z f\u0259aliyy\u0259tl\u0259ri il\u0259 h\u0259r g\u00fcn bir daha s\u00fcbut edirl\u0259r. G\u0259ncl\u0259rin m\u0259hz II Qaraba\u011f M\u00fcharib\u0259sind\u0259, el\u0259c\u0259 d\u0259 haz\u0131rda arxa c\u0259bh\u0259d\u0259 apard\u0131qlar\u0131 m\u00fcbariz\u0259 q\u00fcrurvericidir.<\/p>\n<p>Bu g\u00fcn b\u00f6y\u00fck iftixarla qeyd etm\u0259liyik ki, Qalib Az\u0259rbaycan\u0131n qalib g\u0259ncl\u0259ri \u00f6lk\u0259mizin \u015f\u0259r\u0259fli, z\u0259f\u0259rli v\u0259 m\u00fcr\u0259kk\u0259b bir d\u00f6vr\u00fcn\u00fc ya\u015fay\u0131r. Az\u0259rbaycan\u0131n d\u00f6vl\u0259t m\u00fcst\u0259qilliyinin v\u0259 suverenliyinin qorunub m\u00f6hk\u0259ml\u0259ndirilm\u0259sind\u0259, i\u015f\u011faldan azad edilmi\u015f \u0259razil\u0259rimizin dir\u00e7\u0259li\u015find\u0259, Qaraba\u011f\u0131n quruculuq i\u015fl\u0259rind\u0259, el\u0259c\u0259 d\u0259 post- pandemiya d\u00f6vr\u00fcnd\u0259 \u00f6lk\u0259 iqtisadiyyat\u0131n\u0131n inki\u015fafinda, \u0259halinin sosial probleml\u0259rinin h\u0259llind\u0259, 44 g\u00fcnl\u00fck V\u0259t\u0259n M\u00fcharib\u0259si \u015e\u0259hidl\u0259rinin ail\u0259l\u0259rin\u0259 v\u0259 Qazil\u0259r\u0259 d\u0259st\u0259k v\u0259 yard\u0131m layih\u0259l\u0259rind\u0259, \u0259n \u0259sas\u0131 is\u0259 h\u0259l\u0259 d\u0259 \u201crevan\u015f\u201d arzusu il\u0259 ya\u015fayan d\u00fc\u015fm\u0259nl\u0259rimizin media sava\u011f\u0131nda g\u0259ncl\u0259rimiz\u0259 ehtiyac b\u00f6y\u00fckd\u00fcr.<br \/>\nHaz\u0131rda bu i\u015fl\u0259rin \u00f6hd\u0259sind\u0259n g\u0259ncl\u0259rimiz layiqinc\u0259 g\u0259lir v\u0259 M\u00fcz\u0259ff\u0259r Ali Ba\u015f Komandan, Prezident \u0130lham \u018fliyevin \u0259traf\u0131nda s\u0131x bil\u0259\u015fibl\u0259r ki, bundan sonra da \u00f6z h\u0259yat v\u0259 yarad\u0131c\u0131l\u0131\u011f\u0131n\u0131 xalq\u0131na, V\u0259t\u0259nin\u0259 v\u0259 d\u00f6vl\u0259tin\u0259 h\u0259sr etm\u0259y\u0259 haz\u0131r olduqlar\u0131n\u0131 \u0259m\u0259li f\u0259aliyy\u0259tl\u0259ri il\u0259 s\u00fcbut ed\u0259c\u0259kl\u0259r. Biz d\u0259 h\u0259r zaman g\u0259ncl\u0259rin yan\u0131nday\u0131q v\u0259 onlar\u0131n g\u00f6rd\u00fckl\u0259ri i\u015fl\u0259rd\u0259 bilik, bacar\u0131q v\u0259 t\u0259cr\u00fcb\u0259mizl\u0259 d\u0259st\u0259k olaca\u011f\u0131q.<\/p>\n<p><em><strong>Biz s\u00f6zl\u0259, Az\u0259rbaycan g\u0259ncl\u0259ri b\u00f6y\u00fck q\u00fcvv\u0259dir. Ya\u015fas\u0131n Qalib Az\u0259rbaycan\u0131n Qalib G\u0259ncl\u0259ri!<\/strong><\/em><\/p>\n<p>&nbsp;<\/p>\n<p style=\"text-align: right;\"><strong>Arzu M\u0259mm\u0259dova UNEC K\u0130M 24\/7 kitabxanas\u0131n\u0131n m\u00fcdiri<\/strong><\/p>\n<p><img loading=\"lazy\" decoding=\"async\" class=\"wp-image-3675 aligncenter\" src=\"https:\/\/infonews.az\/wp-content\/uploads\/2021\/02\/WhatsApp-Image-2021-02-02-at-2.00.01-PM-1-829x1024.jpeg\" alt=\"\" width=\"407\" height=\"503\" srcset=\"https:\/\/infonews.az\/wp-content\/uploads\/2021\/02\/WhatsApp-Image-2021-02-02-at-2.00.01-PM-1-829x1024.jpeg 829w, https:\/\/infonews.az\/wp-content\/uploads\/2021\/02\/WhatsApp-Image-2021-02-02-at-2.00.01-PM-1-243x300.jpeg 243w, https:\/\/infonews.az\/wp-content\/uploads\/2021\/02\/WhatsApp-Image-2021-02-02-at-2.00.01-PM-1-768x949.jpeg 768w, https:\/\/infonews.az\/wp-content\/uploads\/2021\/02\/WhatsApp-Image-2021-02-02-at-2.00.01-PM-1.jpeg 1036w\" sizes=\"(max-width: 407px) 100vw, 407px\" \/><\/p>\n","protected":false},"excerpt":{"rendered":"<p>QAL\u0130B AZ\u018fRBAYCANIN QAL\u0130B G\u018fNCL\u018fR\u0130 ! &#8211; Arzu M\u0259mm\u0259dova Az\u0259rbaycan D\u00f6vl\u0259t \u0130qtisad Universitetinin (UNEC) 24\/7 kitabxanas\u0131n\u0131n m\u00fcdiri Arzu M\u0259mm\u0259dova 2 fevral &#8220;G\u0259ncl\u0259r g\u00fcn\u00fc&#8221; m\u00fcnasib\u0259til\u0259 \u00f6z m\u0259qal\u0259sini &#8220;\u0130NFONEWS&#8221;a t\u0259qdim edib. G\u0259ncl\u0259r bizim&hellip; <\/p>\n","protected":false},"author":3,"featured_media":3676,"comment_status":"open","ping_status":"open","sticky":false,"template":"","format":"standard","meta":{"_mi_skip_tracking":false,"_monsterinsights_sitenote_active":false,"_monsterinsights_sitenote_note":"","_monsterinsights_sitenote_category":0,"footnotes":""},"categories":[11,7],"tags":[48,47,974],"aioseo_notices":[],"_links":{"self":[{"href":"https:\/\/infonews.az\/index.php?rest_route=\/wp\/v2\/posts\/3669"}],"collection":[{"href":"https:\/\/infonews.az\/index.php?rest_route=\/wp\/v2\/posts"}],"about":[{"href":"https:\/\/infonews.az\/index.php?rest_route=\/wp\/v2\/types\/post"}],"author":[{"embeddable":true,"href":"https:\/\/infonews.az\/index.php?rest_route=\/wp\/v2\/users\/3"}],"replies":[{"embeddable":true,"href":"https:\/\/infonews.az\/index.php?rest_route=%2Fwp%2Fv2%2Fcomments&post=3669"}],"version-history":[{"count":2,"href":"https:\/\/infonews.az\/index.php?rest_route=\/wp\/v2\/posts\/3669\/revisions"}],"predecessor-version":[{"id":3678,"href":"https:\/\/infonews.az\/index.php?rest_route=\/wp\/v2\/posts\/3669\/revisions\/3678"}],"wp:featuredmedia":[{"embeddable":true,"href":"https:\/\/infonews.az\/index.php?rest_route=\/wp\/v2\/media\/3676"}],"wp:attachment":[{"href":"https:\/\/infonews.az\/index.php?rest_route=%2Fwp%2Fv2%2Fmedia&parent=3669"}],"wp:term":[{"taxonomy":"category","embeddable":true,"href":"https:\/\/infonews.az\/index.php?rest_route=%2Fwp%2Fv2%2Fcategories&post=3669"},{"taxonomy":"post_tag","embeddable":true,"href":"https:\/\/infonews.az\/index.php?rest_route=%2Fwp%2Fv2%2Ftags&post=3669"}],"curies":[{"name":"wp","href":"https:\/\/api.w.org\/{rel}","templated":true}]}}