{"id":3702,"date":"2021-02-03T09:18:24","date_gmt":"2021-02-03T05:18:24","guid":{"rendered":"https:\/\/infonews.az\/?p=3702"},"modified":"2021-02-03T09:18:24","modified_gmt":"2021-02-03T05:18:24","slug":"fransiz-startapi-suni-ur%c9%99k-yaradib","status":"publish","type":"post","link":"https:\/\/infonews.az\/?p=3702","title":{"rendered":"Frans\u0131z startap\u0131 s\u00fcni \u00fcr\u0259k yarad\u0131b"},"content":{"rendered":"<p><img loading=\"lazy\" decoding=\"async\" class=\" wp-image-3703 aligncenter\" src=\"https:\/\/infonews.az\/wp-content\/uploads\/2021\/02\/suniurek2.2.2021_1612285215-300x159.jpg\" alt=\"\" width=\"666\" height=\"353\" srcset=\"https:\/\/infonews.az\/wp-content\/uploads\/2021\/02\/suniurek2.2.2021_1612285215-300x159.jpg 300w, https:\/\/infonews.az\/wp-content\/uploads\/2021\/02\/suniurek2.2.2021_1612285215.jpg 754w\" sizes=\"(max-width: 666px) 100vw, 666px\" \/><\/p>\n<blockquote>\n<h2><em><span style=\"color: #ff0000;\"><b>Fransa klinik s\u0131naqlar\u0131n apar\u0131lmas\u0131 \u00fc\u00e7\u00fcn startapa 15.7 milyon dollar v\u0259sait ay\u0131r\u0131b<\/b><\/span><\/em><\/h2>\n<\/blockquote>\n<h3><span style=\"color: #003366;\">Fransan\u0131n \u201cCarmat\u201d startap\u0131n\u0131n yaratd\u0131\u011f\u0131 yeni layih\u0259 \u00fcr\u0259k \u00e7at\u0131\u015fmazl\u0131\u011f\u0131 olan insanlara k\u00f6m\u0259k ed\u0259c\u0259k.<\/span><\/h3>\n<h3><span style=\"color: #003366;\"><a href=\"https:\/\/infonews.az\/\"><span style=\"color: #ff0000;\">\u0130nfoNews<\/span><\/a> x\u0259b\u0259r verir ki, Fransa istehsal\u0131 olan s\u00fcni \u00fcr\u0259k h\u0259qiqi \u00fcr\u0259yin funksiyalar\u0131n\u0131 imitasiya edir v\u0259 protezd\u0259n, batareyalardan v\u0259 onu idar\u0259 ed\u0259n pultdan ibar\u0259tdir. Protezin \u00f6z\u00fcnd\u0259 qan ax\u0131n\u0131n\u0131 asanla\u015fd\u0131ran d\u00f6rd bioloji klapan, iki m\u0259d\u0259cik, iki mikronasos v\u0259 yeridilmi\u015f dat\u00e7ikl\u0259r vard\u0131r.<\/span><\/h3>\n<h3><span style=\"color: #003366;\">\u015eirk\u0259t bu cihaz\u0131n uzunm\u00fcdd\u0259tli d\u0259st\u0259k ver\u0259 v\u0259 \u00fcr\u0259k n\u0259qli \u0259m\u0259liyyat\u0131ndan \u00f6nc\u0259 istifad\u0259 edil\u0259 bil\u0259c\u0259yini hesab edir. \u201cCarmat\u201d\u0131n ba\u015f direktoru Stefan Pia Avropan\u0131n be\u015f \u00f6lk\u0259sind\u0259 (Fransa, Almaniya, B\u00f6y\u00fck Britaniya, \u0130taliya v\u0259 \u0130spaniya) \u0259n az\u0131 2 min x\u0259st\u0259nin \u00fcr\u0259k transplantasiyas\u0131 \u00fc\u00e7\u00fcn g\u00f6zl\u0259m\u0259 n\u00f6vb\u0259sind\u0259 oldu\u011funu s\u00f6yl\u0259yib. \u015eirk\u0259t \u00fcr\u0259k \u00e7at\u0131\u015fmazl\u0131\u011f\u0131 oldu\u011fu t\u0259qdird\u0259, sa\u011f qalma ehtimal\u0131n\u0131n bir il \u0259rzind\u0259 50%-d\u0259n az oldu\u011funu qeyd edir. B\u00fct\u00fcn d\u00fcnyada 26 milyondan \u00e7ox insan bu x\u0259st\u0259likd\u0259n \u0259ziyy\u0259t \u00e7\u0259kir v\u0259 ild\u0259 yaln\u0131z 5500 x\u0259st\u0259y\u0259 \u00fcr\u0259k transplantasiyas\u0131 \u0259m\u0259liyyat\u0131 ke\u00e7irilir.<\/span><\/h3>\n<h3><span style=\"color: #003366;\">Yeni texnologiya ilk n\u00f6vb\u0259d\u0259 Almaniya v\u0259 Fransa sakinl\u0259ri \u00fc\u00e7\u00fcn \u0259l\u00e7atan olacaq. Cihaz \u201cAeson\u201d ticar\u0259t markas\u0131 alt\u0131nda sat\u0131lacaq. \u00dcr\u0259k \u00e7at\u0131\u015fmazl\u0131\u011f\u0131 x\u0259st\u0259l\u0259rinin 55%-i bu \u00f6lk\u0259l\u0259rd\u0259 ya\u015fay\u0131r.<\/span><\/h3>\n<h3><span style=\"color: #003366;\">\u00dcr\u0259k \u00e7at\u0131\u015fmazl\u0131\u011f\u0131 sindromunun yay\u0131lmas\u0131 koronavirusun yeni n\u00f6v\u00fcn\u00fcn a\u015fkar edilm\u0259sind\u0259n sonra daha da \u015fidd\u0259tl\u0259nib. M\u0259s\u0259l\u0259n, \u0130taliyada Covid-19 n\u0259tic\u0259sind\u0259 \u00f6l\u0259nl\u0259rin \u00fc\u00e7d\u0259 biri m\u00fcxt\u0259lif \u00fcr\u0259k x\u0259st\u0259likl\u0259rind\u0259n \u0259ziyy\u0259t \u00e7\u0259kib.<\/span><\/h3>\n<h3><span style=\"color: #003366;\">2020-ci ilin mart\u0131nda \u201cCarmat\u201d s\u00fcni \u00fcr\u0259k alm\u0131\u015f v\u0259 iki il m\u00fcdd\u0259tind\u0259 n\u0259zar\u0259t alt\u0131nda olmu\u015f x\u0259st\u0259nin n\u0259tic\u0259l\u0259rini a\u00e7\u0131qlay\u0131b v\u0259 bu t\u0259cr\u00fcb\u0259nin u\u011furlu oldu\u011funu bildirib. Fransa 2021-ci ilin ikinci r\u00fcb\u00fcnd\u0259 klinik s\u0131naqlar\u0131n apar\u0131lmas\u0131 \u00fc\u00e7\u00fcn startapa 15.7 milyon dollar v\u0259sait ay\u0131r\u0131b.<\/span><\/h3>\n<h3><span style=\"color: #003366;\">\u201cBloomberg\u201d agentliyi qeyd edir ki, \u201cCarmat\u201d s\u0259hml\u0259ri cihaz\u0131n sat\u0131\u015fa \u00e7\u0131xar\u0131lmas\u0131ndan sonra t\u0259xmin\u0259n 66% \u00a0art\u0131b, kapitalla\u015fmas\u0131 is\u0259 496 milyon dollara \u00e7at\u0131b.<\/span><\/h3>\n<h3><span style=\"color: #003366;\">Sat\u0131\u015flar\u0131n 2021-ci ilin ikinci r\u00fcb\u00fcnd\u0259 ba\u015flayaca\u011f\u0131 bildirilir.<\/span><\/h3>\n<p>&nbsp;<\/p>\n","protected":false},"excerpt":{"rendered":"<p>Fransa klinik s\u0131naqlar\u0131n apar\u0131lmas\u0131 \u00fc\u00e7\u00fcn startapa 15.7 milyon dollar v\u0259sait ay\u0131r\u0131b<br \/>\nFransan\u0131n \u201cCarmat\u201d startap\u0131n\u0131n yaratd\u0131\u011f\u0131 yeni layih\u0259 \u00fcr\u0259k \u00e7at\u0131\u015fmazl\u0131\u011f\u0131 olan insanlara k\u00f6m\u0259k ed\u0259c\u0259k.<br \/>\n\u0130nfoNews x\u0259b\u0259r verir ki, Fransa istehsal\u0131 olan s\u00fcni \u00fcr\u0259k h\u0259qiqi \u00fcr\u0259yin funksiyalar\u0131n\u0131 imitasiya edir v\u0259 protezd\u0259n, batareyalardan v\u0259 onu idar\u0259 ed\u0259n pultdan ibar\u0259tdir. Protezin \u00f6z\u00fcnd\u0259 qan ax\u0131n\u0131n\u0131 asanla\u015fd\u0131ran d\u00f6rd bioloji klapan, iki m\u0259d\u0259cik, iki mikronasos v\u0259 yeridilmi\u015f dat\u00e7ikl\u0259r vard\u0131r.<br \/>\n\u015eirk\u0259t bu cihaz\u0131n uzunm\u00fcdd\u0259tli d\u0259st\u0259k ver\u0259 v\u0259 \u00fcr\u0259k n\u0259qli \u0259m\u0259liyyat\u0131ndan \u00f6nc\u0259 istifad\u0259 edil\u0259 bil\u0259c\u0259yini hesab edir. \u201cCarmat\u201d\u0131n ba\u015f direktoru Stefan Pia Avropan\u0131n be\u015f \u00f6lk\u0259sind\u0259 (Fransa, Almaniya, B\u00f6y\u00fck Britaniya, \u0130taliya v\u0259 \u0130spaniya) \u0259n az\u0131 2 min x\u0259st\u0259nin \u00fcr\u0259k transplantasiyas\u0131 \u00fc\u00e7\u00fcn g\u00f6zl\u0259m\u0259 n\u00f6vb\u0259sind\u0259 oldu\u011funu s\u00f6yl\u0259yib. \u015eirk\u0259t \u00fcr\u0259k \u00e7at\u0131\u015fmazl\u0131\u011f\u0131 oldu\u011fu t\u0259qdird\u0259, sa\u011f qalma ehtimal\u0131n\u0131n bir il \u0259rzind\u0259 50%-d\u0259n az oldu\u011funu qeyd edir. B\u00fct\u00fcn d\u00fcnyada 26 milyondan \u00e7ox insan bu x\u0259st\u0259likd\u0259n \u0259ziyy\u0259t \u00e7\u0259kir v\u0259 ild\u0259 yaln\u0131z 5500 x\u0259st\u0259y\u0259 \u00fcr\u0259k transplantasiyas\u0131 \u0259m\u0259liyyat\u0131 ke\u00e7irilir.<br \/>\nYeni texnologiya ilk n\u00f6vb\u0259d\u0259 Almaniya v\u0259 Fransa sakinl\u0259ri \u00fc\u00e7\u00fcn \u0259l\u00e7atan olacaq. Cihaz \u201cAeson\u201d ticar\u0259t markas\u0131 alt\u0131nda sat\u0131lacaq. \u00dcr\u0259k \u00e7at\u0131\u015fmazl\u0131\u011f\u0131 x\u0259st\u0259l\u0259rinin 55%-i bu \u00f6lk\u0259l\u0259rd\u0259 ya\u015fay\u0131r.<br \/>\n\u00dcr\u0259k \u00e7at\u0131\u015fmazl\u0131\u011f\u0131 sindromunun yay\u0131lmas\u0131 koronavirusun yeni n\u00f6v\u00fcn\u00fcn a\u015fkar edilm\u0259sind\u0259n sonra daha da \u015fidd\u0259tl\u0259nib. M\u0259s\u0259l\u0259n, \u0130taliyada Covid-19 n\u0259tic\u0259sind\u0259 \u00f6l\u0259nl\u0259rin \u00fc\u00e7d\u0259 biri m\u00fcxt\u0259lif \u00fcr\u0259k x\u0259st\u0259likl\u0259rind\u0259n \u0259ziyy\u0259t \u00e7\u0259kib.<br \/>\n2020-ci ilin mart\u0131nda \u201cCarmat\u201d s\u00fcni \u00fcr\u0259k alm\u0131\u015f v\u0259 iki il m\u00fcdd\u0259tind\u0259 n\u0259zar\u0259t alt\u0131nda olmu\u015f x\u0259st\u0259nin n\u0259tic\u0259l\u0259rini a\u00e7\u0131qlay\u0131b v\u0259 bu t\u0259cr\u00fcb\u0259nin u\u011furlu oldu\u011funu bildirib. Fransa 2021-ci ilin ikinci r\u00fcb\u00fcnd\u0259 klinik s\u0131naqlar\u0131n apar\u0131lmas\u0131 \u00fc\u00e7\u00fcn startapa 15.7 milyon dollar v\u0259sait ay\u0131r\u0131b.<br \/>\n\u201cBloomberg\u201d agentliyi qeyd edir ki, \u201cCarmat\u201d s\u0259hml\u0259ri cihaz\u0131n sat\u0131\u015fa \u00e7\u0131xar\u0131lmas\u0131ndan sonra t\u0259xmin\u0259n 66% \u00a0art\u0131b, kapitalla\u015fmas\u0131 is\u0259 496 milyon dollara \u00e7at\u0131b.<br \/>\nSat\u0131\u015flar\u0131n 2021-ci ilin ikinci r\u00fcb\u00fcnd\u0259 ba\u015flayaca\u011f\u0131 bildirilir.<\/p>\n","protected":false},"author":3,"featured_media":3703,"comment_status":"open","ping_status":"open","sticky":false,"template":"","format":"standard","meta":{"_mi_skip_tracking":false,"_monsterinsights_sitenote_active":false,"_monsterinsights_sitenote_note":"","_monsterinsights_sitenote_category":0,"footnotes":""},"categories":[9,8,699,11],"tags":[819,982,983,981],"aioseo_notices":[],"_links":{"self":[{"href":"https:\/\/infonews.az\/index.php?rest_route=\/wp\/v2\/posts\/3702"}],"collection":[{"href":"https:\/\/infonews.az\/index.php?rest_route=\/wp\/v2\/posts"}],"about":[{"href":"https:\/\/infonews.az\/index.php?rest_route=\/wp\/v2\/types\/post"}],"author":[{"embeddable":true,"href":"https:\/\/infonews.az\/index.php?rest_route=\/wp\/v2\/users\/3"}],"replies":[{"embeddable":true,"href":"https:\/\/infonews.az\/index.php?rest_route=%2Fwp%2Fv2%2Fcomments&post=3702"}],"version-history":[{"count":2,"href":"https:\/\/infonews.az\/index.php?rest_route=\/wp\/v2\/posts\/3702\/revisions"}],"predecessor-version":[{"id":3705,"href":"https:\/\/infonews.az\/index.php?rest_route=\/wp\/v2\/posts\/3702\/revisions\/3705"}],"wp:featuredmedia":[{"embeddable":true,"href":"https:\/\/infonews.az\/index.php?rest_route=\/wp\/v2\/media\/3703"}],"wp:attachment":[{"href":"https:\/\/infonews.az\/index.php?rest_route=%2Fwp%2Fv2%2Fmedia&parent=3702"}],"wp:term":[{"taxonomy":"category","embeddable":true,"href":"https:\/\/infonews.az\/index.php?rest_route=%2Fwp%2Fv2%2Fcategories&post=3702"},{"taxonomy":"post_tag","embeddable":true,"href":"https:\/\/infonews.az\/index.php?rest_route=%2Fwp%2Fv2%2Ftags&post=3702"}],"curies":[{"name":"wp","href":"https:\/\/api.w.org\/{rel}","templated":true}]}}