{"id":37036,"date":"2023-11-27T21:44:00","date_gmt":"2023-11-27T17:44:00","guid":{"rendered":"https:\/\/infonews.az\/?p=37036"},"modified":"2023-11-27T21:44:00","modified_gmt":"2023-11-27T17:44:00","slug":"blinken-atet-xin-surasinin-iclasinda-istirak-ed%c9%99c%c9%99k","status":"publish","type":"post","link":"https:\/\/infonews.az\/?p=37036","title":{"rendered":"Blinken AT\u018fT X\u0130N \u015euras\u0131n\u0131n iclas\u0131nda i\u015ftirak ed\u0259c\u0259k"},"content":{"rendered":"<blockquote><p>AB\u015e d\u00f6vl\u0259t katibi Antoni Blinken bu h\u0259ft\u0259 Skopyed\u0259 ke\u00e7iril\u0259c\u0259k AT\u018fT xarici i\u015fl\u0259r nazirl\u0259ri \u015euras\u0131n\u0131n iclas\u0131nda i\u015ftirak ed\u0259c\u0259k.<\/p><\/blockquote>\n<p><a href=\"https:\/\/infonews.az\/\"><strong>\u201c\u0130NFONEWS\u201d<\/strong><\/a> TASS-a istinad\u0259n x\u0259b\u0259r verir ki, bu bar\u0259d\u0259 AB\u015e d\u00f6vl\u0259t katibinin Avropa v\u0259 Avrasiya m\u0259s\u0259l\u0259l\u0259ri \u00fczr\u0259 k\u00f6m\u0259k\u00e7isi Ceyms O&#8217;Brayen bildirib.<\/p>\n<p>\u201cAT\u018fT-\u0259 g\u0259linc\u0259, AB\u015e n\u00fcmay\u0259nd\u0259 hey\u0259tin\u0259 d\u00f6vl\u0259t katibi Blinken ba\u015f\u00e7\u0131l\u0131q ed\u0259c\u0259k\u201d, &#8211; o deyib.<\/p>\n<p>C.O`Brayenin s\u00f6zl\u0259rin\u0259 g\u00f6r\u0259, Amerika diplomatiyas\u0131n\u0131n r\u0259hb\u0259ri \u015eimali Makedoniyaya noyabr\u0131n 29-da NATO-ya \u00fczv \u00f6lk\u0259l\u0259rin xarici i\u015fl\u0259r ba\u015f\u00e7\u0131lar\u0131n\u0131n Br\u00fcssel g\u00f6r\u00fc\u015f\u00fcnd\u0259n d\u0259rhal sonra ged\u0259c\u0259k.<\/p>\n","protected":false},"excerpt":{"rendered":"<p>AB\u015e d\u00f6vl\u0259t katibi Antoni Blinken bu h\u0259ft\u0259 Skopyed\u0259 ke\u00e7iril\u0259c\u0259k AT\u018fT xarici i\u015fl\u0259r nazirl\u0259ri \u015euras\u0131n\u0131n iclas\u0131nda i\u015ftirak ed\u0259c\u0259k. \u201c\u0130NFONEWS\u201d TASS-a istinad\u0259n x\u0259b\u0259r verir ki, bu bar\u0259d\u0259 AB\u015e d\u00f6vl\u0259t katibinin Avropa v\u0259&hellip; <\/p>\n","protected":false},"author":30,"featured_media":37037,"comment_status":"open","ping_status":"open","sticky":false,"template":"","format":"standard","meta":{"_mi_skip_tracking":false,"_monsterinsights_sitenote_active":false,"_monsterinsights_sitenote_note":"","_monsterinsights_sitenote_category":0,"footnotes":""},"categories":[9,6,11],"tags":[8137,153,240],"aioseo_notices":[],"_links":{"self":[{"href":"https:\/\/infonews.az\/index.php?rest_route=\/wp\/v2\/posts\/37036"}],"collection":[{"href":"https:\/\/infonews.az\/index.php?rest_route=\/wp\/v2\/posts"}],"about":[{"href":"https:\/\/infonews.az\/index.php?rest_route=\/wp\/v2\/types\/post"}],"author":[{"embeddable":true,"href":"https:\/\/infonews.az\/index.php?rest_route=\/wp\/v2\/users\/30"}],"replies":[{"embeddable":true,"href":"https:\/\/infonews.az\/index.php?rest_route=%2Fwp%2Fv2%2Fcomments&post=37036"}],"version-history":[{"count":1,"href":"https:\/\/infonews.az\/index.php?rest_route=\/wp\/v2\/posts\/37036\/revisions"}],"predecessor-version":[{"id":37038,"href":"https:\/\/infonews.az\/index.php?rest_route=\/wp\/v2\/posts\/37036\/revisions\/37038"}],"wp:featuredmedia":[{"embeddable":true,"href":"https:\/\/infonews.az\/index.php?rest_route=\/wp\/v2\/media\/37037"}],"wp:attachment":[{"href":"https:\/\/infonews.az\/index.php?rest_route=%2Fwp%2Fv2%2Fmedia&parent=37036"}],"wp:term":[{"taxonomy":"category","embeddable":true,"href":"https:\/\/infonews.az\/index.php?rest_route=%2Fwp%2Fv2%2Fcategories&post=37036"},{"taxonomy":"post_tag","embeddable":true,"href":"https:\/\/infonews.az\/index.php?rest_route=%2Fwp%2Fv2%2Ftags&post=37036"}],"curies":[{"name":"wp","href":"https:\/\/api.w.org\/{rel}","templated":true}]}}