{"id":37143,"date":"2023-11-29T13:29:13","date_gmt":"2023-11-29T09:29:13","guid":{"rendered":"https:\/\/infonews.az\/?p=37143"},"modified":"2023-11-29T13:29:13","modified_gmt":"2023-11-29T09:29:13","slug":"bas-prokurorluq-astarada-isguzar-konfrans-kecirib","status":"publish","type":"post","link":"https:\/\/infonews.az\/?p=37143","title":{"rendered":"Ba\u015f Prokurorluq Astarada i\u015fg\u00fczar konfrans ke\u00e7irib"},"content":{"rendered":"<blockquote><p>Ba\u015f Prokurorluq Astarada i\u015fg\u00fczar konfrans ke\u00e7irib.<\/p><\/blockquote>\n<p>Az\u0259rbaycanda 2023-c\u00fc ilin \u201cHeyd\u0259r \u018fliyev \u0130li\u201d elan edilm\u0259si il\u0259 \u0259laq\u0259dar h\u0259yata ke\u00e7iril\u0259n silsil\u0259 t\u0259dbirl\u0259rin davam\u0131 olaraq noyabr\u0131n 29-da Astara \u015f\u0259h\u0259rind\u0259 Ba\u015f Prokurorluq t\u0259r\u0259find\u0259n \u201cHeyd\u0259r \u018fliyev v\u0259 m\u00fcasir d\u00f6vl\u0259t quruculu\u011fu\u201d adl\u0131 i\u015fg\u00fczar konfrans ke\u00e7irilib.<\/p>\n<p><a href=\"https:\/\/infonews.az\/\"><strong>&#8220;\u0130NFONEWS&#8221;<\/strong><\/a> x\u0259b\u0259r verir ki, konfrans i\u015ftirak\u00e7\u0131lar\u0131 \u0259vv\u0259lc\u0259 \u00fcmummilli lider Heyd\u0259r \u018fliyevin Astara \u015f\u0259h\u0259rinin m\u0259rk\u0259zind\u0259 ucald\u0131lm\u0131\u015f abid\u0259sini, daha sonra is\u0259 Astara \u015e\u0259hidl\u0259r xiyaban\u0131n\u0131 ziyar\u0259t edibl\u0259r.<\/p>\n<p>\u0130\u015ftirak\u00e7\u0131lar Astarada Heyd\u0259r \u018fliyev M\u0259rk\u0259zinin muzey hiss\u0259sind\u0259 Ulu \u00d6nd\u0259rin z\u0259ngin d\u00f6vl\u0259t\u00e7ilik irsini, h\u0259yat v\u0259 f\u0259aliyy\u0259tini \u00f6z\u00fcnd\u0259 \u0259ks etdir\u0259n eksponat v\u0259 fotostendl\u0259rl\u0259 tan\u0131\u015f olub.<\/p>\n<p>Astara rayon M\u0259d\u0259niyy\u0259t M\u0259rk\u0259zind\u0259 t\u0259dbir ba\u015flamazdan \u00f6nc\u0259 Ulu \u00d6nd\u0259r Heyd\u0259r \u018fliyev v\u0259 v\u0259t\u0259nimizin azadl\u0131\u011f\u0131 u\u011frunda canlar\u0131n\u0131 qurban ver\u0259n \u015f\u0259hidl\u0259rimizin \u0259ziz xatir\u0259si konfrans i\u015ftirak\u00e7\u0131lar\u0131 t\u0259r\u0259find\u0259n bir d\u0259qiq\u0259lik s\u00fckutla yad olunub, Az\u0259rbaycan Respublikas\u0131n\u0131n D\u00f6vl\u0259t Himni s\u0259sl\u0259ndirilib.<\/p>\n<p>T\u0259dbird\u0259 \u00e7\u0131x\u0131\u015f ed\u0259n Ba\u015f Prokurorlu\u011fun idar\u0259 r\u0259isi Murad Dada\u015fov m\u00fcasir Az\u0259rbaycan d\u00f6vl\u0259tinin memar\u0131 v\u0259 qurucusu, dahi lider Heyd\u0259r \u018fliyevin m\u00f6vcud iqtisadi inki\u015faf\u0131n v\u0259 h\u0259rt\u0259r\u0259fli t\u0259r\u0259qqinin \u0259ld\u0259 olunmas\u0131ndak\u0131 rolundan b\u0259hs edib. Heyd\u0259r \u018fliyevin m\u00fcasir d\u00f6vl\u0259t quruculu\u011fu siyas\u0259ti bar\u0259d\u0259 dan\u0131\u015fan Murad Dada\u015fov u\u011furlu siyas\u0259tin bu g\u00fcn d\u0259 Az\u0259rbaycan Prezidenti \u0130lham \u018fliyev t\u0259r\u0259find\u0259n davam etdirildiyini qeyd edib.<\/p>\n<p>Astara rayon \u0130cra Hakimiyy\u0259tinin ba\u015f\u00e7\u0131s\u0131 Q\u0259z\u0259nf\u0259r A\u011fayev i\u015fg\u00fczar t\u0259dbirin Astara \u015f\u0259h\u0259rind\u0259 t\u0259\u015fkilind\u0259n m\u0259mnunlu\u011funu ifad\u0259 edib.<\/p>\n<p>Konfransda, h\u0259m\u00e7inin Astara rayon prokuroru \u018fli \u018fliyev, Milli M\u0259clisin deputatlar\u0131 R\u0259\u015fad Mahmudov v\u0259 Ziyaf\u0259t \u018fsg\u0259rov, M\u00fcdafi\u0259 Nazirliyinin M\u0259tbuat Xidm\u0259tinin r\u0259isi Anar Eyvazov v\u0259 dig\u0259rl\u0259ri fenomenal \u015f\u0259xsiyy\u0259t Heyd\u0259r \u018fliyevin g\u0259ncl\u0259r siyas\u0259ti, ordu quruculu\u011fu v\u0259 insan h\u00fcquqlar\u0131na veril\u0259n d\u0259y\u0259r, Ulu \u00d6nd\u0259rin xilaskarl\u0131q missiyas\u0131 v\u0259 z\u0259ngin d\u00f6vl\u0259t\u00e7ilik irsi m\u00f6vzular\u0131nda \u00e7\u0131x\u0131\u015f edibl\u0259r.<\/p>\n<p>Daha sonra d\u00f6vl\u0259t qurumlar\u0131 il\u0259 qeyri-h\u00f6kum\u0259t t\u0259\u015fkilatlar\u0131 v\u0259 b\u00f6lg\u0259 medias\u0131 aras\u0131nda operativ v\u0259 s\u0259m\u0259r\u0259li \u0259m\u0259kda\u015fl\u0131\u011f\u0131n qurulmas\u0131 m\u0259qs\u0259dil\u0259 fikir m\u00fcbadil\u0259si apar\u0131l\u0131b.<\/p>\n<p>Bak\u0131 Media M\u0259rk\u0259zi t\u0259r\u0259find\u0259n \u0259rs\u0259y\u0259 g\u0259tirilmi\u015f, d\u00f6vl\u0259t ba\u015f\u00e7\u0131s\u0131n\u0131n 2003-c\u00fc ild\u0259n ba\u015flayaraq y\u00fcr\u00fctd\u00fcy\u00fc m\u0259qs\u0259dy\u00f6nl\u00fc siyas\u0259t v\u0259 n\u0259tic\u0259d\u0259 torpaqlar\u0131m\u0131z\u0131n i\u015f\u011faldan azad olunmas\u0131 il\u0259 ba\u011fl\u0131 tarixi missiyas\u0131na h\u0259sr olunmu\u015f &#8220;\u0130lham&#8221; s\u0259n\u0259dli filmi n\u00fcmayi\u015f etdirilib.<\/p>\n","protected":false},"excerpt":{"rendered":"<p>Ba\u015f Prokurorluq Astarada i\u015fg\u00fczar konfrans ke\u00e7irib. Az\u0259rbaycanda 2023-c\u00fc ilin \u201cHeyd\u0259r \u018fliyev \u0130li\u201d elan edilm\u0259si il\u0259 \u0259laq\u0259dar h\u0259yata ke\u00e7iril\u0259n silsil\u0259 t\u0259dbirl\u0259rin davam\u0131 olaraq noyabr\u0131n 29-da Astara \u015f\u0259h\u0259rind\u0259 Ba\u015f Prokurorluq t\u0259r\u0259find\u0259n \u201cHeyd\u0259r&hellip; <\/p>\n","protected":false},"author":30,"featured_media":37144,"comment_status":"open","ping_status":"open","sticky":false,"template":"","format":"standard","meta":{"_mi_skip_tracking":false,"_monsterinsights_sitenote_active":false,"_monsterinsights_sitenote_note":"","_monsterinsights_sitenote_category":0,"footnotes":""},"categories":[10170,11],"tags":[296,8061,11690,4470],"aioseo_notices":[],"_links":{"self":[{"href":"https:\/\/infonews.az\/index.php?rest_route=\/wp\/v2\/posts\/37143"}],"collection":[{"href":"https:\/\/infonews.az\/index.php?rest_route=\/wp\/v2\/posts"}],"about":[{"href":"https:\/\/infonews.az\/index.php?rest_route=\/wp\/v2\/types\/post"}],"author":[{"embeddable":true,"href":"https:\/\/infonews.az\/index.php?rest_route=\/wp\/v2\/users\/30"}],"replies":[{"embeddable":true,"href":"https:\/\/infonews.az\/index.php?rest_route=%2Fwp%2Fv2%2Fcomments&post=37143"}],"version-history":[{"count":1,"href":"https:\/\/infonews.az\/index.php?rest_route=\/wp\/v2\/posts\/37143\/revisions"}],"predecessor-version":[{"id":37145,"href":"https:\/\/infonews.az\/index.php?rest_route=\/wp\/v2\/posts\/37143\/revisions\/37145"}],"wp:featuredmedia":[{"embeddable":true,"href":"https:\/\/infonews.az\/index.php?rest_route=\/wp\/v2\/media\/37144"}],"wp:attachment":[{"href":"https:\/\/infonews.az\/index.php?rest_route=%2Fwp%2Fv2%2Fmedia&parent=37143"}],"wp:term":[{"taxonomy":"category","embeddable":true,"href":"https:\/\/infonews.az\/index.php?rest_route=%2Fwp%2Fv2%2Fcategories&post=37143"},{"taxonomy":"post_tag","embeddable":true,"href":"https:\/\/infonews.az\/index.php?rest_route=%2Fwp%2Fv2%2Ftags&post=37143"}],"curies":[{"name":"wp","href":"https:\/\/api.w.org\/{rel}","templated":true}]}}