{"id":37146,"date":"2023-11-29T13:34:47","date_gmt":"2023-11-29T09:34:47","guid":{"rendered":"https:\/\/infonews.az\/?p=37146"},"modified":"2023-11-29T13:34:47","modified_gmt":"2023-11-29T09:34:47","slug":"amea-nin-iki-institutunun-adi-d%c9%99yisdirilir-regional-bolm%c9%99l%c9%99r%c9%99-s%c9%99drl%c9%99r-secilib","status":"publish","type":"post","link":"https:\/\/infonews.az\/?p=37146","title":{"rendered":"AMEA-n\u0131n iki institutunun ad\u0131 d\u0259yi\u015fdirilir, regional b\u00f6lm\u0259l\u0259r\u0259 s\u0259drl\u0259r se\u00e7ilib"},"content":{"rendered":"<blockquote><p>AMEA-n\u0131n iki institutunun ad\u0131 d\u0259yi\u015fdirilir, regional b\u00f6lm\u0259l\u0259r\u0259 s\u0259drl\u0259r se\u00e7ilib.<\/p><\/blockquote>\n<p>Az\u0259rbaycan Milli Elml\u0259r Akademiyas\u0131n\u0131n (AMEA) iki institutunun ad\u0131 d\u0259yi\u015fdirilir.<\/p>\n<p><a href=\"https:\/\/infonews.az\/\"><strong>&#8220;\u0130NFONEWS&#8221;<\/strong><\/a> x\u0259b\u0259r verir ki, bununla ba\u011fl\u0131 m\u0259s\u0259l\u0259 Akademiyan\u0131n bu g\u00fcn ke\u00e7iril\u0259n \u00fcmumi y\u0131\u011f\u0131nca\u011f\u0131nda qald\u0131r\u0131l\u0131b.<\/p>\n<p>Bel\u0259 ki, \u00fcmumi y\u0131\u011f\u0131ncaq AMEA-n\u0131n Arxeologiya, Etnoqrafiya v\u0259 Antropologiya \u0130nstitutunun AMEA-n\u0131n Arxeologiya v\u0259 Antropologiya \u0130nstitutu adland\u0131r\u0131lmas\u0131, AMEA-n\u0131n Abbasqulu A\u011fa Bak\u0131xanov ad\u0131na Tarix \u0130nstitutunun is\u0259 AMEA-n\u0131n Abbasqulu A\u011fa Bak\u0131xanov ad\u0131na Tarix v\u0259 Etnologiya \u0130nstitutu adland\u0131r\u0131lmas\u0131 haqq\u0131nda Nazirl\u0259r Kabineti qar\u015f\u0131s\u0131nda v\u0259sat\u0259t qald\u0131r\u0131b.<\/p>\n<p>\u00dcmumi y\u0131\u011f\u0131ncaqda AMEA-n\u0131n regional elmi b\u00f6lm\u0259l\u0259rinin s\u0259dri v\u0259zif\u0259sin\u0259 se\u00e7kil\u0259r d\u0259 ke\u00e7irilib. Se\u00e7kil\u0259rin n\u0259tic\u0259sin\u0259 \u0259sas\u0259n, akademik \u0130smay\u0131l Hac\u0131yev AMEA-n\u0131n Nax\u00e7\u0131van B\u00f6lm\u0259sinin, akademik Fuad \u018fliyev is\u0259 AMEA-n\u0131n G\u0259nc\u0259 B\u00f6lm\u0259sinin s\u0259dri v\u0259zif\u0259sin\u0259 se\u00e7ilibl\u0259r.<\/p>\n","protected":false},"excerpt":{"rendered":"<p>AMEA-n\u0131n iki institutunun ad\u0131 d\u0259yi\u015fdirilir, regional b\u00f6lm\u0259l\u0259r\u0259 s\u0259drl\u0259r se\u00e7ilib. Az\u0259rbaycan Milli Elml\u0259r Akademiyas\u0131n\u0131n (AMEA) iki institutunun ad\u0131 d\u0259yi\u015fdirilir. &#8220;\u0130NFONEWS&#8221; x\u0259b\u0259r verir ki, bununla ba\u011fl\u0131 m\u0259s\u0259l\u0259 Akademiyan\u0131n bu g\u00fcn ke\u00e7iril\u0259n \u00fcmumi&hellip; <\/p>\n","protected":false},"author":30,"featured_media":37147,"comment_status":"open","ping_status":"open","sticky":false,"template":"","format":"standard","meta":{"_mi_skip_tracking":false,"_monsterinsights_sitenote_active":false,"_monsterinsights_sitenote_note":"","_monsterinsights_sitenote_category":0,"footnotes":""},"categories":[11,3],"tags":[11692,938,11691],"aioseo_notices":[],"_links":{"self":[{"href":"https:\/\/infonews.az\/index.php?rest_route=\/wp\/v2\/posts\/37146"}],"collection":[{"href":"https:\/\/infonews.az\/index.php?rest_route=\/wp\/v2\/posts"}],"about":[{"href":"https:\/\/infonews.az\/index.php?rest_route=\/wp\/v2\/types\/post"}],"author":[{"embeddable":true,"href":"https:\/\/infonews.az\/index.php?rest_route=\/wp\/v2\/users\/30"}],"replies":[{"embeddable":true,"href":"https:\/\/infonews.az\/index.php?rest_route=%2Fwp%2Fv2%2Fcomments&post=37146"}],"version-history":[{"count":1,"href":"https:\/\/infonews.az\/index.php?rest_route=\/wp\/v2\/posts\/37146\/revisions"}],"predecessor-version":[{"id":37148,"href":"https:\/\/infonews.az\/index.php?rest_route=\/wp\/v2\/posts\/37146\/revisions\/37148"}],"wp:featuredmedia":[{"embeddable":true,"href":"https:\/\/infonews.az\/index.php?rest_route=\/wp\/v2\/media\/37147"}],"wp:attachment":[{"href":"https:\/\/infonews.az\/index.php?rest_route=%2Fwp%2Fv2%2Fmedia&parent=37146"}],"wp:term":[{"taxonomy":"category","embeddable":true,"href":"https:\/\/infonews.az\/index.php?rest_route=%2Fwp%2Fv2%2Fcategories&post=37146"},{"taxonomy":"post_tag","embeddable":true,"href":"https:\/\/infonews.az\/index.php?rest_route=%2Fwp%2Fv2%2Ftags&post=37146"}],"curies":[{"name":"wp","href":"https:\/\/api.w.org\/{rel}","templated":true}]}}