{"id":37149,"date":"2023-11-29T13:42:10","date_gmt":"2023-11-29T09:42:10","guid":{"rendered":"https:\/\/infonews.az\/?p=37149"},"modified":"2023-11-29T13:51:36","modified_gmt":"2023-11-29T09:51:36","slug":"elm-v%c9%99-t%c9%99hsil-naziri-qarabag-universitetinin-yaradilmasindan-danisib","status":"publish","type":"post","link":"https:\/\/infonews.az\/?p=37149","title":{"rendered":"Elm v\u0259 t\u0259hsil naziri Qaraba\u011f Universitetinin yarad\u0131lmas\u0131ndan dan\u0131\u015f\u0131b"},"content":{"rendered":"<blockquote><p>Elm v\u0259 t\u0259hsil naziri Qaraba\u011f Universitetinin yarad\u0131lmas\u0131ndan dan\u0131\u015f\u0131b.<\/p><\/blockquote>\n<p>&#8220;Qaraba\u011f Universiteti g\u00f6zl\u0259diyimiz elm-t\u0259dqiqat oca\u011f\u0131 olacaq. H\u0259r \u015feyi yenid\u0259n v\u0259 d\u00fcz qurmaq imkan\u0131m\u0131z olacaq&#8221;.<\/p>\n<p><a href=\"https:\/\/infonews.az\/\"><strong>&#8220;\u0130NFONEWS&#8221;<\/strong><\/a> x\u0259b\u0259r verir ki, bu fikirl\u0259ri elm v\u0259 t\u0259hsil naziri Emin \u018fmrullayev AMEA-n\u0131n bu g\u00fcn ke\u00e7iril\u0259n \u00fcmumi y\u0131\u011f\u0131nca\u011f\u0131nda \u00e7\u0131x\u0131\u015f\u0131 zaman\u0131 deyib.<\/p>\n<p>Onun s\u00f6zl\u0259rin\u0259 g\u00f6r\u0259, h\u0259min universitetin timsal\u0131nda elm v\u0259 ali t\u0259hsilin inteqrasiyas\u0131 daha yax\u015f\u0131 qurulacaq: &#8220;Ancaq \u015f\u0259xsi maraqlarn b\u00f6y\u00fck elmi maraqlar\u0131 \u00fcst\u0259l\u0259m\u0259m\u0259sin\u0259 \u00e7al\u0131\u015fmaq laz\u0131md\u0131r. \u018fmin\u0259m ki, bunu ed\u0259 bil\u0259c\u0259yik. Bir g\u00fcn\u0259 universitet yaratmaq m\u00fcmk\u00fcn deyil. Ancaq inanmaq ist\u0259yirik ki, 2024-c\u00fc ilin sentyabr ay\u0131nda t\u0259l\u0259b\u0259l\u0259ri, t\u0259dqiqat\u00e7\u0131lar\u0131, g\u0259nc aliml\u0259ri orada g\u00f6rm\u0259k imkan\u0131m\u0131z olacaq. \u00dcmumilikd\u0259 h\u0259min universitetd\u0259 b\u00fct\u00fcn m\u00fcmk\u00fcn resurslardan istifad\u0259 ed\u0259c\u0259yik. Elm sah\u0259si \u00fczr\u0259 f\u0259aliyy\u0259tin d\u00fcr\u00fcstl\u00fck prinsipi \u0259sas\u0131nda izl\u0259nilm\u0259si \u00fc\u00e7\u00fcn \u0259limizd\u0259n g\u0259l\u0259ni ed\u0259c\u0259yik&#8221;.<\/p>\n<p>Qeyd ed\u0259k ki, noyabr\u0131n 28-d\u0259 Az\u0259rbaycan Prezidenti \u0130lham \u018fliyev Xank\u0259ndid\u0259 Qaraba\u011f Universitetinin yarad\u0131lmas\u0131 bar\u0259d\u0259 S\u0259r\u0259ncam imzalay\u0131b.<\/p>\n","protected":false},"excerpt":{"rendered":"<p>Elm v\u0259 t\u0259hsil naziri Qaraba\u011f Universitetinin yarad\u0131lmas\u0131ndan dan\u0131\u015f\u0131b. &#8220;Qaraba\u011f Universiteti g\u00f6zl\u0259diyimiz elm-t\u0259dqiqat oca\u011f\u0131 olacaq. H\u0259r \u015feyi yenid\u0259n v\u0259 d\u00fcz qurmaq imkan\u0131m\u0131z olacaq&#8221;. &#8220;\u0130NFONEWS&#8221; x\u0259b\u0259r verir ki, bu fikirl\u0259ri elm v\u0259&hellip; <\/p>\n","protected":false},"author":30,"featured_media":37155,"comment_status":"open","ping_status":"open","sticky":false,"template":"","format":"standard","meta":{"_mi_skip_tracking":false,"_monsterinsights_sitenote_active":false,"_monsterinsights_sitenote_note":"","_monsterinsights_sitenote_category":0,"footnotes":""},"categories":[11,3],"tags":[9260,657,11693],"aioseo_notices":[],"_links":{"self":[{"href":"https:\/\/infonews.az\/index.php?rest_route=\/wp\/v2\/posts\/37149"}],"collection":[{"href":"https:\/\/infonews.az\/index.php?rest_route=\/wp\/v2\/posts"}],"about":[{"href":"https:\/\/infonews.az\/index.php?rest_route=\/wp\/v2\/types\/post"}],"author":[{"embeddable":true,"href":"https:\/\/infonews.az\/index.php?rest_route=\/wp\/v2\/users\/30"}],"replies":[{"embeddable":true,"href":"https:\/\/infonews.az\/index.php?rest_route=%2Fwp%2Fv2%2Fcomments&post=37149"}],"version-history":[{"count":1,"href":"https:\/\/infonews.az\/index.php?rest_route=\/wp\/v2\/posts\/37149\/revisions"}],"predecessor-version":[{"id":37151,"href":"https:\/\/infonews.az\/index.php?rest_route=\/wp\/v2\/posts\/37149\/revisions\/37151"}],"wp:featuredmedia":[{"embeddable":true,"href":"https:\/\/infonews.az\/index.php?rest_route=\/wp\/v2\/media\/37155"}],"wp:attachment":[{"href":"https:\/\/infonews.az\/index.php?rest_route=%2Fwp%2Fv2%2Fmedia&parent=37149"}],"wp:term":[{"taxonomy":"category","embeddable":true,"href":"https:\/\/infonews.az\/index.php?rest_route=%2Fwp%2Fv2%2Fcategories&post=37149"},{"taxonomy":"post_tag","embeddable":true,"href":"https:\/\/infonews.az\/index.php?rest_route=%2Fwp%2Fv2%2Ftags&post=37149"}],"curies":[{"name":"wp","href":"https:\/\/api.w.org\/{rel}","templated":true}]}}