{"id":37161,"date":"2023-11-29T14:14:20","date_gmt":"2023-11-29T10:14:20","guid":{"rendered":"https:\/\/infonews.az\/?p=37161"},"modified":"2023-11-29T14:14:20","modified_gmt":"2023-11-29T10:14:20","slug":"suqovusan-k%c9%99lb%c9%99c%c9%99r-agd%c9%99r%c9%99-agdam-avtomobil-yolu-yenid%c9%99n-b%c9%99rpa-olunur","status":"publish","type":"post","link":"https:\/\/infonews.az\/?p=37161","title":{"rendered":"Suqovu\u015fan-K\u0259lb\u0259c\u0259r-A\u011fd\u0259r\u0259-A\u011fdam avtomobil yolu yenid\u0259n b\u0259rpa olunur"},"content":{"rendered":"<blockquote><p>Suqovu\u015fan-K\u0259lb\u0259c\u0259r-A\u011fd\u0259r\u0259-A\u011fdam avtomobil yolu yenid\u0259n b\u0259rpa olunur.<\/p><\/blockquote>\n<p>Suqovu\u015fan-K\u0259lb\u0259c\u0259r-A\u011fd\u0259r\u0259-A\u011fdam avtomobil yolu yenid\u0259n qurularaq b\u0259rpa olunur.<\/p>\n<p><a href=\"https:\/\/infonews.az\/\"><strong>&#8220;\u0130NFONEWS&#8221;<\/strong><\/a> x\u0259b\u0259r verir ki, Prezident \u0130lham \u018fliyev bununla ba\u011fl\u0131 S\u0259r\u0259ncam imzalay\u0131b.<\/p>\n<p>S\u0259r\u0259ncama \u0259sas\u0259n, otuz \u00fc\u00e7 kilometr uzunlu\u011fu olan Suqovu\u015fan-K\u0259lb\u0259c\u0259r (9 km)-A\u011fd\u0259r\u0259-A\u011fdam avtomobil yolunun yenid\u0259n qurulmas\u0131 m\u0259qs\u0259dil\u0259 Az\u0259rbaycan Respublikas\u0131 Prezidentinin 2023-c\u00fc il 23 yanvar tarixli 3720 n\u00f6mr\u0259li S\u0259r\u0259ncam\u0131 il\u0259 t\u0259sdiq edilmi\u015f \u201cAz\u0259rbaycan Respublikas\u0131n\u0131n 2023-c\u00fc il d\u00f6vl\u0259t b\u00fcdc\u0259sind\u0259 d\u00f6vl\u0259t \u0259sasl\u0131 v\u0259sait qoyulu\u015fu (investisiya x\u0259rcl\u0259ri) \u00fc\u00e7\u00fcn n\u0259z\u0259rd\u0259 tutulan v\u0259saitin b\u00f6lg\u00fcs\u00fc\u201dn\u00fcn 1.31.25-ci yar\u0131mb\u0259ndind\u0259 g\u00f6st\u0259rilmi\u015f m\u0259bl\u0259\u011fin 4,5 milyon manat\u0131 Az\u0259rbaycan Avtomobil Yollar\u0131 D\u00f6vl\u0259t Agentliyin\u0259 ayr\u0131l\u0131r.<\/p>\n","protected":false},"excerpt":{"rendered":"<p>Suqovu\u015fan-K\u0259lb\u0259c\u0259r-A\u011fd\u0259r\u0259-A\u011fdam avtomobil yolu yenid\u0259n b\u0259rpa olunur. Suqovu\u015fan-K\u0259lb\u0259c\u0259r-A\u011fd\u0259r\u0259-A\u011fdam avtomobil yolu yenid\u0259n qurularaq b\u0259rpa olunur. &#8220;\u0130NFONEWS&#8221; x\u0259b\u0259r verir ki, Prezident \u0130lham \u018fliyev bununla ba\u011fl\u0131 S\u0259r\u0259ncam imzalay\u0131b. S\u0259r\u0259ncama \u0259sas\u0259n, otuz \u00fc\u00e7 kilometr uzunlu\u011fu&hellip; <\/p>\n","protected":false},"author":30,"featured_media":37162,"comment_status":"open","ping_status":"open","sticky":false,"template":"","format":"standard","meta":{"_mi_skip_tracking":false,"_monsterinsights_sitenote_active":false,"_monsterinsights_sitenote_note":"","_monsterinsights_sitenote_category":0,"footnotes":""},"categories":[10170,11],"tags":[324,11511,11695,77,67],"aioseo_notices":[],"_links":{"self":[{"href":"https:\/\/infonews.az\/index.php?rest_route=\/wp\/v2\/posts\/37161"}],"collection":[{"href":"https:\/\/infonews.az\/index.php?rest_route=\/wp\/v2\/posts"}],"about":[{"href":"https:\/\/infonews.az\/index.php?rest_route=\/wp\/v2\/types\/post"}],"author":[{"embeddable":true,"href":"https:\/\/infonews.az\/index.php?rest_route=\/wp\/v2\/users\/30"}],"replies":[{"embeddable":true,"href":"https:\/\/infonews.az\/index.php?rest_route=%2Fwp%2Fv2%2Fcomments&post=37161"}],"version-history":[{"count":1,"href":"https:\/\/infonews.az\/index.php?rest_route=\/wp\/v2\/posts\/37161\/revisions"}],"predecessor-version":[{"id":37163,"href":"https:\/\/infonews.az\/index.php?rest_route=\/wp\/v2\/posts\/37161\/revisions\/37163"}],"wp:featuredmedia":[{"embeddable":true,"href":"https:\/\/infonews.az\/index.php?rest_route=\/wp\/v2\/media\/37162"}],"wp:attachment":[{"href":"https:\/\/infonews.az\/index.php?rest_route=%2Fwp%2Fv2%2Fmedia&parent=37161"}],"wp:term":[{"taxonomy":"category","embeddable":true,"href":"https:\/\/infonews.az\/index.php?rest_route=%2Fwp%2Fv2%2Fcategories&post=37161"},{"taxonomy":"post_tag","embeddable":true,"href":"https:\/\/infonews.az\/index.php?rest_route=%2Fwp%2Fv2%2Ftags&post=37161"}],"curies":[{"name":"wp","href":"https:\/\/api.w.org\/{rel}","templated":true}]}}