{"id":37374,"date":"2023-12-03T16:29:40","date_gmt":"2023-12-03T12:29:40","guid":{"rendered":"https:\/\/infonews.az\/?p=37374"},"modified":"2023-12-03T16:29:40","modified_gmt":"2023-12-03T12:29:40","slug":"parisd%c9%99ki-hucumla-bagli-istintaq-baslayib","status":"publish","type":"post","link":"https:\/\/infonews.az\/?p=37374","title":{"rendered":"Parisd\u0259ki h\u00fccumla ba\u011fl\u0131 istintaq ba\u015flay\u0131b"},"content":{"rendered":"<blockquote><p>Parisd\u0259ki h\u00fccumla ba\u011fl\u0131 istintaq ba\u015flay\u0131b.<\/p><\/blockquote>\n<p>Fransa Prokurorlu\u011funun Milli Terrorla M\u00fcbariz\u0259 \u0130dar\u0259si Parisin 15-ci rayonundak\u0131 h\u00fccumla ba\u011fl\u0131 istintaqa ba\u015flay\u0131b.<\/p>\n<p><a href=\"https:\/\/report.az\/diger-olkeler\/fransa-prokurorlugu-parisdeki-hucumla-bagli-istintaqa-baslayib\/\" target=\"_blank\" rel=\"noopener\">\u201cReport\u201d<\/a>\u00a0x\u0259b\u0259r verir ki, bu bar\u0259d\u0259 AFP m\u0259lumat yay\u0131b.<\/p>\n<p>Terror f\u0259aliyy\u0259ti il\u0259 ba\u011fl\u0131 adam \u00f6ld\u00fcrm\u0259 v\u0259 adam \u00f6ld\u00fcrm\u0259y\u0259 c\u0259hd madd\u0259l\u0259ri il\u0259 cinay\u0259t i\u015fi a\u00e7\u0131l\u0131b.<\/p>\n<p>Qeyd ed\u0259k ki, h\u00fccumu dekabr\u0131n 2-d\u0259 \u0130ran \u0259silli 26 ya\u015fl\u0131 frans\u0131z Arman Rajabpur-Miyandoab h\u0259yata ke\u00e7irib. Onun qurban\u0131 b\u0131\u00e7aq yaras\u0131ndan \u00f6l\u0259n 24 ya\u015fl\u0131 alman\u0259silli filippinli turist olub. Bundan \u0259lav\u0259, h\u00fccum\u00e7u yoldan ke\u00e7\u0259n dig\u0259r iki n\u0259f\u0259r\u0259 \u00e7\u0259kicl\u0259 h\u00fccum edib, onlar\u0131n aras\u0131nda B\u00f6y\u00fck Britaniyadan olan turist d\u0259 var. Hadis\u0259d\u0259n az sonra cinay\u0259tkar saxlan\u0131laraq n\u0259zar\u0259t\u0259 g\u00f6t\u00fcr\u00fcl\u00fcb.<\/p>\n<p>Daha \u0259vv\u0259l Fransan\u0131n daxili i\u015fl\u0259r naziri Gerald Darmanin h\u00fccum\u00e7unun psixiatrik x\u0259st\u0259xanada m\u00fcalic\u0259 olundu\u011funu bildirib.<\/p>\n","protected":false},"excerpt":{"rendered":"<p>Parisd\u0259ki h\u00fccumla ba\u011fl\u0131 istintaq ba\u015flay\u0131b. Fransa Prokurorlu\u011funun Milli Terrorla M\u00fcbariz\u0259 \u0130dar\u0259si Parisin 15-ci rayonundak\u0131 h\u00fccumla ba\u011fl\u0131 istintaqa ba\u015flay\u0131b. \u201cReport\u201d\u00a0x\u0259b\u0259r verir ki, bu bar\u0259d\u0259 AFP m\u0259lumat yay\u0131b. Terror f\u0259aliyy\u0259ti il\u0259 ba\u011fl\u0131&hellip; <\/p>\n","protected":false},"author":30,"featured_media":37375,"comment_status":"open","ping_status":"open","sticky":false,"template":"","format":"standard","meta":{"_mi_skip_tracking":false,"_monsterinsights_sitenote_active":false,"_monsterinsights_sitenote_note":"","_monsterinsights_sitenote_category":0,"footnotes":""},"categories":[6,11],"tags":[11768,11769,819,74],"aioseo_notices":[],"_links":{"self":[{"href":"https:\/\/infonews.az\/index.php?rest_route=\/wp\/v2\/posts\/37374"}],"collection":[{"href":"https:\/\/infonews.az\/index.php?rest_route=\/wp\/v2\/posts"}],"about":[{"href":"https:\/\/infonews.az\/index.php?rest_route=\/wp\/v2\/types\/post"}],"author":[{"embeddable":true,"href":"https:\/\/infonews.az\/index.php?rest_route=\/wp\/v2\/users\/30"}],"replies":[{"embeddable":true,"href":"https:\/\/infonews.az\/index.php?rest_route=%2Fwp%2Fv2%2Fcomments&post=37374"}],"version-history":[{"count":1,"href":"https:\/\/infonews.az\/index.php?rest_route=\/wp\/v2\/posts\/37374\/revisions"}],"predecessor-version":[{"id":37376,"href":"https:\/\/infonews.az\/index.php?rest_route=\/wp\/v2\/posts\/37374\/revisions\/37376"}],"wp:featuredmedia":[{"embeddable":true,"href":"https:\/\/infonews.az\/index.php?rest_route=\/wp\/v2\/media\/37375"}],"wp:attachment":[{"href":"https:\/\/infonews.az\/index.php?rest_route=%2Fwp%2Fv2%2Fmedia&parent=37374"}],"wp:term":[{"taxonomy":"category","embeddable":true,"href":"https:\/\/infonews.az\/index.php?rest_route=%2Fwp%2Fv2%2Fcategories&post=37374"},{"taxonomy":"post_tag","embeddable":true,"href":"https:\/\/infonews.az\/index.php?rest_route=%2Fwp%2Fv2%2Ftags&post=37374"}],"curies":[{"name":"wp","href":"https:\/\/api.w.org\/{rel}","templated":true}]}}