{"id":37399,"date":"2023-12-03T17:16:27","date_gmt":"2023-12-03T13:16:27","guid":{"rendered":"https:\/\/infonews.az\/?p=37399"},"modified":"2023-12-03T17:16:27","modified_gmt":"2023-12-03T13:16:27","slug":"icma-bmt-nin-xususi-m%c9%99ruz%c9%99cisi-kobud-s%c9%99hvini-duz%c9%99ltm%c9%99lidir","status":"publish","type":"post","link":"https:\/\/infonews.az\/?p=37399","title":{"rendered":"\u0130cma: \u201cBMT-nin x\u00fcsusi m\u0259ruz\u0259\u00e7isi kobud s\u0259hvini d\u00fcz\u0259ltm\u0259lidir\u201d"},"content":{"rendered":"<blockquote><p>\u201cBMT-nin m\u0259d\u0259ni h\u00fcquqlar \u00fczr\u0259 x\u00fcsusi m\u0259ruz\u0259\u00e7isi Aleksandra Xantaki guya \u201cQaraba\u011fda erm\u0259ni m\u0259d\u0259ni irsinin da\u011f\u0131d\u0131lmas\u0131\u201d bar\u0259d\u0259 c\u0259f\u0259ng iddialarla \u00e7\u0131x\u0131\u015f edib\u201d.<\/p><\/blockquote>\n<p><a href=\"https:\/\/infonews.az\/\"><strong>&#8220;\u0130NFONEWS&#8221;<\/strong> <\/a>x\u0259b\u0259r verir ki, bu bar\u0259d\u0259 Q\u0259rbi Az\u0259rbaycan \u0130cmas\u0131n\u0131n b\u0259yanat\u0131nda qeyd olunub.<\/p>\n<p>\u201c\u0130lk \u00f6nc\u0259 vur\u011fulamaq ist\u0259rdik ki, x\u00fcsusi m\u0259ruz\u0259\u00e7inin m\u0259ktubunun ba\u015fdan-ba\u015fa anti-Az\u0259rbaycan xarakter da\u015f\u0131yan m\u0259zmunu, tonu v\u0259 erm\u0259ni diplomatlar\u0131n\u0131n d\u0259rhal onu sevincl\u0259 payla\u015fmas\u0131 m\u0259ktubun Erm\u0259nistan Xarici \u0130\u015fl\u0259r Nazirliyind\u0259 yaz\u0131ld\u0131\u011f\u0131n\u0131 dem\u0259y\u0259 \u0259sas verir.<\/p>\n<p>X\u00fcsusi m\u0259ruz\u0259\u00e7inin Az\u0259rbaycan\u0131n suverenliyini t\u0259hdid ed\u0259n iddialar\u0131n\u0131 k\u0259skin \u015f\u0259kild\u0259 pisl\u0259yir v\u0259 q\u0259tiyy\u0259tl\u0259 r\u0259dd edirik.<\/p>\n<p>X\u00fcsusi m\u0259ruz\u0259\u00e7inin \u201cDa\u011fl\u0131q Qaraba\u011f\u201d, \u201cMardakert\u201d, \u201cKarmir \u015euka\u201d, \u201cXramort\u201d kimi qondarma toponiml\u0259rd\u0259n istifad\u0259 etm\u0259si d\u0259 yolverilm\u0259zdir. BMT-nin x\u00fcsusi m\u0259ruz\u0259\u00e7isi qoy gedib el\u0259 BMT-nin \u00f6z\u00fcn\u00fcn m\u0259hz \u00f6lk\u0259l\u0259rin t\u0259qdim etdiyi toponiml\u0259rd\u0259n istifad\u0259 edilm\u0259sinin vacibliyin\u0259 dair s\u0259n\u0259dl\u0259ri il\u0259 tan\u0131\u015f olsun.<\/p>\n<p>\u201cErm\u0259nil\u0259rin La\u00e7\u0131ndan deportasiyas\u0131\u201dndan dan\u0131\u015fan BMT-nin x\u00fcsusi m\u0259ruz\u0259\u00e7isinin beyn\u0259lxalq h\u00fcquqa qar\u015f\u0131 h\u00f6rm\u0259tsizliyi v\u0259 \u015ftatl\u0131 az\u0259rbaycanofoba \u00e7evrilm\u0259si, zavall\u0131 duruma d\u00fc\u015fm\u0259si ac\u0131nacaql\u0131d\u0131r. Bu m\u0259ktub BMT-nin \u00f6z\u00fcn\u00fc g\u00f6zd\u0259n sal\u0131r. T\u0259\u0259ss\u00fcfl\u0259 bildiririk ki, Az\u0259rbaycan xalq\u0131n\u0131n h\u0259m Erm\u0259nistanda, h\u0259m d\u0259 vaxtil\u0259 i\u015f\u011fal edilmi\u015f \u0259razil\u0259rd\u0259 tarixi v\u0259 m\u0259d\u0259ni irsinin da\u011f\u0131d\u0131lmas\u0131na BMT, UNESCO t\u0259r\u0259find\u0259n reaksiya verilm\u0259mi\u015f, susqunluq n\u00fcmayi\u015f etdirilib.<\/p>\n<p>S\u0259n dem\u0259, x\u00fcsusi m\u0259ruz\u0259\u00e7i h\u0259m d\u0259 Qafqaz Albaniyas\u0131 il\u0259 ba\u011fl\u0131 m\u00fct\u0259x\u0259ssis imi\u015f v\u0259 udi icmas\u0131n\u0131n Qaraba\u011fda dini ocaqlar\u0131 ziyar\u0259t etm\u0259si onun yaman x\u0259trin\u0259 d\u0259yib.<\/p>\n<p>X\u00fcsusi m\u0259ruz\u0259\u00e7i \u0130r\u0259vanda G\u00f6y M\u0259scidin \u201cAz\u0259rbaycan irsi\u201dolmad\u0131\u011f\u0131n\u0131 bildirir. \u00dcmumiyy\u0259tl\u0259, A.Xantakinin bu c\u0259f\u0259ng iddialarla m\u0259qs\u0259dinin n\u0259 oldu\u011fu bilinmir. \u018fg\u0259r A.Xantakinin m\u0259qs\u0259di \u201cerm\u0259ni irsi\u201ddirs\u0259, onda onun G\u00f6y M\u0259scidl\u0259 n\u0259 i\u015fi var!\u201d, &#8211; \u0130cmadan bildirilib.<\/p>\n<p>X\u00fcsusi m\u0259ruz\u0259\u00e7i h\u0259m d\u0259 q\u0259sd\u0259n Q\u0259rbi Az\u0259rbaycan \u0130cmas\u0131n\u0131n f\u0259aliyy\u0259tini t\u0259hrif edib: \u201cX\u00fcsusi m\u0259ruz\u0259\u00e7i \u00f6z kobud s\u0259hvini d\u00fcz\u0259ltm\u0259li v\u0259 Az\u0259rbaycan xalq\u0131n\u0131n m\u0259d\u0259ni irsinin Erm\u0259nistan t\u0259r\u0259find\u0259n m\u0259hv edilm\u0259sin\u0259 m\u00fcnasib\u0259t bildirm\u0259li v\u0259 bununla ba\u011fl\u0131 Erm\u0259nistan h\u00f6kum\u0259ti il\u0259 t\u0259masa ke\u00e7m\u0259lidir. \u018fks t\u0259qdird\u0259 onun etnik v\u0259 dini simpatiya \u0259sas\u0131nda f\u0259aliyy\u0259t g\u00f6st\u0259rm\u0259si v\u0259 az\u0259rbaycanofob olmas\u0131 tam s\u00fcbut olunacaq.<\/p>\n<p>\u00dcmumiyy\u0259tl\u0259, bel\u0259 t\u0259\u0259ss\u00fcrat yaran\u0131r ki, A.Xantakinin bel\u0259 q\u0259r\u0259zli olmas\u0131n\u0131n s\u0259b\u0259bl\u0259rind\u0259n biri d\u0259 onun Yunan\u0131standan olmas\u0131d\u0131r. X\u00fcsusi m\u0259ruz\u0259\u00e7ini mandat\u0131na uy\u011fun olaraq m\u00fcst\u0259qil v\u0259 q\u0259r\u0259zsiz \u015f\u0259kild\u0259 f\u0259aliyy\u0259t g\u00f6st\u0259rm\u0259yi, Az\u0259rbaycana qar\u015f\u0131 d\u00fc\u015f\u00fck iddialara son qoymas\u0131n\u0131 t\u0259l\u0259b edirik\u201d, &#8211; \u0130cmadan \u0259lav\u0259 olunub.<\/p>\n","protected":false},"excerpt":{"rendered":"<p>\u201cBMT-nin m\u0259d\u0259ni h\u00fcquqlar \u00fczr\u0259 x\u00fcsusi m\u0259ruz\u0259\u00e7isi Aleksandra Xantaki guya \u201cQaraba\u011fda erm\u0259ni m\u0259d\u0259ni irsinin da\u011f\u0131d\u0131lmas\u0131\u201d bar\u0259d\u0259 c\u0259f\u0259ng iddialarla \u00e7\u0131x\u0131\u015f edib\u201d. &#8220;\u0130NFONEWS&#8221; x\u0259b\u0259r verir ki, bu bar\u0259d\u0259 Q\u0259rbi Az\u0259rbaycan \u0130cmas\u0131n\u0131n b\u0259yanat\u0131nda qeyd&hellip; <\/p>\n","protected":false},"author":30,"featured_media":37400,"comment_status":"open","ping_status":"open","sticky":false,"template":"","format":"standard","meta":{"_mi_skip_tracking":false,"_monsterinsights_sitenote_active":false,"_monsterinsights_sitenote_note":"","_monsterinsights_sitenote_category":0,"footnotes":""},"categories":[6,11],"tags":[256,9841,1063],"aioseo_notices":[],"_links":{"self":[{"href":"https:\/\/infonews.az\/index.php?rest_route=\/wp\/v2\/posts\/37399"}],"collection":[{"href":"https:\/\/infonews.az\/index.php?rest_route=\/wp\/v2\/posts"}],"about":[{"href":"https:\/\/infonews.az\/index.php?rest_route=\/wp\/v2\/types\/post"}],"author":[{"embeddable":true,"href":"https:\/\/infonews.az\/index.php?rest_route=\/wp\/v2\/users\/30"}],"replies":[{"embeddable":true,"href":"https:\/\/infonews.az\/index.php?rest_route=%2Fwp%2Fv2%2Fcomments&post=37399"}],"version-history":[{"count":1,"href":"https:\/\/infonews.az\/index.php?rest_route=\/wp\/v2\/posts\/37399\/revisions"}],"predecessor-version":[{"id":37401,"href":"https:\/\/infonews.az\/index.php?rest_route=\/wp\/v2\/posts\/37399\/revisions\/37401"}],"wp:featuredmedia":[{"embeddable":true,"href":"https:\/\/infonews.az\/index.php?rest_route=\/wp\/v2\/media\/37400"}],"wp:attachment":[{"href":"https:\/\/infonews.az\/index.php?rest_route=%2Fwp%2Fv2%2Fmedia&parent=37399"}],"wp:term":[{"taxonomy":"category","embeddable":true,"href":"https:\/\/infonews.az\/index.php?rest_route=%2Fwp%2Fv2%2Fcategories&post=37399"},{"taxonomy":"post_tag","embeddable":true,"href":"https:\/\/infonews.az\/index.php?rest_route=%2Fwp%2Fv2%2Ftags&post=37399"}],"curies":[{"name":"wp","href":"https:\/\/api.w.org\/{rel}","templated":true}]}}