{"id":37429,"date":"2023-12-04T16:56:35","date_gmt":"2023-12-04T12:56:35","guid":{"rendered":"https:\/\/infonews.az\/?p=37429"},"modified":"2023-12-04T16:56:35","modified_gmt":"2023-12-04T12:56:35","slug":"azmiu-il%c9%99-ispaniya-sirk%c9%99ti-arasinda-%c9%99m%c9%99kdasliga-start-verildi","status":"publish","type":"post","link":"https:\/\/infonews.az\/?p=37429","title":{"rendered":"AzM\u0130U il\u0259 \u0130spaniya \u015firk\u0259ti aras\u0131nda \u0259m\u0259kda\u015fl\u0131\u011fa start verildi"},"content":{"rendered":"<p><span style=\"color: #ffffff;\">AzM\u0130U il\u0259 \u0130spaniya \u015firk\u0259ti aras\u0131nda \u0259m\u0259kda\u015fl\u0131\u011fa start verildi<\/span><\/p>\n<blockquote><p>Bu g\u00fcn imzalanm\u0131\u015f \u0259m\u0259kda\u015fl\u0131q m\u00fcqavil\u0259si Az\u0259rbaycan Memarl\u0131q v\u0259 \u0130n\u015faat Universiteti il\u0259 \u201cF-Holding\u201d \u015firk\u0259ti aras\u0131nda t\u0259hsilin inki\u015faf\u0131na istiqam\u0259tl\u0259nmi\u015f \u0259m\u0259kda\u015fl\u0131\u011f\u0131 \u00f6z\u00fcnd\u0259 ehtiva edir. Bu m\u00fcqavil\u0259nin h\u0259yata ke\u00e7irilm\u0259si t\u0259hsilimizin keyfiyy\u0259tinin art\u0131r\u0131lmas\u0131 \u00fc\u00e7\u00fcn \u0259h\u0259miyy\u0259tli olacaq.<\/p><\/blockquote>\n<p><a href=\"https:\/\/infonews.az\/?p=37429\"><span style=\"color: #333399;\"><strong>&#8220;\u0130NFONEWS&#8221;<\/strong><\/span><\/a> -un \u0259ld\u0259 etdiyi m\u0259lumat\u0131na g\u00f6r\u0259, bu s\u00f6zl\u0259ri jurnalistl\u0259r\u0259 a\u00e7\u0131qlamas\u0131nda universitetin rektoru professor G\u00fcl\u00e7\u00f6hr\u0259 M\u0259mm\u0259dova deyib.<\/p>\n<p>\u201cM\u00fcqavil\u0259d\u0259 h\u0259m istehsalatla \u0259laq\u0259l\u0259rin g\u00fccl\u0259nm\u0259si, h\u0259m d\u0259 beyn\u0259lxalq \u0259laq\u0259l\u0259rin geni\u015fl\u0259nm\u0259si m\u0259s\u0259l\u0259l\u0259ri \u00f6z \u0259ksini tap\u0131b. \u00c7\u00fcnki \u201cF-Holding\u201din vasit\u0259sil\u0259 bizim \u0130spaniya Memarl\u0131q M\u0259kt\u0259bi v\u0259 bu \u00f6lk\u0259nin apar\u0131c\u0131 memarlar\u0131 il\u0259 g\u00f6r\u00fc\u015fl\u0259rimiz v\u0259 t\u0259cr\u00fcb\u0259 m\u00fcbadil\u0259miz olacaq. Bu is\u0259 \u0259lb\u0259tt\u0259, memarl\u0131q sah\u0259sind\u0259 t\u0259hsilimizin inki\u015faf\u0131na xidm\u0259t ed\u0259c\u0259k\u201d,-dey\u0259 G. M\u0259mm\u0259dova bildirib.<\/p>\n<p>Rektor qeyd edib ki, qar\u015f\u0131da \u00e7ox b\u00f6y\u00fck v\u0259zif\u0259l\u0259r dayan\u0131r: \u201c\u0130\u015f\u011faldan azad edilmi\u015f torpaqlar\u0131m\u0131zda geni\u015fmiqyasl\u0131 b\u0259rpa v\u0259 yenid\u0259nqurma i\u015fl\u0259rind\u0259 m\u00fct\u0259x\u0259ssisl\u0259rimiz d\u0259 i\u015ftirak edir. Biz \u00e7al\u0131\u015faca\u011f\u0131q ki, \u00f6lk\u0259miz\u0259 v\u0259 d\u00f6vl\u0259timiz\u0259 layiq g\u0259nc m\u00fct\u0259x\u0259ssisl\u0259r haz\u0131rlayaq\u201d.<\/p>\n","protected":false},"excerpt":{"rendered":"<p>AzM\u0130U il\u0259 \u0130spaniya \u015firk\u0259ti aras\u0131nda \u0259m\u0259kda\u015fl\u0131\u011fa start verildi Bu g\u00fcn imzalanm\u0131\u015f \u0259m\u0259kda\u015fl\u0131q m\u00fcqavil\u0259si Az\u0259rbaycan Memarl\u0131q v\u0259 \u0130n\u015faat Universiteti il\u0259 \u201cF-Holding\u201d \u015firk\u0259ti aras\u0131nda t\u0259hsilin inki\u015faf\u0131na istiqam\u0259tl\u0259nmi\u015f \u0259m\u0259kda\u015fl\u0131\u011f\u0131 \u00f6z\u00fcnd\u0259 ehtiva edir. Bu&hellip; <\/p>\n","protected":false},"author":14,"featured_media":37430,"comment_status":"open","ping_status":"open","sticky":false,"template":"","format":"standard","meta":{"_mi_skip_tracking":false,"_monsterinsights_sitenote_active":false,"_monsterinsights_sitenote_note":"","_monsterinsights_sitenote_category":0,"footnotes":""},"categories":[11,3],"tags":[11792,5334,11793,15],"aioseo_notices":[],"_links":{"self":[{"href":"https:\/\/infonews.az\/index.php?rest_route=\/wp\/v2\/posts\/37429"}],"collection":[{"href":"https:\/\/infonews.az\/index.php?rest_route=\/wp\/v2\/posts"}],"about":[{"href":"https:\/\/infonews.az\/index.php?rest_route=\/wp\/v2\/types\/post"}],"author":[{"embeddable":true,"href":"https:\/\/infonews.az\/index.php?rest_route=\/wp\/v2\/users\/14"}],"replies":[{"embeddable":true,"href":"https:\/\/infonews.az\/index.php?rest_route=%2Fwp%2Fv2%2Fcomments&post=37429"}],"version-history":[{"count":1,"href":"https:\/\/infonews.az\/index.php?rest_route=\/wp\/v2\/posts\/37429\/revisions"}],"predecessor-version":[{"id":37431,"href":"https:\/\/infonews.az\/index.php?rest_route=\/wp\/v2\/posts\/37429\/revisions\/37431"}],"wp:featuredmedia":[{"embeddable":true,"href":"https:\/\/infonews.az\/index.php?rest_route=\/wp\/v2\/media\/37430"}],"wp:attachment":[{"href":"https:\/\/infonews.az\/index.php?rest_route=%2Fwp%2Fv2%2Fmedia&parent=37429"}],"wp:term":[{"taxonomy":"category","embeddable":true,"href":"https:\/\/infonews.az\/index.php?rest_route=%2Fwp%2Fv2%2Fcategories&post=37429"},{"taxonomy":"post_tag","embeddable":true,"href":"https:\/\/infonews.az\/index.php?rest_route=%2Fwp%2Fv2%2Ftags&post=37429"}],"curies":[{"name":"wp","href":"https:\/\/api.w.org\/{rel}","templated":true}]}}