{"id":37454,"date":"2023-12-05T13:59:14","date_gmt":"2023-12-05T09:59:14","guid":{"rendered":"https:\/\/infonews.az\/?p=37454"},"modified":"2023-12-05T13:59:14","modified_gmt":"2023-12-05T09:59:14","slug":"elilliyi-olan-s%c9%99xsl%c9%99r-ucun-yeni-layih%c9%99l%c9%99r-n%c9%99z%c9%99rd%c9%99-tutulub","status":"publish","type":"post","link":"https:\/\/infonews.az\/?p=37454","title":{"rendered":"&#8220;\u018flilliyi olan \u015f\u0259xsl\u0259r \u00fc\u00e7\u00fcn yeni layih\u0259l\u0259r n\u0259z\u0259rd\u0259 tutulub&#8221;"},"content":{"rendered":"<p><span style=\"color: #ffffff;\">&#8220;\u018flilliyi olan \u015f\u0259xsl\u0259r \u00fc\u00e7\u00fcn yeni layih\u0259l\u0259r n\u0259z\u0259rd\u0259 tutulub&#8221;<\/span><\/p>\n<blockquote><p>Sosial m\u00fcdafi\u0259y\u0259 x\u00fcsusi ehtiyac\u0131 olan \u015f\u0259xsl\u0259ri i\u015f\u0259 d\u00fcz\u0259ltm\u0259k \u00fc\u00e7\u00fcn kvota \u015famil edilm\u0259y\u0259n m\u00fc\u0259ssis\u0259l\u0259r istisna olmaqla, m\u00fclkiyy\u0259tind\u0259n v\u0259 t\u0259\u015fkilati-h\u00fcquqi formas\u0131ndan as\u0131l\u0131 olmayaraq b\u00fct\u00fcn idar\u0259, m\u00fc\u0259ssis\u0259 v\u0259 t\u0259\u015fkilatlarda \u0259lilliyi olan v\u0259t\u0259nda\u015flar\u0131n m\u0259\u015f\u011fullu\u011funu t\u0259min etm\u0259k \u00fc\u00e7\u00fcn kvota t\u0259tbiq edilir.<\/p><\/blockquote>\n<p><a href=\"https:\/\/infonews.az\/?p=37454\"><span style=\"color: #333399;\"><strong>&#8220;\u0130NFONEWS&#8221;<\/strong> <\/span><\/a>x\u0259b\u0259r verir ki, bunu D\u00f6vl\u0259t M\u0259\u015f\u011fulluq Agentliyinin departament direktoru B\u0259nnal\u0131 P\u0259rviz \u018flilliyi olan sahibkarlar\u0131n idar\u0259etm\u0259 bacar\u0131qlar\u0131n\u0131n art\u0131r\u0131lmas\u0131 forumunda bildirib.<\/p>\n<p>Onun s\u00f6zl\u0259rin\u0259 g\u00f6r\u0259, m\u00fc\u0259ssis\u0259l\u0259r \u00fc\u00e7\u00fcn kvota m\u00fc\u0259yy\u0259n edil\u0259rk\u0259n v\u0259 i\u015f\u0259g\u00f6t\u00fcr\u0259nl\u0259 i\u015f\u00e7i aras\u0131nda \u0259m\u0259k m\u00fcqavil\u0259si ba\u011flanark\u0259n \u0259lilliyi olan \u015f\u0259xsl\u0259rin i\u015fl\u0259m\u0259si \u00fc\u00e7\u00fcn m\u00fcvafiq normativ h\u00fcquqi aktlarla qada\u011fan olunan istehsalat sah\u0259l\u0259rinin siyah\u0131lar\u0131 da n\u0259z\u0259r\u0259 al\u0131n\u0131r.<\/p>\n<p>\u018flav\u0259 edib ki, paralel olaraq \u00f6z\u00fcn\u00fcm\u0259\u015f\u011fulluq proqram\u0131 \u00e7\u0259r\u00e7iv\u0259sind\u0259 agentlik t\u0259r\u0259find\u0259n 2024-c\u00fc ild\u0259 d\u0259 \u0259lilliyi olan \u015f\u0259xsl\u0259r \u00fc\u00e7\u00fcn yeni layih\u0259l\u0259rin h\u0259yata ke\u00e7irilm\u0259si n\u0259z\u0259rd\u0259 tutulur.<\/p>\n<p>&#8220;N\u00f6vb\u0259ti ild\u0259 e\u015fitm\u0259 v\u0259 g\u00f6rm\u0259 \u0259ng\u0259lli \u015f\u0259xsl\u0259rin \u0259m\u0259k bazar\u0131na inteqrasiyas\u0131 h\u0259min \u015f\u0259xsl\u0259rin sosial m\u00fcdafi\u0259sini t\u0259min edilm\u0259si v\u0259 m\u0259\u015f\u011fulluq t\u0259dbirl\u0259rin\u0259 istiqam\u0259tl\u0259ndirilm\u0259si m\u0259qs\u0259dil\u0259 \u00f6z\u00fcn\u00fcm\u0259\u015f\u011fulluq proqram\u0131n\u0131n m\u00fcxt\u0259lif istiqmatl\u0259ri \u00fczr\u0259 h\u0259min \u015f\u0259xsl\u0259rin t\u0259liml\u0259r\u0259 c\u0259lb edilm\u0259si v\u0259 \u0259mlakla t\u0259min edil\u0259r\u0259k \u00f6z ki\u00e7ik biznesl\u0259rinin d\u0259 qurulmas\u0131 h\u0259yata ke\u00e7iril\u0259c\u0259k&#8221;,- dey\u0259 B\u0259nnal\u0131 P\u0259rviz bildirib.<\/p>\n","protected":false},"excerpt":{"rendered":"<p>&#8220;\u018flilliyi olan \u015f\u0259xsl\u0259r \u00fc\u00e7\u00fcn yeni layih\u0259l\u0259r n\u0259z\u0259rd\u0259 tutulub&#8221; Sosial m\u00fcdafi\u0259y\u0259 x\u00fcsusi ehtiyac\u0131 olan \u015f\u0259xsl\u0259ri i\u015f\u0259 d\u00fcz\u0259ltm\u0259k \u00fc\u00e7\u00fcn kvota \u015famil edilm\u0259y\u0259n m\u00fc\u0259ssis\u0259l\u0259r istisna olmaqla, m\u00fclkiyy\u0259tind\u0259n v\u0259 t\u0259\u015fkilati-h\u00fcquqi formas\u0131ndan as\u0131l\u0131 olmayaraq b\u00fct\u00fcn&hellip; <\/p>\n","protected":false},"author":14,"featured_media":37455,"comment_status":"open","ping_status":"open","sticky":false,"template":"","format":"standard","meta":{"_mi_skip_tracking":false,"_monsterinsights_sitenote_active":false,"_monsterinsights_sitenote_note":"","_monsterinsights_sitenote_category":0,"footnotes":""},"categories":[5373,4,11],"tags":[11799,4674,11798,15],"aioseo_notices":[],"_links":{"self":[{"href":"https:\/\/infonews.az\/index.php?rest_route=\/wp\/v2\/posts\/37454"}],"collection":[{"href":"https:\/\/infonews.az\/index.php?rest_route=\/wp\/v2\/posts"}],"about":[{"href":"https:\/\/infonews.az\/index.php?rest_route=\/wp\/v2\/types\/post"}],"author":[{"embeddable":true,"href":"https:\/\/infonews.az\/index.php?rest_route=\/wp\/v2\/users\/14"}],"replies":[{"embeddable":true,"href":"https:\/\/infonews.az\/index.php?rest_route=%2Fwp%2Fv2%2Fcomments&post=37454"}],"version-history":[{"count":1,"href":"https:\/\/infonews.az\/index.php?rest_route=\/wp\/v2\/posts\/37454\/revisions"}],"predecessor-version":[{"id":37456,"href":"https:\/\/infonews.az\/index.php?rest_route=\/wp\/v2\/posts\/37454\/revisions\/37456"}],"wp:featuredmedia":[{"embeddable":true,"href":"https:\/\/infonews.az\/index.php?rest_route=\/wp\/v2\/media\/37455"}],"wp:attachment":[{"href":"https:\/\/infonews.az\/index.php?rest_route=%2Fwp%2Fv2%2Fmedia&parent=37454"}],"wp:term":[{"taxonomy":"category","embeddable":true,"href":"https:\/\/infonews.az\/index.php?rest_route=%2Fwp%2Fv2%2Fcategories&post=37454"},{"taxonomy":"post_tag","embeddable":true,"href":"https:\/\/infonews.az\/index.php?rest_route=%2Fwp%2Fv2%2Ftags&post=37454"}],"curies":[{"name":"wp","href":"https:\/\/api.w.org\/{rel}","templated":true}]}}