{"id":37609,"date":"2023-12-09T11:57:24","date_gmt":"2023-12-09T07:57:24","guid":{"rendered":"https:\/\/infonews.az\/?p=37609"},"modified":"2023-12-09T11:57:24","modified_gmt":"2023-12-09T07:57:24","slug":"prezident-ilham-eliyev-euronews-televiziyasina-musahib%c9%99-verib","status":"publish","type":"post","link":"https:\/\/infonews.az\/?p=37609","title":{"rendered":"Prezident \u0130lham \u018fliyev \u201cEuronews\u201d televiziyas\u0131na m\u00fcsahib\u0259 verib"},"content":{"rendered":"<blockquote><p>Az\u0259rbaycan Respublikas\u0131n\u0131n Prezidenti \u0130lham \u018fliyev noyabr\u0131n 23-d\u0259 \u201cEuronews\u201d televiziyas\u0131na m\u00fcsahib\u0259 verib. M\u00fcsahib\u0259 dekabr\u0131n 9-da \u201cEuronews\u201dda yay\u0131mlan\u0131b.<\/p><\/blockquote>\n<p><a href=\"https:\/\/infonews.az\/\"><strong>&#8220;\u0130NFONEWS&#8221;<\/strong><\/a> h\u0259min m\u00fcsahib\u0259nin tam variant\u0131n\u0131 t\u0259qdim edir.<\/p>\n<p><strong>M\u00fcxbir:\u00a0<\/strong>Salam c\u0259nab Prezident.<\/p>\n<p><strong>Prezident \u0130lham \u018fliyev:<\/strong>\u00a0Salam.<\/p>\n<p><strong>M\u00fcxbir:<\/strong>\u00a0Avropa Yenid\u0259nqurma v\u0259 \u0130nki\u015faf Bank\u0131n\u0131n 2023-c\u00fc il \u00fczr\u0259 hesablamalar\u0131na g\u00f6r\u0259 Az\u0259rbaycan v\u0259 M\u0259rk\u0259zi Asiya regionu \u00f6lk\u0259l\u0259ri ciddi iqtisadi inki\u015fafa nail olublar. Bu g\u00fccl\u00fc inki\u015faf sanksiyalar alt\u0131nda olan Rusiyadan miqrasiya v\u0259 oradan daxil olan pul v\u0259saitl\u0259ri il\u0259 \u0259laq\u0259l\u0259ndirilir. Bundan \u0259lav\u0259, regional idxal v\u0259 ixrac sah\u0259sind\u0259 d\u0259 art\u0131m m\u00fc\u015fahid\u0259 edilib, o c\u00fcml\u0259d\u0259n \u00c7in il\u0259 biznes \u0259laq\u0259l\u0259ri var. 2024-c\u00fc ild\u0259 d\u0259 h\u0259min m\u00fcsb\u0259t tendensiyan\u0131n davam ed\u0259c\u0259yi g\u00f6zl\u0259nilir. Bu inki\u015faf sizin \u00f6lk\u0259niz \u00fc\u00e7\u00fcn n\u0259 dem\u0259kdir?<\/p>\n<p><strong>Prezident \u0130lham \u018fliyev:<\/strong>\u00a0Az\u0259rbaycan haqq\u0131nda dan\u0131\u015fark\u0259n dem\u0259liy\u0259m ki, bizim iqtisadi inki\u015faf\u0131n t\u0259m\u0259lind\u0259 sizin sadalad\u0131\u011f\u0131n\u0131z amill\u0259r deyil, \u0259sas\u0259n t\u0259r\u0259fimizd\u0259n apar\u0131lm\u0131\u015f islahatlar dayan\u0131r. Biz iqtisadiyyat\u0131m\u0131z\u0131 \u015fax\u0259l\u0259ndirm\u0259y\u0259, neft v\u0259 qaz sektorundan as\u0131l\u0131l\u0131\u011f\u0131 azaltma\u011fa nail olmu\u015fuq. Ancaq neft v\u0259 qaz sektoru iqtisadiyyat\u0131m\u0131z\u0131n \u0259sas hiss\u0259si olmaqda davam edir. Bu il neft hasilat\u0131n\u0131n c\u00fczi a\u015fa\u011f\u0131 d\u00fc\u015fm\u0259si s\u0259b\u0259bind\u0259n bizim iqtisadi art\u0131m\u0131m\u0131z nisb\u0259t\u0259n z\u0259ifdir. Lakin \u00f6t\u0259n ill\u0259r\u0259 n\u0259z\u0259r salsaq g\u00f6r\u0259rik ki, son 20 il \u0259rzind\u0259 Az\u0259rbaycan\u0131n \u00fcmumi daxili m\u0259hsulu (\u00dcDM) d\u00f6rd d\u0259f\u0259 art\u0131b v\u0259 bu, \u00e7ox \u0259h\u0259miyy\u0259tli nailiyy\u0259tdir. Bununla yana\u015f\u0131, biz d\u00fc\u015f\u00fcn\u00fclm\u00fc\u015f sosial siyas\u0259t h\u0259yata ke\u00e7ir\u0259 bilmi\u015fik. Son 20 ild\u0259 biz yoxsulluq s\u0259viyy\u0259sind\u0259 ya\u015fayan \u0259halinin say\u0131n\u0131 t\u0259qrib\u0259n 50 faizd\u0259n 5,5 faiz\u0259 endir\u0259 bilmi\u015fik. Bu onu n\u00fcmayi\u015f etdirir ki, enerji layih\u0259l\u0259rinin h\u0259yata ke\u00e7irilm\u0259si n\u0259tic\u0259sind\u0259 \u0259ld\u0259 edilmi\u015f s\u0259rv\u0259t \u0259halimizin b\u00fct\u00fcn seqmentl\u0259ri aras\u0131nda \u0259dal\u0259tli b\u00f6l\u00fcn\u00fcb.<\/p>\n<p>Biz, h\u0259m\u00e7inin xarici borcumuzun s\u0259viyy\u0259sinin azald\u0131lmas\u0131 istiqam\u0259tind\u0259 f\u0259al i\u015fl\u0259dik v\u0259 bu g\u00fcn bu r\u0259q\u0259m \u00dcDM-in 10 faizind\u0259n a\u015fa\u011f\u0131d\u0131r. N\u00f6vb\u0259ti il \u00fc\u00e7\u00fcn h\u0259d\u0259f \u00dcDM-in 7 faizidir. Bu is\u0259 Az\u0259rbaycan\u0131n iqtisadiyyat\u0131n\u0131n dayan\u0131ql\u0131l\u0131\u011f\u0131n\u0131 n\u00fcmayi\u015f etdirir. Biz \u00fcmid edirik ki, g\u0259l\u0259n il iqtisadi art\u0131m daha b\u00f6y\u00fck olacaq. Lakin h\u0259min r\u0259q\u0259ml\u0259r, \u0259slind\u0259, iqtisadiyyat\u0131n s\u0259m\u0259r\u0259liliyi v\u0259 insanlar\u0131n ya\u015fay\u0131\u015f standartlar\u0131n\u0131n 100 faizini \u0259ks etdirmir. El\u0259 \u00f6lk\u0259l\u0259r var ki, iqtisadi art\u0131m\u0131 olduqca a\u015fa\u011f\u0131 s\u0259viyy\u0259d\u0259dir, lakin iqtisadiyyat\u0131 \u00e7ox inki\u015faf etmi\u015fdir.<\/p>\n<p>Bel\u0259likl\u0259, \u00f6lk\u0259nin \u00dcDM-i n\u0259 q\u0259d\u0259r \u00e7oxdursa, art\u0131ma nail olmaq da o q\u0259d\u0259r \u00e7\u0259tin olur. X\u00fcsusil\u0259 d\u0259 bug\u00fcnk\u00fc geosiyasi v\u0259ziyy\u0259td\u0259. \u00c7\u00fcnki bizim iki qon\u015fumuz v\u0259 \u0259sas ticar\u0259t t\u0259r\u0259fda\u015flar\u0131m\u0131zdan olan Rusiya v\u0259 \u0130ran sanksiya alt\u0131ndad\u0131r. Bunu n\u0259z\u0259r\u0259 almaq laz\u0131md\u0131r.<\/p>\n<p>Ancaq bizim 2030-cu il \u00fc\u00e7\u00fcn bax\u0131\u015f\u0131m\u0131z\u0131n h\u0259d\u0259fi v\u0259 strategiyas\u0131 \u00f6z resurslar\u0131m\u0131za, maliyy\u0259 imkanlar\u0131m\u0131za \u0259saslan\u0131r v\u0259 qar\u015f\u0131dan g\u0259l\u0259n ill\u0259rd\u0259 iqtisadi art\u0131m\u0131 t\u0259min ed\u0259c\u0259k sah\u0259l\u0259r\u0259 yerli v\u0259 xarici investisiyalar\u0131n qoyulu\u015fundan ibar\u0259tdir.<\/p>\n<p><strong>M\u00fcxbir:<\/strong>\u00a0\u0130nki\u015faf v\u0259 investisiya \u00fc\u00e7\u00fcn g\u0259l\u0259c\u0259kd\u0259 hans\u0131 sah\u0259l\u0259ri g\u00f6r\u00fcrs\u00fcn\u00fcz?<\/p>\n<p><strong>Prezident \u0130lham \u018fliyev:<\/strong>\u00a0H\u00f6kum\u0259tin siyas\u0259tin\u0259 g\u0259ldikd\u0259, bizim \u0259sas d\u00f6vl\u0259t x\u0259rcl\u0259rimiz azad edilmi\u015f Qaraba\u011fa v\u0259 \u015e\u0259rqi Z\u0259ng\u0259zura y\u00f6nl\u0259ndiril\u0259c\u0259k. Birincisi, ona g\u00f6r\u0259 ki, biz ke\u00e7mi\u015f m\u0259cburi k\u00f6\u00e7k\u00fcnl\u0259ri m\u00fcmk\u00fcn q\u0259d\u0259r tez yerl\u0259\u015fdirm\u0259liyik. 2026-c\u0131 ilin sonunad\u0259k biz 140 min insan\u0131 yerl\u0259\u015fdirm\u0259yi planla\u015fd\u0131r\u0131r\u0131q. Bunun \u00fc\u00e7\u00fcn is\u0259 biz infrastruktura, ya\u015fay\u0131\u015f yerl\u0259rinin in\u015fas\u0131na v\u0259 sosial infrastruktura b\u00f6y\u00fck v\u0259sait yat\u0131rmal\u0131y\u0131q. Bununla yana\u015f\u0131, 30 il i\u015f\u011fal alt\u0131nda olmu\u015f bu \u0259razil\u0259rin k\u0259nd t\u0259s\u0259rr\u00fcfat\u0131, hidroelektrik enerjisi, g\u00fcn\u0259\u015f v\u0259 k\u00fcl\u0259k enerjisi, turizm kimi sah\u0259l\u0259rd\u0259 b\u00f6y\u00fck potensial\u0131 var. Bu, d\u00f6vl\u0259t investisiya proqram\u0131n\u0131n \u0259sas sah\u0259si olacaq.<\/p>\n<p>Xarici s\u0259rmay\u0259l\u0259r\u0259 g\u0259ldikd\u0259, \u0259lb\u0259tt\u0259, yanacaq enerjisi sah\u0259sin\u0259 investisiyalar\u0131n qoyulu\u015fu davam ed\u0259c\u0259k. \u00c7\u00fcnki t\u0259bii ehtiyatlar bax\u0131m\u0131ndan Az\u0259rbaycanda b\u00f6y\u00fck potensial var, Avropada Az\u0259rbaycan qaz\u0131na b\u00f6y\u00fck ehtiyac var v\u0259 bu ehtiyac artmaqdad\u0131r. Lakin \u00e7ox \u0259h\u0259miyy\u0259tli inki\u015faf b\u0259rpaolunan enerji m\u0259nb\u0259l\u0259ri il\u0259 ba\u011fl\u0131d\u0131r. Hesab edir\u0259m ki, bu, birba\u015fa xarici investisiyalar\u0131n \u0259sas istiqam\u0259ti olacaq. Biz art\u0131q \u00f6t\u0259n ay regionun \u0259n b\u00f6y\u00fck, 230 meqavat g\u00fcc\u00fcnd\u0259 olan v\u0259 xarici investorlar t\u0259r\u0259find\u0259n tam maliyy\u0259l\u0259\u015fdirilmi\u015f g\u00fcn\u0259\u015f elektrik stansiyas\u0131n\u0131n a\u00e7\u0131l\u0131\u015f\u0131n\u0131 etdik. N\u00f6vb\u0259ti 5-6 ild\u0259 is\u0259 biz 10 qiqavat h\u0259cmind\u0259 g\u00fcn\u0259\u015f v\u0259 k\u00fcl\u0259k enerjisi istehsal etm\u0259yi planla\u015fd\u0131r\u0131r\u0131q. Z\u0259nnimc\u0259, r\u0259q\u0259msal transformasiya g\u00fcnd\u0259liyimizl\u0259 yana\u015f\u0131, s\u0259rmay\u0259 qoyulu\u015fu \u00fc\u00e7\u00fcn \u0259sas sah\u0259l\u0259r bunlar olacaq.<\/p>\n<p><strong>M\u00fcxbir:<\/strong>\u00a0Siz regionunuzda n\u0259yi m\u00fc\u015fahid\u0259 edirsiniz &#8211; r\u0259qab\u0259t, yoxsa \u0259m\u0259kda\u015fl\u0131q?<\/p>\n<p><strong>Prezident \u0130lham \u018fliyev:<\/strong>\u00a0Az\u0259rbaycana g\u0259ldikd\u0259 m\u0259n \u0259m\u0259kda\u015fl\u0131q g\u00f6r\u00fcr\u0259m. Bu da \u00f6lk\u0259mizin siyas\u0259ti il\u0259 ba\u011fl\u0131d\u0131r. Biz h\u0259r zaman Az\u0259rbaycan\u0131 ist\u0259nil\u0259n r\u0259qab\u0259td\u0259n, geosiyasi m\u00fcbariz\u0259d\u0259n v\u0259 ya b\u00f6y\u00fck d\u00f6vl\u0259tl\u0259rin toqqu\u015fmas\u0131ndan qorumaq ist\u0259mi\u015fik v\u0259 hesab edir\u0259m ki, buna m\u00fcv\u0259ff\u0259q olmu\u015fuq. Az\u0259rbaycan bir \u00e7ox b\u00f6y\u00fck beyn\u0259lxalq oyun\u00e7ular t\u0259r\u0259find\u0259n etibarl\u0131 t\u0259r\u0259fda\u015f hesab edilir v\u0259 biz bu \u0259m\u0259kda\u015fl\u0131\u011f\u0131n real n\u0259tic\u0259l\u0259rini g\u00f6r\u00fcr\u00fck. Az\u0259rbaycanda enerji sah\u0259sinin inki\u015faf\u0131na n\u0259z\u0259r salsan\u0131z g\u00f6r\u0259rsiniz ki, burada geni\u015f beyn\u0259lxalq t\u0259msil\u00e7ilik var. N\u0259qliyyat sah\u0259sin\u0259 baxsan\u0131z g\u00f6r\u0259rsiniz ki, h\u0259r iki &#8211; \u015e\u0259rq-Q\u0259rb v\u0259 \u015eimal-C\u0259nub n\u0259qliyyat d\u0259hlizl\u0259ri Az\u0259rbaycandan ke\u00e7ir v\u0259 bizim qon\u015fular\u0131m\u0131z, m\u00fcxt\u0259lif regionlarda olan \u00e7oxsayl\u0131 \u00f6lk\u0259l\u0259r bundan faydalan\u0131r.<\/p>\n<p>Siyasi inki\u015fafa g\u0259ldikd\u0259, burada da Az\u0259rbaycan m\u00fcst\u0259qil xarici v\u0259 daxili siyas\u0259t\u0259 malik \u00f6lk\u0259dir v\u0259 bu siyas\u0259ti milli maraqlara \u0259saslanaraq y\u00fcr\u00fcd\u00fcr. \u018fsas amill\u0259rd\u0259n biri \u00f6lk\u0259ni qar\u015f\u0131durma, yaxud r\u0259qab\u0259t arenas\u0131na \u00e7evirm\u0259m\u0259kl\u0259 d\u00f6vl\u0259ti m\u0259nfi xarici t\u0259sird\u0259n v\u0259 daxili i\u015fl\u0259r\u0259 m\u00fcdaxil\u0259d\u0259n qorumaqd\u0131r. Bel\u0259likl\u0259, biz bu riskl\u0259ri azaltma\u011f\u0131 u\u011furla bacard\u0131q. Bu s\u0259b\u0259bd\u0259n bu g\u00fcn Az\u0259rbaycan b\u00f6y\u00fck beyn\u0259lxalq potensiala, m\u00fcsb\u0259t beyn\u0259lxalq reputasiyaya malik \u00f6lk\u0259dir. El\u0259 bir \u00f6lk\u0259 ki, son 20 ild\u0259 300 milyard dollardan art\u0131q s\u0259rmay\u0259 c\u0259lb ed\u0259 bilib.<\/p>\n<p><strong>M\u00fcxbir:<\/strong>\u00a0Enerji t\u0259chizat\u0131 m\u0259s\u0259l\u0259si son iki ild\u0259 Avropada \u0259n \u00e7ox m\u00fczakir\u0259 olunan m\u00f6vzulardan biridir. Sizin \u00f6lk\u0259nizin enerji biznesi il\u0259 ba\u011fl\u0131 bax\u0131\u015f\u0131n\u0131z n\u0259d\u0259n ibar\u0259tdir?<\/p>\n<p><strong>Prezident \u0130lham \u018fliyev:<\/strong>\u00a0Bizim enerji sah\u0259sinin inki\u015faf\u0131 neft hasilat\u0131ndan t\u0259bii qaz istehsal\u0131na ke\u00e7id edib. Bununla yana\u015f\u0131, bizim neft hasilat\u0131m\u0131z v\u0259 ixrac\u0131m\u0131z h\u0259l\u0259 d\u0259 bir \u00e7ox \u00f6lk\u0259nin enerji t\u0259hl\u00fck\u0259sizliyinin bir hiss\u0259sidir. \u00dc\u00e7 il \u00f6nc\u0259 3500 kilometr uzunlu\u011funda inteqrasiya edilmi\u015f qaz boru k\u0259m\u0259rl\u0259rind\u0259n ibar\u0259t olan C\u0259nub Qaz D\u0259hlizinin ba\u015fa \u00e7atd\u0131r\u0131lmas\u0131 Az\u0259rbaycana \u00f6z\u00fcn\u00fcn qaz t\u0259chizat\u0131n\u0131n co\u011frafiyas\u0131n\u0131 geni\u015fl\u0259ndirm\u0259k imkan\u0131 yaratd\u0131. Bu g\u00fcn biz G\u00fcrc\u00fcstan, T\u00fcrkiy\u0259, Yunan\u0131stan, Bolqar\u0131stan, \u0130taliya v\u0259 Rum\u0131niyaya qaz ixrac edirik. H\u0259m\u00e7inin biz Macar\u0131stan v\u0259 Serbiya il\u0259 m\u00fcqavil\u0259l\u0259r imzalam\u0131\u015f\u0131q. Bununla yana\u015f\u0131, Albaniya da bizim qaz\u0131n paylan\u0131lmas\u0131na dair planlar\u0131m\u0131za daxildir.<\/p>\n<p>Bax\u0131n, Avrasiyada v\u0259 \u0259sas\u0259n d\u0259 Avropada ne\u00e7\u0259 \u00f6lk\u0259 bizim t\u0259r\u0259fda\u015f\u0131m\u0131zd\u0131r v\u0259 Az\u0259rbaycan qaz\u0131na olan t\u0259l\u0259bat artmaqdad\u0131r. Biz Rusiyaya qar\u015f\u0131 sanksiyalara g\u00f6r\u0259 Avropa qit\u0259sin\u0259 qaz t\u0259chizat\u0131n\u0131n art\u0131r\u0131lmas\u0131 il\u0259 ba\u011fl\u0131 Avropa Komissiyas\u0131n\u0131n m\u00fcraci\u0259tin\u0259 m\u00fcsb\u0259t cavab verdik. Bu, bizim i\u015fg\u00fczar \u0259laq\u0259l\u0259rimizin vacib hiss\u0259si olmaqda davam ed\u0259c\u0259k.<\/p>\n<p>Eyni zamanda, m\u0259n art\u0131q b\u0259rpaolunan enerji sah\u0259sin\u0259 toxundum. Bu g\u00fcn Bak\u0131da olduqca k\u00fcl\u0259kli g\u00fcnd\u00fcr v\u0259 bu, normal hava \u015f\u0259raitidir v\u0259 biz x\u00fcsusil\u0259 d\u0259 X\u0259z\u0259r d\u0259nizind\u0259 n\u0259h\u0259ng potensiala malikik. Art\u0131q 10 qiqavat h\u0259cmind\u0259 k\u00fcl\u0259k v\u0259 g\u00fcn\u0259\u015f enerjisi layih\u0259l\u0259rin\u0259 dair m\u00fcqavil\u0259 v\u0259 anla\u015fma memorandumlar\u0131 imzalan\u0131b. Bu, Az\u0259rbaycana yanacaq enerjisind\u0259n b\u0259rpaolunan enerjiy\u0259 rahat ke\u00e7id imkan\u0131 ver\u0259c\u0259kdir. Bununla yana\u015f\u0131, Avropa istehlak\u00e7\u0131lar\u0131 da ya\u015f\u0131l enerji il\u0259 t\u0259min edil\u0259c\u0259k.<\/p>\n<p><strong>M\u00fcxbir:<\/strong>\u00a0\u00d6lk\u0259nizin iqtisadi inki\u015faf\u0131 il\u0259 ba\u011fl\u0131 riskl\u0259r\u0259 dair narahatl\u0131\u011f\u0131n\u0131z n\u0259d\u0259n ibar\u0259tdir?<\/p>\n<p><strong>Prezident \u0130lham \u018fliyev:<\/strong>\u00a0S\u0259mimi des\u0259m, m\u0259n h\u0259r hans\u0131 bir risk g\u00f6rm\u00fcr\u0259m. \u00c7\u00fcnki bu g\u00fcn\u0259d\u0259k bizim iqtisadi inki\u015faf\u0131m\u0131z m\u00fcsb\u0259t olub, h\u0259tta daha m\u00fcr\u0259kk\u0259b geosiyasi v\u0259ziyy\u0259td\u0259 bel\u0259. H\u0259tta i\u015f\u011fal d\u00f6vr\u00fcnd\u0259 bizim iqtisadiyyat\u0131m\u0131z inki\u015faf edib. \u0130ndi is\u0259 \u0259razi b\u00fct\u00f6vl\u00fcy\u00fcm\u00fcz\u00fc v\u0259 suverenliyimizi tam b\u0259rpa etmi\u015fik. Biz geni\u015fmiqyasl\u0131 iqtisadi islahatlar apar\u0131r\u0131q ki, b\u00fcdc\u0259d\u0259 daha \u00e7ox v\u0259sait toplans\u0131n. Biz g\u00f6mr\u00fck v\u0259 vergi inzibat\u00e7\u0131l\u0131\u011f\u0131 sah\u0259sind\u0259 olduqca u\u011furlu islahatlar h\u0259yata ke\u00e7irmi\u015fik. Biz b\u00fct\u00fcn d\u00f6vl\u0259t \u015firk\u0259tl\u0259rimizd\u0259 korporativ idar\u0259\u00e7ilik sistemi yaratm\u0131\u015f\u0131q v\u0259 bunun b\u0259hr\u0259sini g\u00f6r\u00fcr\u00fck.<\/p>\n<p>\u018flb\u0259tt\u0259, ba\u011flant\u0131 layih\u0259l\u0259rind\u0259n b\u00f6y\u00fck h\u0259cmd\u0259 m\u0259nf\u0259\u0259t \u0259ld\u0259 olunacaq. Art\u0131q qeyd etdiyim kimi, biz \u015eimal-C\u0259nub v\u0259 \u015e\u0259rq-Q\u0259rb n\u0259qliyyat d\u0259hlizl\u0259rind\u0259n Az\u0259rbaycan \u0259razisind\u0259n ke\u00e7\u0259n, m\u00fcxt\u0259lif istiqam\u0259tl\u0259r\u0259 da\u015f\u0131nan 10 milyonlarla ton \u0259lav\u0259 y\u00fck g\u00f6zl\u0259yirik. Bu, m\u0259\u015f\u011fulluq, \u0259lav\u0259 v\u0259sait, Az\u0259rbaycan\u0131n geosiyasi \u0259h\u0259miyy\u0259ti dem\u0259kdir. Regionumuzun, Avrasiyan\u0131n x\u0259rit\u0259sin\u0259 baxsan\u0131z g\u00f6r\u0259rsiniz ki, b\u00fct\u00fcn \u0259sas n\u0259qliyyat mar\u015frutlar\u0131 bizim \u0259razid\u0259n ke\u00e7ir. Biz \u0259n m\u00fcasir n\u0259qliyyat infrastrukturunu yaratm\u0131\u015f\u0131q. Bu da \u0259lav\u0259 imkanlar yaradacaq. \u00dcst\u0259g\u0259l y\u00fcz minl\u0259rl\u0259 ke\u00e7mi\u015f m\u0259cburi k\u00f6\u00e7k\u00fcn\u00fc m\u0259skunla\u015fd\u0131rma\u011f\u0131 planla\u015fd\u0131rd\u0131\u011f\u0131m\u0131z Qaraba\u011f v\u0259 \u015e\u0259rqi Z\u0259ng\u0259zurun azad edilmi\u015f \u0259razil\u0259ri &#8211; bu da \u0259lav\u0259 apar\u0131c\u0131 q\u00fcvv\u0259 olacaqd\u0131r. Bel\u0259likl\u0259, s\u0259mimi des\u0259m n\u0259 iqtisadi sah\u0259d\u0259, n\u0259 d\u0259 dig\u0259r sah\u0259d\u0259 \u00f6lk\u0259miz \u00fc\u00e7\u00fcn h\u0259r hans\u0131 bir potensial riskl\u0259ri g\u00f6rm\u00fcr\u0259m.<\/p>\n<p><strong>M\u00fcxbir:<\/strong>\u00a0Y\u0259ni, he\u00e7 bir risk yoxdur?<\/p>\n<p><strong>Prezident \u0130lham \u018fliyev:<\/strong>\u00a0Bu g\u00fcn\u0259 olan v\u0259ziyy\u0259t\u0259 m\u0259n risk g\u00f6rm\u00fcr\u0259m. Ola bilsin, potensial riskl\u0259r s\u0259rh\u0259dl\u0259rimizin xaricind\u0259n qaynaqlana bil\u0259r. Az\u0259rbaycan\u0131n daxilind\u0259 riskl\u0259r yoxdur. Bizim \u00e7ox sabit siyasi sistemimiz var, xalq\u0131m\u0131z\u0131n \u00e7ox g\u00fccl\u00fc birliyi var, x\u00fcsusil\u0259 i\u015f\u011fal olunmu\u015f \u0259razil\u0259rimizin azad edildiyi tarixi Q\u0259l\u0259b\u0259d\u0259n sonra. Bizim iqtisadi f\u0259aliyy\u0259timiz u\u011furludur. Bizim iqtisadiyyat\u0131m\u0131z \u00f6z\u00fcm\u00fcz\u00fc t\u0259min edir, biz xarici kreditl\u0259rd\u0259n as\u0131l\u0131 deyilik. Qeyd etdiyim kimi, n\u00f6vb\u0259ti il xarici borc \u00dcDM-in sad\u0259c\u0259 7 faizini t\u0259\u015fkil ed\u0259c\u0259k. Bizim konvertasiya olunan valyuta ehtiyatlar\u0131m\u0131za v\u0259 xarici borcumuza baxsan\u0131z g\u00f6r\u0259rsiniz ki, konvertasiya olunan valyuta ehtiyatlar\u0131m\u0131z borcdan on d\u0259f\u0259 \u00e7oxdur. Bel\u0259likl\u0259, ba\u015fqa s\u00f6zl\u0259 des\u0259k, biz bir ay i\u00e7ind\u0259 xarici borcumuzu \u00f6d\u0259y\u0259 bil\u0259rik. D\u00fcnyada bunu ed\u0259 bil\u0259c\u0259k \u00e7ox \u00f6lk\u0259 yoxdur. \u018fsas beyn\u0259lxalq aktorlarla yax\u015f\u0131 siyasi \u0259laq\u0259l\u0259ri olan, \u00f6z\u00fcn\u00fc t\u0259min ed\u0259n iqtisadiyyat v\u0259 \u00f6lk\u0259d\u0259ki siyasi sabitlik v\u0259 birlik &#8211; b\u00fct\u00fcn bu amill\u0259r onu g\u00f6st\u0259rir ki, bizd\u0259 daxili riskl\u0259r yoxdur. Xarici riskl\u0259r, b\u0259li var, lakin bu s\u0259rh\u0259dl\u0259rimizin xaricind\u0259ki v\u0259ziyy\u0259td\u0259n as\u0131l\u0131 olacaq. S\u0259rh\u0259dl\u0259rimizin xaricind\u0259 \u015eimala do\u011fru m\u00fcharib\u0259 gedir, Yax\u0131n \u015e\u0259rqd\u0259 qeyri-sabit v\u0259ziyy\u0259t m\u00f6vcuddur, regionumuzda potensial g\u0259rginlikl\u0259r var. Bel\u0259likl\u0259, bu, Az\u0259rbaycan \u00fc\u00e7\u00fcn potensial risk ola bil\u0259r. Bu m\u0259qs\u0259dl\u0259 biz s\u0259rh\u0259dl\u0259rimizin m\u00fcdafi\u0259sin\u0259 daha \u00e7ox diqq\u0259t yetirm\u0259liyik ki, s\u0259rh\u0259dl\u0259rimiz dostlar\u0131m\u0131z \u00fc\u00e7\u00fcn a\u00e7\u0131q olsun v\u0259 biz\u0259 z\u0259r\u0259r verm\u0259k ist\u0259y\u0259nl\u0259r \u00fc\u00e7\u00fcn is\u0259 ba\u011fl\u0131 qals\u0131n.<\/p>\n<p><strong>M\u00fcxbir:<\/strong>\u00a0SPECA Proqram\u0131 i\u015ftirak\u00e7\u0131 \u00f6lk\u0259l\u0259rin iqtisadiyyatlar\u0131 \u00fc\u00e7\u00fcn n\u0259 d\u0259r\u0259c\u0259d\u0259 \u0259h\u0259miyy\u0259tlidir?<\/p>\n<p><strong>Prezident \u0130lham \u018fliyev:<\/strong>\u00a0Bu g\u00fcn SPECA Proqram\u0131 \u00f6z 25 illik yubileyini qeyd edir v\u0259 m\u0259n M\u0259rk\u0259zi Asiyadan olan h\u0259mkarlar\u0131m\u0131za bizim Zirv\u0259 g\u00f6r\u00fc\u015f\u00fcn\u00fcn ke\u00e7irilm\u0259si t\u0259\u015f\u0259bb\u00fcs\u00fcn\u00fc d\u0259st\u0259kl\u0259dikl\u0259rin\u0259 g\u00f6r\u0259, &#8211; hans\u0131 ki, SPECA Proqram\u0131n\u0131n tarixind\u0259 ilk Zirv\u0259 g\u00f6r\u00fc\u015f\u00fcd\u00fcr, &#8211; minn\u0259tdaram. \u018fslind\u0259, bu Proqram M\u0259rk\u0259zi Asiya v\u0259 Az\u0259rbaycan aras\u0131nda qar\u015f\u0131l\u0131ql\u0131 iqtisadi \u0259laq\u0259y\u0259 \u0259saslan\u0131r v\u0259 bu g\u00fcn biz bu qar\u015f\u0131l\u0131ql\u0131 \u0259laq\u0259nin yeni dinamikas\u0131n\u0131n \u015fahidi oluruq. \u0130qtisadi g\u00f6st\u0259ricil\u0259r\u0259, ikit\u0259r\u0259fli s\u0259f\u0259rl\u0259rin dinamikas\u0131na n\u0259z\u0259r salsan\u0131z g\u00f6r\u0259rsiniz ki, son iki ild\u0259 Az\u0259rbaycan v\u0259 b\u00fct\u00fcn M\u0259rk\u0259zi Asiya \u00f6lk\u0259l\u0259ri aras\u0131nda v\u0259 M\u0259rk\u0259zi Asiya \u00f6lk\u0259l\u0259rinin \u00f6zl\u0259ri aras\u0131nda f\u0259al qar\u015f\u0131l\u0131ql\u0131 \u0259laq\u0259 g\u00f6r\u00fcnm\u0259mi\u015f d\u0259r\u0259c\u0259d\u0259 y\u00fcks\u0259kdir. Bel\u0259likl\u0259, bu, yeni reall\u0131qd\u0131r v\u0259 biz bundan faydalanmal\u0131y\u0131q.<\/p>\n<p>Bizim SPECA Proqram\u0131na \u00fczv olan b\u00fct\u00fcn \u00f6lk\u0259l\u0259rl\u0259 m\u00fck\u0259mm\u0259l \u0259laq\u0259l\u0259rimiz var. Bizim indi \u00e7oxlu investisiya layih\u0259l\u0259rimiz var, &#8211; Az\u0259rbaycan\u0131n M\u0259rk\u0259zi Asiyada investisiyalar\u0131n\u0131, M\u0259rk\u0259zi Asiyan\u0131n Az\u0259rbaycanda investisiyalar\u0131n\u0131 n\u0259z\u0259rd\u0259 tuturam. Bizim \u015e\u0259rq-Q\u0259rb Trans-X\u0259z\u0259r n\u0259qliyyat mar\u015frutunun ba\u011fl\u0131l\u0131q layih\u0259l\u0259ri vard\u0131r. Bu, M\u0259rk\u0259zi Asiya \u00f6lk\u0259l\u0259ri \u00fc\u00e7\u00fcn Qara d\u0259niz, Aral\u0131q d\u0259nizi v\u0259 inteqrasiya olunmu\u015f ba\u011fl\u0131l\u0131q layih\u0259l\u0259ri vasit\u0259sil\u0259 Avropa il\u0259 \u0259n c\u0259lbedici n\u0259qliyyat ba\u011flant\u0131s\u0131d\u0131r. Biz siyasi m\u00fcst\u0259vid\u0259 \u00e7ox m\u00fcsb\u0259t dinamikan\u0131 m\u00fc\u015fahid\u0259 edirik, \u00e7\u00fcnki indiki \u00e7\u0259tin geosiyasi v\u0259ziyy\u0259td\u0259 SPECA Proqram\u0131na \u00fczv olan \u00f6lk\u0259l\u0259r bu g\u00fcn sabitlik n\u00fcmayi\u015f etdirir. Bu, \u0259n vacib amill\u0259rd\u0259n biridir. \u00c7\u00fcnki sabitlik olmasa, investisiya, iqtisadi inki\u015faf v\u0259 t\u0259hl\u00fck\u0259sizlik olmaz. Bu g\u00fcn SPECA Proqram\u0131na \u00fczv olan \u00f6lk\u0259l\u0259r\u0259 baxsan\u0131z g\u00f6r\u0259rsiniz ki, M\u0259rk\u0259zi Asiya v\u0259 Az\u0259rbaycan geosiyasi sabitlik \u0259razisidir, baxmayaraq ki, yax\u0131nl\u0131qda riskl\u0259r d\u0259 m\u00f6vcuddur. M\u0259rk\u0259zi Asiya \u00f6lk\u0259l\u0259ri \u00fc\u00e7\u00fcn bu riskl\u0259r Az\u0259rbaycanla m\u00fcqayis\u0259d\u0259 h\u0259tta daha da y\u00fcks\u0259kdir. Odur ki, bu, qeyd etdiyim \u00f6lk\u0259l\u0259rin u\u011furunun m\u00fch\u00fcm amili kimi n\u0259z\u0259r\u0259 al\u0131nmal\u0131d\u0131r.<\/p>\n<p>\u0130yirmi be\u015f il bundan \u0259vv\u0259l ham\u0131m\u0131z tamamil\u0259 ba\u015fqa bir v\u0259ziyy\u0259td\u0259 idik. S\u00f6hb\u0259t iqtisadi inki\u015fafdan, irimiqyasl\u0131 sosial probleml\u0259rd\u0259n gedir v\u0259 biz h\u0259m d\u0259 m\u00fcst\u0259qillik yolunun birinci m\u0259rh\u0259l\u0259sini ya\u015fay\u0131rd\u0131q. \u0130ndi biz art\u0131q u\u011fur haqq\u0131nda m\u0259lumat ver\u0259 bil\u0259rik. Biz Bak\u0131 Expo M\u0259rk\u0259zind\u0259 s\u0259rgi t\u0259\u015fkil etdik. Hesab edir\u0259m ki, bu, bizim \u00f6lk\u0259l\u0259rin nailiyy\u0259tl\u0259rini \u00e7ox yax\u015f\u0131 \u0259ks etdirir. Bunlar bizim nailiyy\u0259tl\u0259rin ki\u00e7ik bir hiss\u0259sidir, amma buna baxmayaraq, g\u00f6rd\u00fcy\u00fcm\u00fcz i\u015fl\u0259rin \u00e7ox yax\u015f\u0131 t\u0259c\u0259ss\u00fcm\u00fcd\u00fcr. Az\u0259rbaycan\u0131n xarici siyas\u0259t prioritetl\u0259rind\u0259n biri M\u0259rk\u0259zi Asiya \u00f6lk\u0259l\u0259ri il\u0259 daha f\u0259al \u0259m\u0259kda\u015fl\u0131qdan ibar\u0259tdir v\u0259 biz Bak\u0131da ke\u00e7iril\u0259n SPECA Zirv\u0259 g\u00f6r\u00fc\u015f\u00fcn\u00fc bu siyas\u0259tin bir hiss\u0259si olan amill\u0259rd\u0259n biri hesab edirik.<\/p>\n<p><strong>M\u00fcxbir:<\/strong>\u00a0Az\u0259rbaycan \u015e\u0259rq v\u0259 Q\u0259rb aras\u0131nda \u00e7ox strateji-co\u011frafi m\u00f6vqed\u0259 yerl\u0259\u015fir. Beyn\u0259lxalq arenada \u00f6lk\u0259nin strategiyas\u0131 n\u0259d\u0259n ibar\u0259tdir?<\/p>\n<p><strong>Prezident \u0130lham \u018fliyev:<\/strong>\u00a0Beyn\u0259lxalq arenada biz m\u00fcst\u0259qil siyas\u0259t y\u00fcr\u00fctm\u0259y\u0259 davam ed\u0259c\u0259yik. Biz d\u00f6rd\u00fcnc\u00fc ildir ki, BMT-d\u0259n sonra ikinci \u0259n b\u00f6y\u00fck beyn\u0259lxalq t\u0259sisat olan Qo\u015fulmama H\u0259r\u0259kat\u0131na s\u0259drlik edirik. Bir \u00e7ox \u00fczv \u00f6lk\u0259nin &#8211; 120 \u00fczv \u00f6lk\u0259nin \u00fcmumi r\u0259yin\u0259 \u0259sas\u0259n Az\u0259rbaycan Qo\u015fulmama H\u0259r\u0259kat\u0131na yeni \u00f6l\u00e7\u00fc v\u0259 dinamika verm\u0259kd\u0259 \u00f6n\u0259mli rol oynam\u0131\u015fd\u0131r. Biz Qo\u015fulmama H\u0259r\u0259kat\u0131n\u0131n institusional inki\u015faf\u0131 il\u0259 ba\u011fl\u0131 \u00e7oxlu add\u0131mlar atd\u0131q, parlament v\u0259 g\u0259ncl\u0259r platformalar\u0131n\u0131 yaratd\u0131q, qad\u0131nlar \u00fc\u00e7\u00fcn platforman\u0131n yarad\u0131lmas\u0131 \u00fcz\u0259rind\u0259 i\u015fl\u0259dik. Biz COVID pandemiyas\u0131 m\u0259s\u0259l\u0259si il\u0259 ba\u011fl\u0131 \u00e7ox f\u0259al olmaqla 80-d\u0259n \u00e7ox \u00f6lk\u0259y\u0259 yard\u0131m etdik. Bel\u0259likl\u0259, bizim Qo\u015fulmama H\u0259r\u0259kat\u0131nda s\u0259drliyimiz biz\u0259 siyas\u0259timizi, imkanlar\u0131m\u0131z\u0131 n\u00fcmayi\u015f etdirm\u0259y\u0259 \u015f\u0259rait yaratd\u0131 v\u0259 yeri g\u0259lmi\u015fk\u0259n, bizim s\u0259drliyimiz yekdil q\u0259rarla \u0259lav\u0259 bir il uzad\u0131lm\u0131\u015fd\u0131r. 120 \u00f6lk\u0259, onlar\u0131n he\u00e7 d\u0259 ham\u0131s\u0131 bir-biri il\u0259 yax\u015f\u0131 m\u00fcnasib\u0259td\u0259 deyil, lakin Az\u0259rbaycana g\u0259ldikd\u0259 onlar\u0131n ham\u0131s\u0131 yekdillikl\u0259 bizi d\u0259st\u0259kl\u0259di. Bel\u0259likl\u0259, bu, beyn\u0259lxalq d\u0259st\u0259yi \u0259n yax\u015f\u0131 \u015f\u0259kild\u0259 n\u00fcmayi\u015f etdirir. B\u0259z\u0259n b\u0259zi siyas\u0259t\u00e7il\u0259r beyn\u0259lxalq birlik haqq\u0131nda dan\u0131\u015fd\u0131qda onlar ola bilsin ki, onlarla \u00f6lk\u0259ni n\u0259z\u0259rd\u0259 tuturlar. Lakin beyn\u0259lxalq birlik 200-d\u0259n art\u0131q \u00f6lk\u0259d\u0259n ibar\u0259tdir v\u0259 bu \u00f6lk\u0259l\u0259rin \u0259ks\u0259riyy\u0259ti Az\u0259rbaycan\u0131 d\u0259st\u0259kl\u0259yir. Bu, yaln\u0131z bir istiqam\u0259tdir.<\/p>\n<p>Bizim qon\u015fular\u0131m\u0131zla m\u00fcnasib\u0259tl\u0259rimiz yax\u015f\u0131 balansla\u015fd\u0131r\u0131l\u0131b, dostlu\u011fa v\u0259 qar\u015f\u0131l\u0131ql\u0131 mara\u011fa \u0259saslan\u0131r. Bizim Avropa t\u0259sisatlar\u0131 il\u0259 m\u00fcnasib\u0259tl\u0259rimizin \u00f6z m\u00fcsb\u0259t dinamikas\u0131 var. M\u0259n art\u0131q enerji layih\u0259l\u0259rini qeyd etdim, Avropa bizd\u0259n d\u0259st\u0259k ist\u0259dikd\u0259 bizim Avropan\u0131 nec\u0259 d\u0259st\u0259kl\u0259diyimizi n\u0259z\u0259rd\u0259 tuturam. Biz bunu ona g\u00f6r\u0259 etdik ki, h\u0259mi\u015f\u0259 bizd\u0259n k\u00f6m\u0259k ist\u0259y\u0259nl\u0259r\u0259 k\u00f6m\u0259k etm\u0259y\u0259 \u00e7al\u0131\u015f\u0131r\u0131q. Bizim m\u00fcs\u0259lman \u00f6lk\u0259l\u0259ri il\u0259 m\u00fcnasib\u0259tl\u0259rimiz h\u0259mr\u0259ylik v\u0259 t\u0259r\u0259fda\u015fl\u0131q n\u00fcmun\u0259sidir. Az\u0259rbaycan \u0130slam \u018fm\u0259kda\u015fl\u0131q T\u0259\u015fkilat\u0131n\u0131n \u0259n f\u0259al \u00fczvl\u0259rind\u0259n biri hesab olunur. Bel\u0259likl\u0259, bu, \u0259slind\u0259, beyn\u0259lxalq birliyin dem\u0259k olar ki, b\u00fct\u00fcn \u00fczvl\u0259rini \u0259hat\u0259 edir v\u0259 bizim siyas\u0259timiz h\u0259mi\u015f\u0259 kim\u0259s\u0259 d\u0259st\u0259k laz\u0131m olduqda ona d\u0259st\u0259yin g\u00f6st\u0259rilm\u0259sin\u0259 v\u0259 b\u00fct\u00fcn \u00f6lk\u0259l\u0259r\u0259 dost m\u00fcnasib\u0259tin n\u00fcmayi\u015f etdirilm\u0259sin\u0259 h\u0259d\u0259fl\u0259nib. \u0130ndi is\u0259 &#8211; \u0259razi b\u00fct\u00f6vl\u00fcy\u00fcm\u00fcz v\u0259 suverenliyimizin b\u0259rpas\u0131ndan sonra Az\u0259rbaycan\u0131n beyn\u0259lxalq arenada imkanlar\u0131, \u0259lb\u0259tt\u0259 ki, qat-qat b\u00f6y\u00fck olacaq. D\u00f6y\u00fc\u015f meydan\u0131nda \u00f6z \u0259razisini, \u00f6z l\u0259yaq\u0259tini qorumu\u015f \u00f6lk\u0259nin beyn\u0259lxalq n\u00fcfuzu v\u0259 Birl\u0259\u015fmi\u015f Mill\u0259tl\u0259r T\u0259\u015fkilat\u0131n\u0131n T\u0259hl\u00fck\u0259sizlik \u015euras\u0131n\u0131n q\u0259tnam\u0259l\u0259rini \u00f6z\u00fc yerin\u0259 yetirmi\u015f Az\u0259rbaycan\u0131n n\u00fcfuzu, \u0259lb\u0259tt\u0259 ki, indi k\u0259skin \u015f\u0259kild\u0259 y\u00fcks\u0259lib.<\/p>\n<p><strong>M\u00fcxbir:<\/strong>\u00a0Bu ilin yay\u0131nda \u201cEuronews\u201da m\u00fcsahib\u0259 zaman\u0131 demi\u015fdiniz, \u00fcmid edirsiniz ki, ilin sonunad\u0259k Erm\u0259nistan v\u0259 Az\u0259rbaycan aras\u0131nda s\u00fclh\u0259 nail olunacaq. X\u00fcsusil\u0259 on minl\u0259rl\u0259 insan\u0131n evl\u0259rini t\u0259rk etm\u0259li olduqlar\u0131ndan sonra h\u0259l\u0259 d\u0259 s\u00fclh\u0259 nail olunaca\u011f\u0131n\u0131 d\u00fc\u015f\u00fcn\u00fcrs\u00fcn\u00fcz? Bu regionun dinamikas\u0131 \u00fc\u00e7\u00fcn n\u00f6vb\u0259ti m\u0259rh\u0259l\u0259d\u0259 onu n\u0259 g\u00f6zl\u0259yir?<\/p>\n<p><strong>Prezident \u0130lham \u018fliyev:<\/strong>\u00a0B\u0259li, vaxt qrafiki il\u0259 ba\u011fl\u0131 m\u0259n nikbin fikird\u0259 idim, \u00e7\u00fcnki biz Az\u0259rbaycan\u0131n \u00f6z\u00fcn\u00fcn haz\u0131rlad\u0131\u011f\u0131 s\u00fclh sazi\u015finin ilkin layih\u0259si il\u0259 ba\u011fl\u0131 \u015f\u0259rhl\u0259ri bir ne\u00e7\u0259 d\u0259f\u0259 Erm\u0259nistanla m\u00fcbadil\u0259 etmi\u015fdik. Bundan sonra is\u0259 iki \u00f6lk\u0259 aras\u0131nda alt\u0131 d\u0259f\u0259 \u015f\u0259rhl\u0259r m\u00fcbadil\u0259 edilmi\u015fdir v\u0259 ke\u00e7\u0259n d\u0259f\u0259 \u201cEuronews\u201da bunun haqq\u0131nda dan\u0131\u015fd\u0131qda m\u0259n \u00fcmid edirdim ki, Erm\u0259nistan bizim t\u0259klifl\u0259rin n\u0259z\u0259rd\u0259n ke\u00e7irilm\u0259si vaxt\u0131n\u0131 uzatmayacaq. Biz sentyabr\u0131n 11-d\u0259 onlara sonuncu \u015f\u0259rhl\u0259rimizi t\u0259qdim etmi\u015fdik v\u0259 onlardan cavab\u0131 yaln\u0131z iki g\u00fcn \u0259vv\u0259l alm\u0131\u015f\u0131q. Bel\u0259likl\u0259, t\u0259qrib\u0259n iki ay yar\u0131md\u0131r ki, onlar bir ne\u00e7\u0259 s\u0259hif\u0259d\u0259n ibar\u0259t m\u0259tn layih\u0259sini n\u0259z\u0259rd\u0259n ke\u00e7iribl\u0259r. Bu, n\u0259 dem\u0259kdir? O dem\u0259kdir ki, onlar s\u00fcni olaraq prosesi l\u0259ngitm\u0259k ist\u0259yirl\u0259r. \u0130ndi noyabr\u0131n sonudur v\u0259 ilin ax\u0131r\u0131na q\u0259d\u0259r s\u00fclh sazi\u015finin imzalanmas\u0131 il\u0259 ba\u011fl\u0131 \u00fcmidl\u0259r o q\u0259d\u0259r d\u0259 nikbin deyil. Lakin hesab edir\u0259m ki, zaman qrafiki o q\u0259d\u0259r d\u0259 vacib deyil. Vacib olan h\u0259r iki \u00f6lk\u0259nin g\u00fcnd\u0259liyidir. M\u0259hz Az\u0259rbaycan i\u015f\u011faldan v\u0259 etnik t\u0259mizl\u0259m\u0259d\u0259n \u0259ziyy\u0259t \u00e7\u0259kib. Bir milyon az\u0259rbaycanl\u0131 Erm\u0259nistan h\u00f6kum\u0259ti t\u0259r\u0259find\u0259n deportasiya edilib. T\u0259xmin\u0259n sah\u0259si 15 min kvadratkilometr olan \u0259razi da\u011f\u0131d\u0131l\u0131b.<\/p>\n<p>Bununla bel\u0259, s\u00fclh sazi\u015fini imzalamaq v\u0259 delimitasiya i\u015fl\u0259rini ba\u015flamaq \u00fc\u00e7\u00fcn t\u0259klif ver\u0259n \u00f6lk\u0259 biz olduq. Bir s\u00f6zl\u0259, haz\u0131rda Qaraba\u011f m\u0259s\u0259l\u0259si bitdikd\u0259n sonra d\u00fc\u015f\u00fcn\u00fcr\u0259m ki, Erm\u0259nistan biziml\u0259 raz\u0131l\u0131\u011fa g\u0259lm\u0259kd\u0259 daha h\u0259v\u0259sli olacaq. \u00c7\u00fcnki suverenliyimizin b\u0259rpas\u0131 v\u0259 Qaraba\u011fda qeyri-qanuni separat\u00e7\u0131 rejimin l\u0259\u011fv edilm\u0259si il\u0259, fikrimc\u0259, Erm\u0259nistana daha c\u0259sar\u0259tli davranma\u011fa v\u0259 ya dan\u0131\u015f\u0131qlara getm\u0259y\u0259 mane olan \u0259sas amil art\u0131q m\u00f6vcud deyil.<\/p>\n<p>Bir s\u00f6zl\u0259, biz qeyd etdiyim kimi, iki g\u00fcn \u0259vv\u0259l ald\u0131\u011f\u0131m\u0131z \u0259n son t\u0259klifl\u0259ri d\u0259y\u0259rl\u0259ndir\u0259c\u0259yik v\u0259 \u00f6z \u015f\u0259rhl\u0259rimizi ver\u0259c\u0259yik. Bununla yana\u015f\u0131, biz m\u00fcxt\u0259lif r\u0259smil\u0259r aras\u0131nda v\u0259 f\u0259rqli kanallar vasit\u0259sil\u0259 i\u015f\u00e7i s\u0259viyy\u0259d\u0259 t\u0259maslar\u0131 saxlay\u0131r\u0131q. D\u00fc\u015f\u00fcn\u00fcr\u0259m ki, s\u00fclh \u00fc\u00e7\u00fcn alternativ yoxdur. \u018fg\u0259r s\u00fclh sazi\u015fi imzalanmasa, bu, b\u00fct\u00f6v b\u00f6lg\u0259 \u00fc\u00e7\u00fcn \u00e7ox pis olacaq. Biz ist\u0259yirik ki, C\u0259nubi Qafqaz b\u00f6lg\u0259sind\u0259 h\u0259r hans\u0131 risk olmas\u0131n. \u018flb\u0259tt\u0259, biz ist\u0259yirik ki, Erm\u0259nistan n\u0259 bu g\u00fcn, n\u0259 d\u0259 g\u0259l\u0259c\u0259kd\u0259 \u0259razi b\u00fct\u00f6vl\u00fcy\u00fcm\u00fcz\u00fc sual alt\u0131na qoymas\u0131n v\u0259 Az\u0259rbaycana qar\u015f\u0131 h\u0259r hans\u0131 \u0259razi iddialar\u0131ndan tam \u0259l \u00e7\u0259ksin.<\/p>\n<p><strong>M\u00fcxbir:<\/strong>\u00a0Bel\u0259likl\u0259, n\u0259hay\u0259t ki, s\u00fclh\u0259 nail olmaq \u00fc\u00e7\u00fcn \u015f\u0259rtl\u0259r n\u0259d\u0259n ibar\u0259tdir?<\/p>\n<p><strong>Prezident \u0130lham \u018fliyev:<\/strong>\u00a0Bilirsiniz, biz s\u00fclh sazi\u015fi \u00fc\u00e7\u00fcn \u0259sas g\u00f6t\u00fcr\u00fcl\u0259c\u0259k be\u015f t\u0259m\u0259l prinsipi haz\u0131rlad\u0131q: bir-birinin \u0259razi b\u00fct\u00f6vl\u00fcy\u00fcn\u00fcn qar\u015f\u0131l\u0131ql\u0131 sur\u0259td\u0259 tan\u0131nmas\u0131; g\u00fccd\u0259n istifad\u0259 etm\u0259m\u0259; bir-birin\u0259 \u0259razi iddialar\u0131n\u0131n olmamas\u0131; iki \u00f6lk\u0259 aras\u0131nda kommunikasiyalar\u0131n a\u00e7\u0131lmas\u0131 v\u0259 m\u00fcnasib\u0259tl\u0259rin normalla\u015fmas\u0131; v\u0259 bir s\u0131ra dig\u0259r m\u00fch\u00fcm amill\u0259r var. B\u00fct\u00fcn bunlar beyn\u0259lxalq h\u00fcquqa \u0259saslan\u0131r. Dan\u0131\u015f\u0131qlar prosesinin t\u0259xmin\u0259n \u00fc\u00e7 ili \u0259rzind\u0259, Erm\u0259nistan h\u0259r zaman s\u00fclh sazi\u015fin\u0259 Qaraba\u011f\u0131n erm\u0259ni azl\u0131\u011f\u0131na dair m\u00fcdd\u0259an\u0131 salmaq ist\u0259yirdi. Bizim m\u00f6vqeyimiz ondan ibar\u0259t idi ki, bu, bizim daxili i\u015fimizdir. \u018fg\u0259r onlar Az\u0259rbaycanda erm\u0259ni azl\u0131\u011f\u0131 m\u0259s\u0259l\u0259sini \u0259ks etdirm\u0259k ist\u0259yirl\u0259rs\u0259, onda biz d\u0259 otuz il \u0259vv\u0259l Erm\u0259nistandan qovulmu\u015f az\u0259rbaycanl\u0131 azl\u0131\u011f\u0131 m\u0259s\u0259l\u0259sini daxil etm\u0259k ist\u0259rdik. \u00d6z\u00fc d\u0259 Erm\u0259nistanda az\u0259rbaycanl\u0131lar\u0131n say\u0131 erm\u0259nil\u0259rin Az\u0259rbaycandak\u0131 say\u0131ndan daha \u00e7oxdur v\u0259 t\u0259xmin\u0259n 300 min insan t\u0259\u015fkil edir. Bir s\u00f6zl\u0259, m\u00f6vqeyimiz bel\u0259dir ki, h\u0259min m\u0259s\u0259l\u0259 qar\u015f\u0131l\u0131ql\u0131 olmal\u0131d\u0131r. Biz iki milli azl\u0131\u011f\u0131n m\u0259s\u0259l\u0259sini, onlar\u0131n h\u00fcquqlar\u0131 v\u0259 t\u0259hl\u00fck\u0259sizliyini, o c\u00fcml\u0259d\u0259n qay\u0131tmaq h\u00fcququnu qeyd ed\u0259k. Y\u0259ni, t\u0259kc\u0259 erm\u0259nil\u0259rin Az\u0259rbaycana qay\u0131tmas\u0131 deyil, o c\u00fcml\u0259d\u0259n az\u0259rbaycanl\u0131lar\u0131n Erm\u0259nistana qay\u0131tmas\u0131 m\u0259s\u0259l\u0259sini qoyuruq. Az\u0259rbaycanl\u0131lar\u0131n 30 il \u0259vv\u0259l qovulmas\u0131 v\u0259 erm\u0259nil\u0259rin iki ay \u0259vv\u0259l \u00f6lk\u0259mizi t\u0259rk etm\u0259k q\u0259rar\u0131 aras\u0131nda f\u0259rqin \u0259h\u0259miyy\u0259ti yoxdur. Fakt, sad\u0259c\u0259, ondan ibar\u0259tdir ki, bunlar qar\u015f\u0131l\u0131ql\u0131 olmal\u0131d\u0131r. Yaxud da ki, biz s\u00fclh sazi\u015find\u0259 bu m\u0259s\u0259l\u0259ni qeyd etmirik. Bir s\u00f6zl\u0259, bu vaxta q\u0259d\u0259r, biz h\u0259min m\u0259s\u0259l\u0259 il\u0259 ba\u011fl\u0131 Erm\u0259nistandan h\u0259r hans\u0131 ayd\u0131n anla\u015fma g\u00f6rm\u0259dik. \u018fg\u0259r Erm\u0259nistan h\u0259r iki milli azl\u0131\u011fa eyni yana\u015fman\u0131n t\u0259tbiq edilm\u0259sin\u0259 raz\u0131la\u015farsa v\u0259 ya onu tam \u0259ks etdirm\u0259s\u0259, onda s\u00fclh \u0259ld\u0259 oluna bil\u0259r, \u00e7\u00fcnki h\u0259min m\u0259s\u0259l\u0259 biziml\u0259 dan\u0131\u015f\u0131qlar aparan Erm\u0259nistan \u00fc\u00e7\u00fcn \u0259sas mane\u0259 idi. Bir s\u00f6zl\u0259, g\u00f6r\u0259c\u0259yik, bundan sonra nec\u0259 olacaq. S\u0259mimi des\u0259k, m\u0259n haz\u0131rda m\u0259ntiq n\u00f6qteyi-n\u0259z\u0259rind\u0259n s\u00fclh sazi\u015finin imzalanmas\u0131na h\u0259r hans\u0131 ciddi mane\u0259 g\u00f6rm\u00fcr\u0259m.<\/p>\n<p>Biz b\u0259yan edirik ki, bunu imzalamal\u0131y\u0131q v\u0259 onlar da deyirl\u0259r ki, bu sazi\u015f imzalanmal\u0131d\u0131r. Lakin biz buna nail olmal\u0131y\u0131q. Bizim t\u0259klifimiz ictimaiyy\u0259t\u0259 a\u00e7\u0131qland\u0131. B\u0259hs etdiyim h\u0259min be\u015f m\u0259\u015fhur prinsipi biz ictimaiyy\u0259t\u0259 a\u00e7\u0131qlad\u0131q. Bunlar b\u0259llidir. \u0130st\u0259nil\u0259n m\u00fch\u00fcm beyn\u0259lxalq t\u0259r\u0259fin d\u0259 etiraz\u0131 yoxdur, \u00e7\u00fcnki b\u00fct\u00fcn h\u0259min prinsipl\u0259r beyn\u0259lxalq h\u00fcququn fundamental prinsipl\u0259ridir. Erm\u0259nistan, sad\u0259c\u0259, onlara \u0259m\u0259l etm\u0259lidir. Onlar \u0259razi b\u00fct\u00f6vl\u00fcy\u00fcm\u00fcz\u00fc sual alt\u0131na qoymaq v\u0259 \u0259razimizd\u0259 separat\u00e7\u0131l\u0131\u011fa r\u0259vac verm\u0259k kimi b\u00fct\u00fcn c\u0259hdl\u0259rin\u0259 son qoymal\u0131d\u0131rlar, \u00e7\u00fcnki Qaraba\u011f Az\u0259rbaycan\u0131n hiss\u0259sidir v\u0259 bu, ham\u0131, o c\u00fcml\u0259d\u0259n Erm\u0259nistan\u0131n \u00f6z\u00fc t\u0259r\u0259find\u0259n etiraf edilir. M\u0259hz Erm\u0259nistan\u0131n ba\u015f naziri 2019-cu ild\u0259 Xank\u0259ndid\u0259 b\u00f6y\u00fck n\u00fcmayi\u015f zaman\u0131 demi\u015fdir: \u201cQaraba\u011f Erm\u0259nistand\u0131r\u201d. Bu, dan\u0131\u015f\u0131qlar prosesinin sonu dem\u0259k idi, \u00e7\u00fcnki bundan sonra dan\u0131\u015f\u0131qlar \u00fc\u00e7\u00fcn he\u00e7 bir \u015fey qalmad\u0131. Bel\u0259likl\u0259, \u0130kinci Qaraba\u011f m\u00fcharib\u0259si \u00fc\u00e7\u00fcn s\u0259b\u0259b m\u0259hz Erm\u0259nistan h\u00f6kum\u0259ti idi. \u0130ndi is\u0259 h\u0259min \u015f\u0259xs art\u0131q \u201cQaraba\u011f Az\u0259rbaycand\u0131r\u201d deyir. Bu, yax\u015f\u0131 hald\u0131r, ir\u0259lil\u0259yi\u015fdir. Biz ir\u0259lil\u0259yi\u015fi h\u0259r zaman d\u0259st\u0259kl\u0259yirik, lakin haz\u0131rda \u201cQaraba\u011f Az\u0259rbaycand\u0131r\u201d dedikd\u0259, onlar g\u0259r\u0259k bunun alt\u0131nda \u00f6z imzas\u0131n\u0131 qoysunlar v\u0259 biz bunu g\u00f6zl\u0259yirik.<\/p>\n<p><strong>M\u00fcxbir:<\/strong>\u00a0B\u0259s, \u00f6z evl\u0259rini t\u0259rk etmi\u015f insanlar nec\u0259?<\/p>\n<p><strong>Prezident \u0130lham \u018fliyev:<\/strong>\u00a0\u00d6z evl\u0259rini t\u0259rk etmi\u015f insanlara g\u0259ldikd\u0259, \u0259vv\u0259lc\u0259, bu, onlar\u0131n \u00f6z q\u0259rar\u0131 idi. Qaraba\u011f erm\u0259nil\u0259ri il\u0259 ba\u011fl\u0131 ictimaiyy\u0259t\u0259 verdiyimiz b\u0259yanat v\u0259 sonradan atd\u0131\u011f\u0131m\u0131z add\u0131mlar g\u00f6st\u0259rdi ki, biz ist\u0259yirdik onlar qals\u0131nlar. Biz a\u00e7\u0131q \u015f\u0259kild\u0259 elan etdik v\u0259 m\u0259n antiterror \u0259m\u0259liyyat\u0131 ba\u015fa \u00e7atd\u0131qdan sonra Az\u0259rbaycan xalq\u0131na m\u00fcraci\u0259timd\u0259 bildirdim ki, onlar qala bil\u0259r. Biz elektron qeydiyyat portal\u0131n\u0131 a\u00e7d\u0131q. Qay\u0131tmaq ist\u0259y\u0259n h\u0259r k\u0259sin bel\u0259 bir h\u00fcququ var. Onlar\u0131n m\u00fclkiyy\u0259ti laz\u0131mi d\u0259r\u0259c\u0259d\u0259 qorunur. B\u00fct\u00fcn tarixi v\u0259 dini yerl\u0259r laz\u0131m\u0131nca qorunur.<\/p>\n<p>Geri qay\u0131tmaq \u00fc\u00e7\u00fcn onlar m\u00fc\u0259yy\u0259n qaydalara \u0259m\u0259l etm\u0259lidirl\u0259r v\u0259 m\u0259n antiterror \u0259m\u0259liyyat\u0131n\u0131n ke\u00e7irilm\u0259sind\u0259n bir ne\u00e7\u0259 ay \u0259vv\u0259l demi\u015fdim ki, qalmaq ist\u0259y\u0259nl\u0259r Az\u0259rbaycan v\u0259t\u0259nda\u015fl\u0131\u011f\u0131 \u00fc\u00e7\u00fcn m\u00fcraci\u0259t etm\u0259lidirl\u0259r. \u00c7\u00fcnki insanlar ba\u015fqa \u00f6lk\u0259nin v\u0259t\u0259nda\u015f\u0131 olmaqla Az\u0259rbaycanda nec\u0259 ya\u015faya bil\u0259rl\u0259r? Ya v\u0259t\u0259nda\u015fl\u0131q, ya i\u015f icaz\u0259si, ya da ya\u015fay\u0131\u015f icaz\u0259si olmal\u0131d\u0131r. Onlar d\u0131rnaqaras\u0131 \u201cda\u011fl\u0131q qaraba\u011f respublikas\u0131nda\u201d ya\u015fad\u0131qlar\u0131n\u0131 dey\u0259r\u0259k Az\u0259rbaycanda ya\u015faya bilm\u0259zl\u0259r. \u00c7\u00fcnki d\u0131rnaqaras\u0131 \u201cda\u011fl\u0131q qaraba\u011f respublikas\u0131\u201d m\u00f6vcud deyil. Onlar bunu \u00f6z x\u0259yallar\u0131nda, mifologiyas\u0131nda uydurublar. Onlar Az\u0259rbaycan v\u0259t\u0259nda\u015flar\u0131 olaraq Az\u0259rbaycanda ya\u015famaq ist\u0259yirl\u0259rs\u0259, \u0259lb\u0259tt\u0259 ki, bunu ed\u0259 bil\u0259rl\u0259r. Az\u0259rbaycan \u00e7oxmill\u0259tli, \u00e7oxkonfessiyal\u0131 bir \u00f6lk\u0259dir. Az\u0259rbaycanda bir \u00e7ox etnik qruplar var. Bu etnik qruplar\u0131n b\u0259zil\u0259ri, bir ne\u00e7\u0259si, onlara m\u0259nsub olan insanlar Qaraba\u011fda erm\u0259ni \u0259halisind\u0259n qat-qat \u00e7oxdur. Onlar\u0131n ham\u0131s\u0131 s\u00fclh i\u00e7ind\u0259 ya\u015fay\u0131r, onlar b\u00fct\u00fcn h\u00fcquq v\u0259 t\u0259minatlardan faydalan\u0131rlar. Bizim Qaraba\u011f erm\u0259nil\u0259rin\u0259 etdiyimiz t\u0259klifd\u0259 hans\u0131 ki, yeri g\u0259lmi\u015fk\u0259n ictimai \u015f\u0259kild\u0259 a\u00e7\u0131qlanm\u0131\u015fd\u0131r, biz, h\u0259m\u00e7inin onlar\u0131n h\u00fcquqlar\u0131n\u0131 da n\u0259z\u0259r\u0259 alm\u0131\u015fd\u0131q. Onlar\u0131n dil, t\u0259dris, din, b\u0259l\u0259diyy\u0259 h\u00fcquqlar\u0131n\u0131 n\u0259z\u0259r\u0259 alm\u0131\u015fd\u0131q. Onlar b\u0259l\u0259diyy\u0259 se\u00e7kil\u0259ri vasit\u0259sil\u0259 \u00f6z n\u00fcmay\u0259nd\u0259l\u0259rini se\u00e7\u0259 bil\u0259rl\u0259r v\u0259 orada ya\u015fama\u011fa davam ed\u0259 bil\u0259rl\u0259r. T\u0259rk etm\u0259k q\u0259rar\u0131 onlar\u0131n \u00f6z q\u0259rar\u0131 idi v\u0259 bizim indi \u0259ld\u0259 etdiyimiz m\u0259lumata \u0259sas\u0259n bu d\u0131rnaqaras\u0131 \u201cda\u011fl\u0131q qaraba\u011f respublikas\u0131\u201dn\u0131n d\u0131rnaqaras\u0131 \u201csabiq r\u0259hb\u0259rl\u0259ri\u201dnin q\u0259sd\u0259n etdiyi h\u0259r\u0259k\u0259t idi. Onlara oran\u0131 t\u0259rk etm\u0259y\u0259 ehtiyac yox idi, lakin onlar t\u0259rk etm\u0259k q\u0259rar\u0131n\u0131 verdikd\u0259 biz onlar\u0131 dayand\u0131ra bilm\u0259zdik. Biz onlar oran\u0131 s\u00fclh \u015f\u0259raitind\u0259 t\u0259rk etsinl\u0259r dey\u0259, onlara maksimum d\u0259r\u0259c\u0259d\u0259 rahat \u015f\u0259rait yaratd\u0131q. Az\u0259rbaycanl\u0131lara qar\u015f\u0131 tam \u0259ksi edilmi\u015fdir. Onlar otuz il bundan \u0259vv\u0259l ya q\u0259tl\u0259 yetirilmi\u015f, ya da deportasiya olunmu\u015f, i\u015fg\u0259nc\u0259l\u0259r\u0259 m\u0259ruz qalm\u0131\u015f, h\u0259bs edilmi\u015fdir v\u0259 onlar\u0131n b\u0259zil\u0259ri y\u00fcks\u0259k da\u011fl\u0131q \u0259razil\u0259ri a\u015fmaq m\u0259cburiyy\u0259tind\u0259 qalaraq h\u0259min \u0259razil\u0259rd\u0259 donub \u00f6lm\u00fc\u015fd\u00fcr. Bu s\u0259n\u0259dl\u0259rl\u0259 t\u0259sdiq edilib. Qaraba\u011f b\u00f6lg\u0259sinin erm\u0259nil\u0259rinin Erm\u0259nistana daxil olmalar\u0131 da s\u0259n\u0259dl\u0259\u015fdirilmi\u015fdir v\u0259 h\u0259r \u015fey humanitar standartlara \u0259sas\u0259n edilmi\u015fdir. Lakin yen\u0259 d\u0259 sizin suala g\u0259ldikd\u0259 dey\u0259 bil\u0259r\u0259m ki, onlar qay\u0131da bil\u0259rl\u0259r.<\/p>\n<p>\u018flb\u0259tt\u0259, onlar bizim a\u00e7d\u0131\u011f\u0131m\u0131z m\u00f6vcud elektron portalda qeydiyyatdan ke\u00e7\u0259r\u0259k geri qay\u0131tmaq, Az\u0259rbaycan v\u0259t\u0259nda\u015fl\u0131\u011f\u0131n\u0131 q\u0259bul etm\u0259k ist\u0259dikl\u0259rini bildirm\u0259lidirl\u0259r. Onlar\u0131n bir ne\u00e7\u0259si art\u0131q v\u0259t\u0259nda\u015fl\u0131q \u00fc\u00e7\u00fcn m\u00fcraci\u0259t edib v\u0259 haz\u0131rda onlar\u0131n m\u00fcraci\u0259tl\u0259rin\u0259 bax\u0131l\u0131r. B\u0259zi erm\u0259nil\u0259r Qaraba\u011fda qalma\u011fa q\u0259rar verdil\u0259r v\u0259 indi bizim \u018fm\u0259k v\u0259 \u018fhalinin Sosial M\u00fcdafi\u0259si Nazirliyi v\u0259 Miqrasiya Xidm\u0259ti onlar\u0131n qeydin\u0259 qal\u0131r, onlar\u0131 qeydiyyata sal\u0131r. Erm\u0259nil\u0259rin ham\u0131s\u0131 oran\u0131 t\u0259rk etm\u0259yib. Lakin Az\u0259rbaycanda ya\u015famaq \u00fc\u00e7\u00fcn, m\u0259s\u0259l\u0259n \u0259g\u0259r siz Az\u0259rbaycanda ya\u015famaq ist\u0259yirsinizs\u0259 siz n\u0259 etm\u0259lisiniz? Siz i\u015f icaz\u0259si, uzun m\u00fcdd\u0259t burada ya\u015famaq ist\u0259yirsinizs\u0259 ya\u015fay\u0131\u015f icaz\u0259si v\u0259 ya v\u0259t\u0259nda\u015fl\u0131q almal\u0131s\u0131n\u0131z. Ba\u015fqa halda dig\u0259r \u00f6lk\u0259nin v\u0259t\u0259nda\u015f\u0131 olaraq Az\u0259rbaycanda nec\u0259 ya\u015faya bil\u0259rsiniz? Bu, m\u00fcmk\u00fcn deyil. Bu da eyni m\u0259s\u0259l\u0259dir.<\/p>\n<p>\u018fg\u0259r Erm\u0259nistandan qovulmu\u015f az\u0259rbaycanl\u0131 m\u0259cburi k\u00f6\u00e7k\u00fcn ora geri qay\u0131tmaq ist\u0259y\u0259rs\u0259 o, nec\u0259 qay\u0131da bil\u0259r? O geri qay\u0131d\u0131b v\u0259 Q\u0259rbi Az\u0259rbaycan Respublikas\u0131n\u0131n sakini oldu\u011funu dem\u0259y\u0259c\u0259k. Xeyr. O, g\u0259lib v\u0259t\u0259nda\u015fl\u0131q v\u0259 ya i\u015f icaz\u0259si \u00fc\u00e7\u00fcn m\u00fcraci\u0259t ed\u0259c\u0259k. N\u0259y\u0259 g\u00f6r\u0259 bu proses burada f\u0259rqli olmal\u0131d\u0131r? Bu, yaln\u0131z bel\u0259 olacaqd\u0131r. B\u0259l\u0259diyy\u0259 se\u00e7kil\u0259ri vasit\u0259sil\u0259 onlar \u00f6z n\u00fcmay\u0259nd\u0259l\u0259rini se\u00e7\u0259 bil\u0259rl\u0259r v\u0259 bu n\u00fcmay\u0259nd\u0259l\u0259r b\u0259l\u0259diyy\u0259l\u0259r\u0259 g\u00f6r\u0259 m\u0259sul \u015f\u0259xsl\u0259r olacaq. B\u00fct\u00fcn bu m\u0259lumatlar Qaraba\u011f erm\u0259nil\u0259rinin n\u00fcmay\u0259nd\u0259l\u0259rin\u0259 antiterror \u0259m\u0259liyyat\u0131ndan sonra \u00e7atd\u0131r\u0131lm\u0131\u015fd\u0131r v\u0259 biz bu m\u0259lumat\u0131n onlar t\u0259r\u0259find\u0259n Qaraba\u011f \u0259halisin\u0259 a\u00e7\u0131qlanmad\u0131\u011f\u0131ndan agah olduqdan sonra biz onu a\u00e7\u0131qlad\u0131q, d\u0259rc etdik.<\/p>\n<p>Bel\u0259likl\u0259, bu, beyn\u0259lxalq norma v\u0259 standartlara \u0259sas\u0259n h\u00fcquqi bir prosesdir. Bir daha qeyd etm\u0259k ist\u0259yir\u0259m, Az\u0259rbaycan \u00e7oxmill\u0259tli \u00f6lk\u0259dir v\u0259 Az\u0259rbaycandak\u0131 he\u00e7 bir etnik qrupun dini v\u0259 etnik z\u0259mind\u0259 he\u00e7 vaxt he\u00e7 bir problemi v\u0259 ya narahatl\u0131\u011f\u0131 olmam\u0131\u015fd\u0131r. Az\u0259rbaycan\u0131 tan\u0131yan ist\u0259nil\u0259n k\u0259s bunu t\u0259sdiql\u0259y\u0259 bil\u0259r. Yeri g\u0259lmi\u015fk\u0259n, bu g\u00fcn Az\u0259rbaycan\u0131n m\u00fcxt\u0259lif yerl\u0259rind\u0259 erm\u0259ni \u0259halisi he\u00e7 bir problem olmadan ya\u015fay\u0131r. Erm\u0259nil\u0259r v\u0259 az\u0259rbaycanl\u0131lar Rusiyada bir yerd\u0259 ya\u015fay\u0131rlar, Ukraynada bir yerd\u0259 ya\u015fay\u0131rlar v\u0259 G\u00fcrc\u00fcstanda h\u0259tta eyni k\u0259ndl\u0259rd\u0259 ya\u015fay\u0131rlar. N\u0259y\u0259 g\u00f6r\u0259 onlar Az\u0259rbaycanda v\u0259 yaxud Erm\u0259nistanda bir yerd\u0259 ya\u015faya bilm\u0259sinl\u0259r? Hesab edir\u0259m ki, onlar bir yerd\u0259 ya\u015faya bil\u0259rl\u0259r.<\/p>\n<p><strong>M\u00fcxbir:<\/strong>\u00a0\u00c7ox t\u0259\u015f\u0259kk\u00fcr edir\u0259m, c\u0259nab Prezident.<\/p>\n<p><strong>Prezident \u0130lham \u018fliyev:<\/strong>\u00a0T\u0259\u015f\u0259kk\u00fcrl\u0259r.<\/p>\n","protected":false},"excerpt":{"rendered":"<p>Az\u0259rbaycan Respublikas\u0131n\u0131n Prezidenti \u0130lham \u018fliyev noyabr\u0131n 23-d\u0259 \u201cEuronews\u201d televiziyas\u0131na m\u00fcsahib\u0259 verib. M\u00fcsahib\u0259 dekabr\u0131n 9-da \u201cEuronews\u201dda yay\u0131mlan\u0131b. &#8220;\u0130NFONEWS&#8221; h\u0259min m\u00fcsahib\u0259nin tam variant\u0131n\u0131 t\u0259qdim edir. M\u00fcxbir:\u00a0Salam c\u0259nab Prezident. Prezident \u0130lham \u018fliyev:\u00a0Salam. M\u00fcxbir:\u00a0Avropa&hellip; <\/p>\n","protected":false},"author":30,"featured_media":37610,"comment_status":"open","ping_status":"open","sticky":false,"template":"","format":"standard","meta":{"_mi_skip_tracking":false,"_monsterinsights_sitenote_active":false,"_monsterinsights_sitenote_note":"","_monsterinsights_sitenote_category":0,"footnotes":""},"categories":[10170,11],"tags":[11851,20,659],"aioseo_notices":[],"_links":{"self":[{"href":"https:\/\/infonews.az\/index.php?rest_route=\/wp\/v2\/posts\/37609"}],"collection":[{"href":"https:\/\/infonews.az\/index.php?rest_route=\/wp\/v2\/posts"}],"about":[{"href":"https:\/\/infonews.az\/index.php?rest_route=\/wp\/v2\/types\/post"}],"author":[{"embeddable":true,"href":"https:\/\/infonews.az\/index.php?rest_route=\/wp\/v2\/users\/30"}],"replies":[{"embeddable":true,"href":"https:\/\/infonews.az\/index.php?rest_route=%2Fwp%2Fv2%2Fcomments&post=37609"}],"version-history":[{"count":1,"href":"https:\/\/infonews.az\/index.php?rest_route=\/wp\/v2\/posts\/37609\/revisions"}],"predecessor-version":[{"id":37611,"href":"https:\/\/infonews.az\/index.php?rest_route=\/wp\/v2\/posts\/37609\/revisions\/37611"}],"wp:featuredmedia":[{"embeddable":true,"href":"https:\/\/infonews.az\/index.php?rest_route=\/wp\/v2\/media\/37610"}],"wp:attachment":[{"href":"https:\/\/infonews.az\/index.php?rest_route=%2Fwp%2Fv2%2Fmedia&parent=37609"}],"wp:term":[{"taxonomy":"category","embeddable":true,"href":"https:\/\/infonews.az\/index.php?rest_route=%2Fwp%2Fv2%2Fcategories&post=37609"},{"taxonomy":"post_tag","embeddable":true,"href":"https:\/\/infonews.az\/index.php?rest_route=%2Fwp%2Fv2%2Ftags&post=37609"}],"curies":[{"name":"wp","href":"https:\/\/api.w.org\/{rel}","templated":true}]}}