{"id":37752,"date":"2023-12-11T15:28:38","date_gmt":"2023-12-11T11:28:38","guid":{"rendered":"https:\/\/infonews.az\/?p=37752"},"modified":"2023-12-11T15:28:38","modified_gmt":"2023-12-11T11:28:38","slug":"az%c9%99rbaycan-v%c9%99-oman-arasinda-siyasi-m%c9%99sl%c9%99h%c9%99tl%c9%99sm%c9%99l%c9%99r-kecirilib","status":"publish","type":"post","link":"https:\/\/infonews.az\/?p=37752","title":{"rendered":"Az\u0259rbaycan v\u0259 Oman aras\u0131nda siyasi m\u0259sl\u0259h\u0259tl\u0259\u015fm\u0259l\u0259r ke\u00e7irilib"},"content":{"rendered":"<blockquote>\n<p class=\"medium-up\">Az\u0259rbaycan v\u0259 Oman aras\u0131nda siyasi m\u0259sl\u0259h\u0259tl\u0259\u015fm\u0259l\u0259r ke\u00e7irilib.<\/p>\n<\/blockquote>\n<p>Xarici i\u015fl\u0259r nazirinin m\u00fcavini Yal\u00e7\u0131n R\u0259fiyev Az\u0259rbaycan Respublikas\u0131 v\u0259 Oman Sultanl\u0131\u011f\u0131 Xarici \u0130\u015fl\u0259r Nazirlikl\u0259ri aras\u0131nda siyasi m\u0259sl\u0259h\u0259tl\u0259\u015fm\u0259l\u0259rin 5-ci raundunda i\u015ftirak etm\u0259k m\u0259qs\u0259dil\u0259 dekabr\u0131n 10-da Oman Sultanl\u0131\u011f\u0131nda s\u0259f\u0259rd\u0259 olub.<\/p>\n<p><a href=\"https:\/\/infonews.az\/\"><strong>&#8220;\u0130NFONEWS&#8221;<\/strong><\/a> x\u0259b\u0259r verir, ki bu bar\u0259d\u0259 Xarici \u0130\u015fl\u0259r Nazirliyi m\u0259lumat yay\u0131b.<\/p>\n<p>Bildirilib ki, siyasi m\u0259sl\u0259h\u0259tl\u0259\u015fm\u0259l\u0259rd\u0259 Oman Sultanl\u0131\u011f\u0131n\u0131n n\u00fcmay\u0259nd\u0259 hey\u0259tin\u0259 xarici i\u015fl\u0259r nazirinin siyasi m\u0259s\u0259l\u0259l\u0259r \u00fczr\u0259 m\u00fcavini \u015feyx X\u0259lif\u0259 bin \u018fli \u018fl-Harisi r\u0259hb\u0259rlik edib.<\/p>\n<p>M\u0259sl\u0259h\u0259tl\u0259\u015fm\u0259l\u0259r zaman\u0131 siyasi, iqtisadi-ticar\u0259t, enerji, humanitar, parlamentl\u0259raras\u0131 \u0259laq\u0259l\u0259r sah\u0259l\u0259rind\u0259 ikit\u0259r\u0259fli \u0259m\u0259kda\u015fl\u0131\u011f\u0131n haz\u0131rk\u0131 v\u0259ziyy\u0259ti v\u0259 perspektivl\u0259ri, beyn\u0259lxalq t\u0259\u015fkilatlar, o c\u00fcml\u0259d\u0259n BMT, \u0130slam \u018fm\u0259kda\u015fl\u0131q T\u0259\u015fkilat\u0131 v\u0259 Qo\u015fulmama H\u0259r\u0259kat\u0131 \u00e7\u0259r\u00e7iv\u0259sind\u0259 \u0259m\u0259kda\u015fl\u0131q m\u0259s\u0259l\u0259l\u0259ri m\u00fczakir\u0259 olunub.<\/p>\n<p>T\u0259r\u0259fl\u0259r Az\u0259rbaycan v\u0259 Oman aras\u0131nda qar\u015f\u0131l\u0131ql\u0131 s\u0259f\u0259rl\u0259rin \u0259h\u0259miyy\u0259tini vur\u011fulay\u0131b, ticar\u0259t d\u00f6vriyy\u0259sinin h\u0259cminin art\u0131r\u0131lmas\u0131na dair fikir m\u00fcbadil\u0259si apar\u0131b v\u0259 parlamentl\u0259raras\u0131 \u0259m\u0259kda\u015fl\u0131\u011f\u0131n inki\u015faf etdirilm\u0259sinin vacibliyini qeyd edibl\u0259r.<\/p>\n<p>G\u00f6r\u00fc\u015f zaman\u0131 Az\u0259rbaycanla Oman aras\u0131nda \u0259m\u0259kda\u015fl\u0131\u011f\u0131n m\u00fcxt\u0259lif aspektl\u0259rini \u0259hat\u0259 ed\u0259n v\u0259 h\u0259llini g\u00f6zl\u0259y\u0259n m\u0259s\u0259l\u0259l\u0259rl\u0259 ba\u011fl\u0131 i\u015fl\u0259rin s\u00fcr\u0259tl\u0259ndirilm\u0259si istiqam\u0259tind\u0259 f\u0259aliyy\u0259tin davam etdirilm\u0259si v\u0259 iki dost \u00f6lk\u0259 aras\u0131nda m\u00fcqavil\u0259-h\u00fcquq bazas\u0131n\u0131n geni\u015fl\u0259ndirilm\u0259si bar\u0259d\u0259 raz\u0131l\u0131q \u0259ld\u0259 olunub.<\/p>\n<p>T\u0259r\u0259fl\u0259r iqtisadi sah\u0259d\u0259 \u0259m\u0259kda\u015fl\u0131\u011f\u0131n inki\u015faf\u0131 \u00fc\u00e7\u00fcn geni\u015f potensial\u0131n oldu\u011funu vur\u011fulay\u0131blar.<\/p>\n<p>Oman xarici i\u015fl\u0259r nazirinin m\u00fcavini \u00f6lk\u0259sinin K\u00f6rf\u0259z \u018fm\u0259kda\u015fl\u0131q \u015euras\u0131 \u00e7\u0259r\u00e7iv\u0259sind\u0259 d\u0259 Az\u0259rbaycanla faydal\u0131 \u0259m\u0259kda\u015fl\u0131q ed\u0259c\u0259yin\u0259 inam\u0131n\u0131 ifad\u0259 edib.<\/p>\n<p>G\u00f6r\u00fc\u015fd\u0259 Az\u0259rbaycan v\u0259 Oman aras\u0131nda beyn\u0259lxalq t\u0259\u015fkilatlar \u00e7\u0259r\u00e7iv\u0259sind\u0259 qar\u015f\u0131l\u0131ql\u0131 d\u0259st\u0259yin bundan sonra da davam etdirilm\u0259si raz\u0131la\u015fd\u0131r\u0131l\u0131b.<\/p>\n<p>Az\u0259rbaycan xarici i\u015fl\u0259r nazirinin m\u00fcavini omanl\u0131 h\u0259mkar\u0131n\u0131 C\u0259nubi Qafqaz regionunda postm\u00fcnaqi\u015f\u0259 d\u00f6vr\u00fcnd\u0259 ged\u0259n prosesl\u0259r, o c\u00fcml\u0259d\u0259n Az\u0259rbaycan-Erm\u0259nistan m\u00fcnasib\u0259tl\u0259rinin normalla\u015fmas\u0131 prosesinin gedi\u015fat\u0131 bar\u0259d\u0259 m\u0259lumatland\u0131r\u0131b.<\/p>\n<p>Y.R\u0259fiyev Az\u0259rbaycan\u0131n qlobal xarakterli m\u00f6t\u0259b\u0259r t\u0259dbirl\u0259ri y\u00fcks\u0259k s\u0259viyy\u0259d\u0259 t\u0259\u015fkil etm\u0259k bacar\u0131\u011f\u0131n\u0131 d\u0259f\u0259l\u0259rl\u0259 n\u00fcmayi\u015f etdirdiyini v\u0259 \u00f6lk\u0259mizd\u0259 yax\u0131n g\u0259l\u0259c\u0259kd\u0259 ke\u00e7iril\u0259c\u0259k qlobal \u0259h\u0259miyy\u0259tli beyn\u0259lxalq t\u0259dbirl\u0259rd\u0259 Oman t\u0259r\u0259finin d\u0259 y\u00fcks\u0259k s\u0259viyy\u0259d\u0259 i\u015ftirak ed\u0259c\u0259yin\u0259 \u0259minliyini ifad\u0259 edib.<\/p>\n<p>G\u00f6r\u00fc\u015f zaman\u0131 qar\u015f\u0131l\u0131ql\u0131 maraq do\u011furan bir s\u0131ra beyn\u0259lxalq v\u0259 regional m\u0259s\u0259l\u0259l\u0259r\u0259 dair fikir m\u00fcbadil\u0259si apar\u0131l\u0131b.<\/p>\n","protected":false},"excerpt":{"rendered":"<p>Az\u0259rbaycan v\u0259 Oman aras\u0131nda siyasi m\u0259sl\u0259h\u0259tl\u0259\u015fm\u0259l\u0259r ke\u00e7irilib. Xarici i\u015fl\u0259r nazirinin m\u00fcavini Yal\u00e7\u0131n R\u0259fiyev Az\u0259rbaycan Respublikas\u0131 v\u0259 Oman Sultanl\u0131\u011f\u0131 Xarici \u0130\u015fl\u0259r Nazirlikl\u0259ri aras\u0131nda siyasi m\u0259sl\u0259h\u0259tl\u0259\u015fm\u0259l\u0259rin 5-ci raundunda i\u015ftirak etm\u0259k m\u0259qs\u0259dil\u0259 dekabr\u0131n&hellip; <\/p>\n","protected":false},"author":30,"featured_media":37755,"comment_status":"open","ping_status":"open","sticky":false,"template":"","format":"standard","meta":{"_mi_skip_tracking":false,"_monsterinsights_sitenote_active":false,"_monsterinsights_sitenote_note":"","_monsterinsights_sitenote_category":0,"footnotes":""},"categories":[6,11,10171],"tags":[10434,13,5045,103,11909],"aioseo_notices":[],"_links":{"self":[{"href":"https:\/\/infonews.az\/index.php?rest_route=\/wp\/v2\/posts\/37752"}],"collection":[{"href":"https:\/\/infonews.az\/index.php?rest_route=\/wp\/v2\/posts"}],"about":[{"href":"https:\/\/infonews.az\/index.php?rest_route=\/wp\/v2\/types\/post"}],"author":[{"embeddable":true,"href":"https:\/\/infonews.az\/index.php?rest_route=\/wp\/v2\/users\/30"}],"replies":[{"embeddable":true,"href":"https:\/\/infonews.az\/index.php?rest_route=%2Fwp%2Fv2%2Fcomments&post=37752"}],"version-history":[{"count":1,"href":"https:\/\/infonews.az\/index.php?rest_route=\/wp\/v2\/posts\/37752\/revisions"}],"predecessor-version":[{"id":37756,"href":"https:\/\/infonews.az\/index.php?rest_route=\/wp\/v2\/posts\/37752\/revisions\/37756"}],"wp:featuredmedia":[{"embeddable":true,"href":"https:\/\/infonews.az\/index.php?rest_route=\/wp\/v2\/media\/37755"}],"wp:attachment":[{"href":"https:\/\/infonews.az\/index.php?rest_route=%2Fwp%2Fv2%2Fmedia&parent=37752"}],"wp:term":[{"taxonomy":"category","embeddable":true,"href":"https:\/\/infonews.az\/index.php?rest_route=%2Fwp%2Fv2%2Fcategories&post=37752"},{"taxonomy":"post_tag","embeddable":true,"href":"https:\/\/infonews.az\/index.php?rest_route=%2Fwp%2Fv2%2Ftags&post=37752"}],"curies":[{"name":"wp","href":"https:\/\/api.w.org\/{rel}","templated":true}]}}