{"id":37799,"date":"2023-12-12T12:42:35","date_gmt":"2023-12-12T08:42:35","guid":{"rendered":"https:\/\/infonews.az\/?p=37799"},"modified":"2023-12-12T12:42:35","modified_gmt":"2023-12-12T08:42:35","slug":"ulu-ond%c9%99r-heyd%c9%99r-eliyevin-%c9%99ziz-xatir%c9%99si-koreyada-anilib","status":"publish","type":"post","link":"https:\/\/infonews.az\/?p=37799","title":{"rendered":"Ulu \u00d6nd\u0259r Heyd\u0259r \u018fliyevin \u0259ziz xatir\u0259si Koreyada an\u0131l\u0131b"},"content":{"rendered":"<p><span style=\"color: #ffffff;\">Ulu \u00d6nd\u0259r Heyd\u0259r \u018fliyevin \u0259ziz xatir\u0259si Koreyada an\u0131l\u0131b <\/span><\/p>\n<blockquote><p>Az\u0259rbaycan\u0131n Koreya Respublikas\u0131ndak\u0131 s\u0259firliyinin t\u0259\u015fkilat\u00e7\u0131l\u0131\u011f\u0131 il\u0259 Seul \u015f\u0259h\u0259rind\u0259 xalq\u0131m\u0131z\u0131n \u00dcmummilli Lideri Heyd\u0259r \u018fliyevin xatir\u0259sin\u0259 h\u0259sr olunmu\u015f an\u0131m t\u0259dbiri ke\u00e7irilib.<\/p><\/blockquote>\n<p><a href=\"https:\/\/infonews.az\/?p=37799\"><span style=\"color: #333399;\"><strong>&#8220;\u0130NFONEWS&#8221;<\/strong><\/span><\/a> AZ\u018fRTAC &#8211; a istinad\u0259n x\u0259b\u0259r verir ki, t\u0259dbird\u0259 \u0259vv\u0259lc\u0259 Ulu \u00d6nd\u0259rin \u0259ziz xatir\u0259si bir d\u0259qiq\u0259lik s\u00fckutla yad edilib.<\/p>\n<p>S\u0259fir Ramin H\u0259s\u0259nov g\u00f6rk\u0259mli d\u00f6vl\u0259t xadimi Heyd\u0259r \u018fliyevin Az\u0259rbaycan\u0131n d\u00f6vl\u0259t\u00e7ilik tarixind\u0259 oynad\u0131\u011f\u0131 \u0259v\u0259zolunmaz roldan v\u0259 Ulu \u00d6nd\u0259rin siyasi irsind\u0259n dan\u0131\u015f\u0131b. Vur\u011fulay\u0131b ki, Heyd\u0259r \u018fliyevin 100 illik yubileyinin t\u0259sad\u00fcf etdiyi 2023-c\u00fc il Ulu \u00d6nd\u0259rin xalq\u0131m\u0131z qar\u015f\u0131s\u0131nda \u0259v\u0259zedilm\u0259z xidm\u0259tl\u0259rin\u0259 ehtiram \u0259lam\u0259ti olaraq Prezident \u0130lham \u018fliyevin m\u00fcvafiq S\u0259r\u0259ncam\u0131 il\u0259 \u00f6lk\u0259mizd\u0259 \u201cHeyd\u0259r \u018fliyev \u0130li\u201d kimi qeyd edilir. Diplomat deyib ki, \u00f6lk\u0259mizi vaxtil\u0259 \u00e7ox \u00e7\u0259tin v\u0259ziyy\u0259td\u0259n \u00e7\u0131xarma\u011fa nail olmu\u015f v\u0259 d\u00f6vl\u0259t\u00e7iliyimizi xilas etmi\u015f Heyd\u0259r \u018fliyevin ad\u0131 m\u00fcasir v\u0259 g\u00fccl\u00fc Az\u0259rbaycan\u0131n r\u0259mzin\u0259 \u00e7evrilib.<\/p>\n<p>S\u0259fir Ulu \u00d6nd\u0259rin y\u00fcks\u0259k ustal\u0131q v\u0259 uzaqg\u00f6r\u0259nlikl\u0259 \u0259sas\u0131n\u0131 qoydu\u011fu siyasi x\u0259ttin davaml\u0131 \u015f\u0259kild\u0259 h\u0259yata ke\u00e7irilm\u0259sinin n\u0259tic\u0259si olaraq M\u00fcz\u0259ff\u0259r Ali Ba\u015f Komandan, \u0130lham \u018fliyevin r\u0259hb\u0259rliyi il\u0259 \u00f6lk\u0259mizin \u00f6z \u0259razi b\u00fct\u00f6vl\u00fcy\u00fc v\u0259 suverenliyini b\u0259rpa etm\u0259si bar\u0259d\u0259 m\u0259lumat verib. Qeyd edilib ki, buna g\u00f6r\u0259 Ulu \u00d6nd\u0259rin ruhu \u015fadd\u0131r. Diplomat Az\u0259rbaycan\u0131n haz\u0131rda regionda davaml\u0131 s\u00fclh\u0259 nail olunmas\u0131 \u00fc\u00e7\u00fcn s\u0259y g\u00f6st\u0259rdiyini, el\u0259c\u0259 d\u0259 Erm\u0259nistanla m\u00fcnasib\u0259tl\u0259rin normalla\u015fmas\u0131 v\u0259 tezlikl\u0259 s\u00fclh sazi\u015finin imzalanmas\u0131na \u00e7al\u0131\u015fd\u0131\u011f\u0131n\u0131 diqq\u0259t\u0259 \u00e7atd\u0131r\u0131b.<\/p>\n<p>Sonra Ulu \u00d6nd\u0259rin xarici siyas\u0259t sah\u0259sind\u0259 f\u0259aliyy\u0259tini v\u0259 diplomatik s\u0259yl\u0259rini \u0259ks etdir\u0259n q\u0131sametrajl\u0131 s\u0259n\u0259dli film n\u00fcmayi\u015f olunub.<\/p>\n<p>T\u0259dbir koreyal\u0131 musiqi\u00e7il\u0259r Yunq Coo Park, Younq Kyounq Kvon v\u0259 Bo Bae Yoonun ifas\u0131nda Az\u0259rbaycan v\u0259 xarici b\u0259st\u0259karlar\u0131n \u0259s\u0259rl\u0259rind\u0259n ibar\u0259t an\u0131m konserti il\u0259 davam edib.<\/p>\n<p>T\u0259dbird\u0259 Koreya Respublikas\u0131nda akkredit\u0259 olunmu\u015f diplomatik missiyalar\u0131n r\u0259hb\u0259rl\u0259ri v\u0259 \u0259m\u0259kda\u015flar\u0131, Koreyan\u0131n ictimai-siyasi, m\u0259d\u0259niyy\u0259t, elm, t\u0259hsil dair\u0259l\u0259rinin n\u00fcmay\u0259nd\u0259l\u0259ri, k\u00fctl\u0259vi informasiya vasit\u0259l\u0259rinin t\u0259msil\u00e7il\u0259ri v\u0259 Az\u0259rbaycan diasporunun \u00fczvl\u0259ri i\u015ftirak edibl\u0259r.<\/p>\n<p><img loading=\"lazy\" decoding=\"async\" class=\"aligncenter size-full wp-image-37801\" src=\"https:\/\/infonews.az\/wp-content\/uploads\/2023\/12\/170236962558003272_1200x630.jpeg\" alt=\"\" width=\"840\" height=\"630\" srcset=\"https:\/\/infonews.az\/wp-content\/uploads\/2023\/12\/170236962558003272_1200x630.jpeg 840w, https:\/\/infonews.az\/wp-content\/uploads\/2023\/12\/170236962558003272_1200x630-300x225.jpeg 300w, https:\/\/infonews.az\/wp-content\/uploads\/2023\/12\/170236962558003272_1200x630-768x576.jpeg 768w\" sizes=\"(max-width: 840px) 100vw, 840px\" \/><\/p>\n<p><img loading=\"lazy\" decoding=\"async\" class=\"aligncenter size-full wp-image-37802\" src=\"https:\/\/infonews.az\/wp-content\/uploads\/2023\/12\/17023696251072728993_1200x630.jpeg\" alt=\"\" width=\"840\" height=\"630\" srcset=\"https:\/\/infonews.az\/wp-content\/uploads\/2023\/12\/17023696251072728993_1200x630.jpeg 840w, https:\/\/infonews.az\/wp-content\/uploads\/2023\/12\/17023696251072728993_1200x630-300x225.jpeg 300w, https:\/\/infonews.az\/wp-content\/uploads\/2023\/12\/17023696251072728993_1200x630-768x576.jpeg 768w\" sizes=\"(max-width: 840px) 100vw, 840px\" \/><\/p>\n<p><img loading=\"lazy\" decoding=\"async\" class=\"aligncenter size-full wp-image-37803\" src=\"https:\/\/infonews.az\/wp-content\/uploads\/2023\/12\/17023696256462110244_1200x630.jpeg\" alt=\"\" width=\"840\" height=\"630\" srcset=\"https:\/\/infonews.az\/wp-content\/uploads\/2023\/12\/17023696256462110244_1200x630.jpeg 840w, https:\/\/infonews.az\/wp-content\/uploads\/2023\/12\/17023696256462110244_1200x630-300x225.jpeg 300w, https:\/\/infonews.az\/wp-content\/uploads\/2023\/12\/17023696256462110244_1200x630-768x576.jpeg 768w\" sizes=\"(max-width: 840px) 100vw, 840px\" \/><\/p>\n<p><img loading=\"lazy\" decoding=\"async\" class=\"aligncenter size-full wp-image-37804\" src=\"https:\/\/infonews.az\/wp-content\/uploads\/2023\/12\/17023696255287752001_1200x630.jpeg\" alt=\"\" width=\"840\" height=\"630\" srcset=\"https:\/\/infonews.az\/wp-content\/uploads\/2023\/12\/17023696255287752001_1200x630.jpeg 840w, https:\/\/infonews.az\/wp-content\/uploads\/2023\/12\/17023696255287752001_1200x630-300x225.jpeg 300w, https:\/\/infonews.az\/wp-content\/uploads\/2023\/12\/17023696255287752001_1200x630-768x576.jpeg 768w\" sizes=\"(max-width: 840px) 100vw, 840px\" \/><\/p>\n","protected":false},"excerpt":{"rendered":"<p>Ulu \u00d6nd\u0259r Heyd\u0259r \u018fliyevin \u0259ziz xatir\u0259si Koreyada an\u0131l\u0131b Az\u0259rbaycan\u0131n Koreya Respublikas\u0131ndak\u0131 s\u0259firliyinin t\u0259\u015fkilat\u00e7\u0131l\u0131\u011f\u0131 il\u0259 Seul \u015f\u0259h\u0259rind\u0259 xalq\u0131m\u0131z\u0131n \u00dcmummilli Lideri Heyd\u0259r \u018fliyevin xatir\u0259sin\u0259 h\u0259sr olunmu\u015f an\u0131m t\u0259dbiri ke\u00e7irilib. &#8220;\u0130NFONEWS&#8221; AZ\u018fRTAC &#8211;&hellip; <\/p>\n","protected":false},"author":14,"featured_media":37800,"comment_status":"open","ping_status":"open","sticky":false,"template":"","format":"standard","meta":{"_mi_skip_tracking":false,"_monsterinsights_sitenote_active":false,"_monsterinsights_sitenote_note":"","_monsterinsights_sitenote_category":0,"footnotes":""},"categories":[9,11],"tags":[99,15,11630,11920],"aioseo_notices":[],"_links":{"self":[{"href":"https:\/\/infonews.az\/index.php?rest_route=\/wp\/v2\/posts\/37799"}],"collection":[{"href":"https:\/\/infonews.az\/index.php?rest_route=\/wp\/v2\/posts"}],"about":[{"href":"https:\/\/infonews.az\/index.php?rest_route=\/wp\/v2\/types\/post"}],"author":[{"embeddable":true,"href":"https:\/\/infonews.az\/index.php?rest_route=\/wp\/v2\/users\/14"}],"replies":[{"embeddable":true,"href":"https:\/\/infonews.az\/index.php?rest_route=%2Fwp%2Fv2%2Fcomments&post=37799"}],"version-history":[{"count":1,"href":"https:\/\/infonews.az\/index.php?rest_route=\/wp\/v2\/posts\/37799\/revisions"}],"predecessor-version":[{"id":37805,"href":"https:\/\/infonews.az\/index.php?rest_route=\/wp\/v2\/posts\/37799\/revisions\/37805"}],"wp:featuredmedia":[{"embeddable":true,"href":"https:\/\/infonews.az\/index.php?rest_route=\/wp\/v2\/media\/37800"}],"wp:attachment":[{"href":"https:\/\/infonews.az\/index.php?rest_route=%2Fwp%2Fv2%2Fmedia&parent=37799"}],"wp:term":[{"taxonomy":"category","embeddable":true,"href":"https:\/\/infonews.az\/index.php?rest_route=%2Fwp%2Fv2%2Fcategories&post=37799"},{"taxonomy":"post_tag","embeddable":true,"href":"https:\/\/infonews.az\/index.php?rest_route=%2Fwp%2Fv2%2Ftags&post=37799"}],"curies":[{"name":"wp","href":"https:\/\/api.w.org\/{rel}","templated":true}]}}