{"id":37828,"date":"2023-12-12T16:28:59","date_gmt":"2023-12-12T12:28:59","guid":{"rendered":"https:\/\/infonews.az\/?p=37828"},"modified":"2023-12-12T16:28:59","modified_gmt":"2023-12-12T12:28:59","slug":"ukraynali-general-rusiya-ordusu-iki-istiqam%c9%99td%c9%99-f%c9%99al-hucuma-kecib","status":"publish","type":"post","link":"https:\/\/infonews.az\/?p=37828","title":{"rendered":"Ukraynal\u0131 general: &#8220;Rusiya ordusu iki istiqam\u0259td\u0259 f\u0259al h\u00fccuma ke\u00e7ib&#8221;"},"content":{"rendered":"<blockquote><p>Ukraynal\u0131 general: &#8220;Rusiya ordusu iki istiqam\u0259td\u0259 f\u0259al h\u00fccuma ke\u00e7ib&#8221;<\/p><\/blockquote>\n<p>Rusiya Ukraynan\u0131n Avdeyevski v\u0259 Maryinski \u015f\u0259h\u0259rl\u0259ri istiqam\u0259tind\u0259 f\u0259al h\u00fccum \u0259m\u0259liyyatlar\u0131na ba\u015flay\u0131b.<\/p>\n<p><a href=\"https:\/\/infonews.az\/\"><strong>&#8220;\u0130NFONEWS&#8221;\u00a0<\/strong> <\/a>x\u0259b\u0259r verir ki, bu bar\u0259d\u0259 Ukrayna ordusunun briqada general\u0131, \u201cTavriya\u201d \u0259m\u0259liyyat-strateji qo\u015funlar qrupunun komandan\u0131 Aleksandr Tarnavski Teleqramda yaz\u0131b.<\/p>\n<p>O bildirib ki, qar\u015f\u0131 t\u0259r\u0259f k\u00fctl\u0259vi h\u00fccumlar zaman\u0131 zirehli texnika v\u0259 t\u0259yyar\u0259l\u0259rd\u0259n istifad\u0259 edir: \u201c\u0130ki g\u00fcn \u0259vv\u0259l d\u00fc\u015fm\u0259n Avdeyevski v\u0259 Maryinski istiqam\u0259tl\u0259rind\u0259 zirehli texnikan\u0131n d\u0259st\u0259yi il\u0259 irimiqyasl\u0131 h\u00fccum \u0259m\u0259liyyatlar\u0131na ba\u015flay\u0131b. Onlar aviasiyadan, h\u0259m\u00e7inin idar\u0259 olunan aviabombalardan f\u0259al istifad\u0259 edirl\u0259r\u201d.<\/p>\n<p>Xat\u0131rladaq ki, Rusiya il\u0259 Ukrayna aras\u0131nda geni\u015fmiqyasl\u0131 m\u00fcharib\u0259 \u00f6t\u0259n il fevral\u0131n 24-d\u0259 ba\u015flay\u0131b. Ukrayna bu ilin iyununda \u0259ks-h\u00fccum \u0259m\u0259liyyatlar\u0131 ke\u00e7irir. R\u0259smi Kiyevin m\u00f6vqeyin\u0259 g\u00f6r\u0259, Ukraynan\u0131n \u0259razi b\u00fct\u00f6vl\u00fcy\u00fc tam t\u0259min olunmadan m\u00fcharib\u0259 ba\u015fa \u00e7atmayacaq. Ukrayna Prezidenti Volodimir Zelenski daha \u0259vv\u0259l bildirmi\u015fdi ki, Q\u0259rb d\u0259st\u0259yi dayand\u0131rsa, \u00f6lk\u0259si geri \u00e7\u0259kil\u0259c\u0259k. V.Zelenski \u0259ks-h\u00fccum \u0259m\u0259liyyat\u0131n\u0131n u\u011fursuz oldu\u011funu etiraf edib.<\/p>\n","protected":false},"excerpt":{"rendered":"<p>Ukraynal\u0131 general: &#8220;Rusiya ordusu iki istiqam\u0259td\u0259 f\u0259al h\u00fccuma ke\u00e7ib&#8221; Rusiya Ukraynan\u0131n Avdeyevski v\u0259 Maryinski \u015f\u0259h\u0259rl\u0259ri istiqam\u0259tind\u0259 f\u0259al h\u00fccum \u0259m\u0259liyyatlar\u0131na ba\u015flay\u0131b. &#8220;\u0130NFONEWS&#8221;\u00a0 x\u0259b\u0259r verir ki, bu bar\u0259d\u0259 Ukrayna ordusunun briqada general\u0131,&hellip; <\/p>\n","protected":false},"author":30,"featured_media":37829,"comment_status":"open","ping_status":"open","sticky":false,"template":"","format":"standard","meta":{"_mi_skip_tracking":false,"_monsterinsights_sitenote_active":false,"_monsterinsights_sitenote_note":"","_monsterinsights_sitenote_category":0,"footnotes":""},"categories":[9,11],"tags":[11924,11923,11921,11922,143,172,5775],"aioseo_notices":[],"_links":{"self":[{"href":"https:\/\/infonews.az\/index.php?rest_route=\/wp\/v2\/posts\/37828"}],"collection":[{"href":"https:\/\/infonews.az\/index.php?rest_route=\/wp\/v2\/posts"}],"about":[{"href":"https:\/\/infonews.az\/index.php?rest_route=\/wp\/v2\/types\/post"}],"author":[{"embeddable":true,"href":"https:\/\/infonews.az\/index.php?rest_route=\/wp\/v2\/users\/30"}],"replies":[{"embeddable":true,"href":"https:\/\/infonews.az\/index.php?rest_route=%2Fwp%2Fv2%2Fcomments&post=37828"}],"version-history":[{"count":1,"href":"https:\/\/infonews.az\/index.php?rest_route=\/wp\/v2\/posts\/37828\/revisions"}],"predecessor-version":[{"id":37830,"href":"https:\/\/infonews.az\/index.php?rest_route=\/wp\/v2\/posts\/37828\/revisions\/37830"}],"wp:featuredmedia":[{"embeddable":true,"href":"https:\/\/infonews.az\/index.php?rest_route=\/wp\/v2\/media\/37829"}],"wp:attachment":[{"href":"https:\/\/infonews.az\/index.php?rest_route=%2Fwp%2Fv2%2Fmedia&parent=37828"}],"wp:term":[{"taxonomy":"category","embeddable":true,"href":"https:\/\/infonews.az\/index.php?rest_route=%2Fwp%2Fv2%2Fcategories&post=37828"},{"taxonomy":"post_tag","embeddable":true,"href":"https:\/\/infonews.az\/index.php?rest_route=%2Fwp%2Fv2%2Ftags&post=37828"}],"curies":[{"name":"wp","href":"https:\/\/api.w.org\/{rel}","templated":true}]}}