{"id":37831,"date":"2023-12-12T16:35:19","date_gmt":"2023-12-12T12:35:19","guid":{"rendered":"https:\/\/infonews.az\/?p=37831"},"modified":"2023-12-12T16:35:19","modified_gmt":"2023-12-12T12:35:19","slug":"az%c9%99rbaycan-xin-bascisinin-muavini-b%c9%99hreyn%c9%99-s%c9%99f%c9%99r-edib","status":"publish","type":"post","link":"https:\/\/infonews.az\/?p=37831","title":{"rendered":"Az\u0259rbaycan X\u0130N ba\u015f\u00e7\u0131s\u0131n\u0131n m\u00fcavini B\u0259hreyn\u0259 s\u0259f\u0259r edib"},"content":{"rendered":"<blockquote><p>Az\u0259rbaycan X\u0130N ba\u015f\u00e7\u0131s\u0131n\u0131n m\u00fcavini B\u0259hreyn\u0259 s\u0259f\u0259r edib.<\/p><\/blockquote>\n<p>Xarici i\u015fl\u0259r nazirinin m\u00fcavini Yal\u00e7\u0131n R\u0259fiyev dekabr\u0131n 11-d\u0259 B\u0259hreyn Krall\u0131\u011f\u0131nda s\u0259f\u0259rd\u0259 olub.<\/p>\n<p><a href=\"https:\/\/infonews.az\/\"><strong>&#8220;\u0130NFONEWS&#8221;<\/strong> <\/a>x\u0259b\u0259r verir ki, bu bar\u0259d\u0259 Az\u0259rbaycan Xarici \u0130\u015fl\u0259r Nazirliyind\u0259n bildirilib.<\/p>\n<p>Qeyd olunub ki, s\u0259f\u0259r \u00e7\u0259r\u00e7iv\u0259sind\u0259 Y.R\u0259fiyev B\u0259hreyn xarici i\u015fl\u0259r nazirinin diplomatik m\u0259s\u0259l\u0259l\u0259r \u00fczr\u0259 m\u00fcavini \u015feyx Abdullah bin \u018fhm\u0259d Al X\u0259lif\u0259 il\u0259 g\u00f6r\u00fc\u015f\u00fcb.<\/p>\n<p>G\u00f6r\u00fc\u015f zaman\u0131 Az\u0259rbaycan-B\u0259hreyn m\u00fcnasib\u0259tl\u0259rinin haz\u0131rk\u0131 v\u0259ziyy\u0259ti v\u0259 g\u0259l\u0259c\u0259k perspektivl\u0259rin\u0259 dair fikir m\u00fcbadil\u0259si apar\u0131l\u0131b. T\u0259r\u0259fl\u0259r iki dost \u00f6lk\u0259 aras\u0131nda siyasi \u0259laq\u0259l\u0259rin y\u00fcks\u0259k s\u0259viyy\u0259d\u0259 oldu\u011funu v\u0259 \u0259m\u0259kda\u015fl\u0131\u011f\u0131n dig\u0259r sah\u0259l\u0259rd\u0259 d\u0259 inki\u015faf\u0131nda maraql\u0131 olduqlar\u0131n\u0131 vur\u011fulay\u0131blar.<\/p>\n<p>G\u00f6r\u00fc\u015f zaman\u0131 Az\u0259rbaycan v\u0259 B\u0259hreyn aras\u0131nda y\u00fcks\u0259k s\u0259viyy\u0259li qar\u015f\u0131l\u0131ql\u0131 s\u0259f\u0259rl\u0259rin \u0259h\u0259miyy\u0259tin\u0259 toxunulub, m\u00fcqavil\u0259-h\u00fcquq bazas\u0131n\u0131n t\u0259kmill\u0259\u015fdirilm\u0259sinin vacibliyi qeyd olunub.<\/p>\n<p>T\u0259r\u0259fl\u0259r iqtisadi-ticar\u0259t sah\u0259sind\u0259 qar\u015f\u0131l\u0131ql\u0131 \u0259m\u0259kda\u015fl\u0131\u011f\u0131n inki\u015faf\u0131 \u00fc\u00e7\u00fcn geni\u015f imkanlar\u0131n oldu\u011funu qeyd edib v\u0259 yax\u0131n vaxtlarda iki \u00f6lk\u0259nin i\u015fg\u00fczar dair\u0259l\u0259rinin n\u00fcmay\u0259nd\u0259l\u0259ri aras\u0131nda g\u00f6r\u00fc\u015f\u00fcn ke\u00e7irilm\u0259si bar\u0259d\u0259 raz\u0131l\u0131\u011fa g\u0259libl\u0259r.<\/p>\n<p>G\u00f6r\u00fc\u015fd\u0259 Az\u0259rbaycan v\u0259 B\u0259hreyn aras\u0131nda beyn\u0259lxalq t\u0259\u015fkilatlar \u00e7\u0259r\u00e7iv\u0259sind\u0259 \u0259m\u0259kda\u015fl\u0131\u011f\u0131n s\u0259viyy\u0259sind\u0259n m\u0259mnunluq ifad\u0259 olunub v\u0259 bu istiqam\u0259td\u0259 \u0259m\u0259kda\u015fl\u0131\u011f\u0131n davam etdirilm\u0259sinin vacibliyi vur\u011fulan\u0131b.<\/p>\n<p>B\u0259hreyn xarici i\u015fl\u0259r nazirinin m\u00fcavini \u00f6lk\u0259sinin ev sahibliyi il\u0259 cari ilin 17-19 noyabr tarixl\u0259rind\u0259 ke\u00e7iril\u0259n 19-cu Regional T\u0259hl\u00fck\u0259sizlik Sammiti &#8211; Manama Dialoqu 2023-\u00fcn n\u0259tic\u0259l\u0259ri haqq\u0131nda az\u0259rbaycanl\u0131 h\u0259mkar\u0131n\u0131 m\u0259lumatland\u0131r\u0131b.<\/p>\n<p>G\u00f6r\u00fc\u015fd\u0259 h\u0259m\u00e7inin t\u0259r\u0259fl\u0259r aras\u0131nda regional m\u0259s\u0259l\u0259l\u0259r bar\u0259d\u0259 fikir m\u00fcbadil\u0259si apar\u0131l\u0131b.<\/p>\n<div class=\"news-gallery\">\n<div class=\"thumbs-list grid\">\n<div class=\"parent-grid-item\"><\/div>\n<\/div>\n<\/div>\n","protected":false},"excerpt":{"rendered":"<p>Az\u0259rbaycan X\u0130N ba\u015f\u00e7\u0131s\u0131n\u0131n m\u00fcavini B\u0259hreyn\u0259 s\u0259f\u0259r edib. Xarici i\u015fl\u0259r nazirinin m\u00fcavini Yal\u00e7\u0131n R\u0259fiyev dekabr\u0131n 11-d\u0259 B\u0259hreyn Krall\u0131\u011f\u0131nda s\u0259f\u0259rd\u0259 olub. &#8220;\u0130NFONEWS&#8221; x\u0259b\u0259r verir ki, bu bar\u0259d\u0259 Az\u0259rbaycan Xarici \u0130\u015fl\u0259r Nazirliyind\u0259n bildirilib.&hellip; <\/p>\n","protected":false},"author":30,"featured_media":37832,"comment_status":"open","ping_status":"open","sticky":false,"template":"","format":"standard","meta":{"_mi_skip_tracking":false,"_monsterinsights_sitenote_active":false,"_monsterinsights_sitenote_note":"","_monsterinsights_sitenote_category":0,"footnotes":""},"categories":[6,11,10171],"tags":[11925,4311,11926,6217,11909],"aioseo_notices":[],"_links":{"self":[{"href":"https:\/\/infonews.az\/index.php?rest_route=\/wp\/v2\/posts\/37831"}],"collection":[{"href":"https:\/\/infonews.az\/index.php?rest_route=\/wp\/v2\/posts"}],"about":[{"href":"https:\/\/infonews.az\/index.php?rest_route=\/wp\/v2\/types\/post"}],"author":[{"embeddable":true,"href":"https:\/\/infonews.az\/index.php?rest_route=\/wp\/v2\/users\/30"}],"replies":[{"embeddable":true,"href":"https:\/\/infonews.az\/index.php?rest_route=%2Fwp%2Fv2%2Fcomments&post=37831"}],"version-history":[{"count":1,"href":"https:\/\/infonews.az\/index.php?rest_route=\/wp\/v2\/posts\/37831\/revisions"}],"predecessor-version":[{"id":37833,"href":"https:\/\/infonews.az\/index.php?rest_route=\/wp\/v2\/posts\/37831\/revisions\/37833"}],"wp:featuredmedia":[{"embeddable":true,"href":"https:\/\/infonews.az\/index.php?rest_route=\/wp\/v2\/media\/37832"}],"wp:attachment":[{"href":"https:\/\/infonews.az\/index.php?rest_route=%2Fwp%2Fv2%2Fmedia&parent=37831"}],"wp:term":[{"taxonomy":"category","embeddable":true,"href":"https:\/\/infonews.az\/index.php?rest_route=%2Fwp%2Fv2%2Fcategories&post=37831"},{"taxonomy":"post_tag","embeddable":true,"href":"https:\/\/infonews.az\/index.php?rest_route=%2Fwp%2Fv2%2Ftags&post=37831"}],"curies":[{"name":"wp","href":"https:\/\/api.w.org\/{rel}","templated":true}]}}