{"id":37902,"date":"2023-12-12T11:24:21","date_gmt":"2023-12-12T07:24:21","guid":{"rendered":"https:\/\/infonews.az\/?p=37902"},"modified":"2023-12-14T13:28:52","modified_gmt":"2023-12-14T09:28:52","slug":"mudafi%c9%99-nazirliyinin-r%c9%99hb%c9%99r-hey%c9%99ti-f%c9%99xri-xiyabani-ziyar%c9%99t-edib","status":"publish","type":"post","link":"https:\/\/infonews.az\/?p=37902","title":{"rendered":"M\u00fcdafi\u0259 Nazirliyinin r\u0259hb\u0259r hey\u0259ti F\u0259xri xiyaban\u0131 ziyar\u0259t edib"},"content":{"rendered":"<p><span style=\"color: #ffffff;\">M\u00fcdafi\u0259 Nazirliyinin r\u0259hb\u0259r hey\u0259ti F\u0259xri xiyaban\u0131 ziyar\u0259t edib<\/span><\/p>\n<blockquote><p><span style=\"color: #000000;\">Dekabr\u0131n 12-d\u0259 m\u00fcasir Az\u0259rbaycan d\u00f6vl\u0259tinin memar\u0131 v\u0259 qurucusu, xalq\u0131m\u0131z\u0131n \u00dcmummilli Lideri Heyd\u0259r \u018fliyevin an\u0131m g\u00fcn\u00fc il\u0259 \u0259laq\u0259dar M\u00fcdafi\u0259 Nazirliyinin r\u0259hb\u0259rliyi F\u0259xri xiyaban\u0131 ziyar\u0259t edib.<\/span><\/p><\/blockquote>\n<p><span style=\"color: #000000;\">M\u00fcdafi\u0259 Nazirliyind\u0259n <a href=\"https:\/\/infonews.az\/\"><span style=\"color: #000080;\"><strong>&#8220;\u0130NFONEWS&#8221;<\/strong><\/span><\/a>-a veril\u0259n m\u0259lumata g\u00f6r\u0259, Ulu \u00d6nd\u0259rin m\u0259zar\u0131 \u00f6n\u00fcn\u0259 \u0259klil v\u0259 g\u00fcl d\u0259st\u0259l\u0259ri qoyularaq xatir\u0259si d\u0259rin h\u00f6rm\u0259t v\u0259 ehtiramla yad edilib.<\/span><\/p>\n<p><span style=\"color: #000000;\">Sonra g\u00f6rk\u0259mli oftalmoloq-alim, akademik Z\u0259rif\u0259 xan\u0131m \u018fliyevan\u0131n m\u0259zar\u0131 \u00fcz\u0259rin\u0259 g\u00fcl d\u0259st\u0259l\u0259ri qoyulub, ehtiram n\u00fcmayi\u015f etdirilib.<\/span><\/p>\n<div class=\"wonderplugin-video\" style=\"width:600px;height:400px;position:relative;display:block;background-color:#000;overflow:hidden;max-width:100%;margin:0 auto;\" data-aspectratio=\"1.5\"><iframe loading=\"lazy\" class=\"wpve-iframe\" width=\"100%\" height=\"100%\" src=\"https:\/\/www.youtube.com\/embed\/ZFaJqzr3mt0\" frameborder=\"0\" allowfullscreen><\/iframe><\/div>\n","protected":false},"excerpt":{"rendered":"<p>M\u00fcdafi\u0259 Nazirliyinin r\u0259hb\u0259r hey\u0259ti F\u0259xri xiyaban\u0131 ziyar\u0259t edib Dekabr\u0131n 12-d\u0259 m\u00fcasir Az\u0259rbaycan d\u00f6vl\u0259tinin memar\u0131 v\u0259 qurucusu, xalq\u0131m\u0131z\u0131n \u00dcmummilli Lideri Heyd\u0259r \u018fliyevin an\u0131m g\u00fcn\u00fc il\u0259 \u0259laq\u0259dar M\u00fcdafi\u0259 Nazirliyinin r\u0259hb\u0259rliyi F\u0259xri xiyaban\u0131&hellip; <\/p>\n","protected":false},"author":3,"featured_media":37906,"comment_status":"open","ping_status":"open","sticky":false,"template":"","format":"standard","meta":{"_mi_skip_tracking":false,"_monsterinsights_sitenote_active":false,"_monsterinsights_sitenote_note":"","_monsterinsights_sitenote_category":0,"footnotes":""},"categories":[4,11],"tags":[4687,691,99],"aioseo_notices":[],"_links":{"self":[{"href":"https:\/\/infonews.az\/index.php?rest_route=\/wp\/v2\/posts\/37902"}],"collection":[{"href":"https:\/\/infonews.az\/index.php?rest_route=\/wp\/v2\/posts"}],"about":[{"href":"https:\/\/infonews.az\/index.php?rest_route=\/wp\/v2\/types\/post"}],"author":[{"embeddable":true,"href":"https:\/\/infonews.az\/index.php?rest_route=\/wp\/v2\/users\/3"}],"replies":[{"embeddable":true,"href":"https:\/\/infonews.az\/index.php?rest_route=%2Fwp%2Fv2%2Fcomments&post=37902"}],"version-history":[{"count":1,"href":"https:\/\/infonews.az\/index.php?rest_route=\/wp\/v2\/posts\/37902\/revisions"}],"predecessor-version":[{"id":37907,"href":"https:\/\/infonews.az\/index.php?rest_route=\/wp\/v2\/posts\/37902\/revisions\/37907"}],"wp:featuredmedia":[{"embeddable":true,"href":"https:\/\/infonews.az\/index.php?rest_route=\/wp\/v2\/media\/37906"}],"wp:attachment":[{"href":"https:\/\/infonews.az\/index.php?rest_route=%2Fwp%2Fv2%2Fmedia&parent=37902"}],"wp:term":[{"taxonomy":"category","embeddable":true,"href":"https:\/\/infonews.az\/index.php?rest_route=%2Fwp%2Fv2%2Fcategories&post=37902"},{"taxonomy":"post_tag","embeddable":true,"href":"https:\/\/infonews.az\/index.php?rest_route=%2Fwp%2Fv2%2Ftags&post=37902"}],"curies":[{"name":"wp","href":"https:\/\/api.w.org\/{rel}","templated":true}]}}