{"id":37908,"date":"2023-12-12T18:30:41","date_gmt":"2023-12-12T14:30:41","guid":{"rendered":"https:\/\/infonews.az\/?p=37908"},"modified":"2023-12-14T13:33:42","modified_gmt":"2023-12-14T09:33:42","slug":"euo-da-az%c9%99rbaycan-xalqinin-umummilli-lideri-heyd%c9%99r-eliyevin-anim-gunu-munasib%c9%99til%c9%99-t%c9%99dbir-kecirilib","status":"publish","type":"post","link":"https:\/\/infonews.az\/?p=37908","title":{"rendered":"\u018f\u00dcO-da Az\u0259rbaycan xalq\u0131n\u0131n \u00dcmummilli Lideri Heyd\u0259r \u018fliyevin an\u0131m g\u00fcn\u00fc m\u00fcnasib\u0259til\u0259 t\u0259dbir ke\u00e7irilib"},"content":{"rendered":"<blockquote><p><span style=\"color: #000000;\">\u018f\u00dcO-da Az\u0259rbaycan xalq\u0131n\u0131n \u00dcmummilli Lideri Heyd\u0259r \u018fliyevin an\u0131m g\u00fcn\u00fc m\u00fcnasib\u0259til\u0259 t\u0259dbir ke\u00e7irilib .<\/span><\/p><\/blockquote>\n<p><span style=\"color: #000000;\">M\u00fcdafi\u0259 Nazirliyind\u0259n <a href=\"https:\/\/infonews.az\/\"><span style=\"color: #000080;\"><strong>&#8220;\u0130NFONEWS&#8221;<\/strong><\/span><\/a>-a veril\u0259n m\u0259lumata g\u00f6r\u0259, t\u0259dbird\u0259 \u00e7\u0131x\u0131\u015f ed\u0259nl\u0259r dahi \u015f\u0259xsiyy\u0259t Heyd\u0259r \u018fliyevin z\u0259ngin \u00f6m\u00fcr yolundan v\u0259 ordu quruculu\u011fu istiqam\u0259tind\u0259ki tarixi f\u0259aliyy\u0259tind\u0259n dan\u0131\u015f\u0131b, Az\u0259rbaycan\u0131n rifah\u0131 namin\u0259, o c\u00fcml\u0259d\u0259n beyn\u0259lxalq al\u0259md\u0259 \u00f6lk\u0259mizin m\u00f6vqeyinin m\u00f6hk\u0259ml\u0259nm\u0259si sah\u0259sind\u0259 g\u00f6rd\u00fcy\u00fc i\u015fl\u0259r bar\u0259d\u0259 geni\u015f m\u0259lumat veribl\u0259r.<\/span><\/p>\n<p><span style=\"color: #000000;\">\u00c7\u0131x\u0131\u015flar zaman\u0131 Ulu \u00d6nd\u0259rin \u0259n m\u00fcq\u0259dd\u0259s arzular\u0131ndan birinin Az\u0259rbaycan\u0131n \u0259razi b\u00fct\u00f6vl\u00fcy\u00fcn\u00fcn t\u0259min olunmas\u0131 il\u0259 ba\u011fl\u0131 oldu\u011fu v\u0259 g\u00f6rk\u0259mli d\u00f6vl\u0259t xadimi Heyd\u0259r \u018fliyev t\u0259r\u0259find\u0259n i\u015f\u011fal olunmu\u015f torpaqlar\u0131m\u0131z\u0131n azad olunmas\u0131n\u0131 t\u0259min etm\u0259k qabiliyy\u0259tin\u0259 malik Silahl\u0131 Q\u00fcvv\u0259l\u0259rin yarad\u0131lmas\u0131 y\u00f6n\u00fcnd\u0259 m\u00fct\u0259r\u0259qqi islahatlar\u0131n apar\u0131ld\u0131\u011f\u0131 diqq\u0259t\u0259 \u00e7atd\u0131r\u0131l\u0131b.<\/span><\/p>\n<p><span style=\"color: #000000;\">Bildirilib ki, Az\u0259rbaycan Respublikas\u0131n\u0131n Prezidenti, M\u00fcz\u0259ff\u0259r Ali Ba\u015f Komandan \u0130lham \u018fliyev Heyd\u0259r \u018fliyev siyas\u0259tini u\u011furla davam etdir\u0259r\u0259k ad\u0131n\u0131 tariximiz\u0259 torpaqlar\u0131m\u0131z\u0131n xilaskar\u0131\u00a0 kimi q\u0131z\u0131l h\u0259rfl\u0259rl\u0259 yazd\u0131r\u0131b.<\/span><\/p>\n<p><span style=\"color: #000000;\">T\u0259dbird\u0259 \u00dcmummilli Lider Heyd\u0259r \u018fliyevin \u015f\u0259r\u0259fli \u00f6m\u00fcr yolundan b\u0259hs ed\u0259n film n\u00fcmayi\u015f olunduqdan sonra, h\u0259rbi qulluq\u00e7u, kursant v\u0259 \u015fagirdl\u0259r \u0259d\u0259bi b\u0259dii kompozisiya il\u0259 \u00e7\u0131x\u0131\u015f edib, Ulu \u00d6nd\u0259r\u0259 h\u0259sr olunmu\u015f \u015feirl\u0259r v\u0259 mahn\u0131lar s\u0259sl\u0259ndiribl\u0259r.<\/span><\/p>\n<div class=\"wonderplugin-video\" style=\"width:600px;height:400px;position:relative;display:block;background-color:#000;overflow:hidden;max-width:100%;margin:0 auto;\" data-aspectratio=\"1.5\"><iframe loading=\"lazy\" class=\"wpve-iframe\" width=\"100%\" height=\"100%\" src=\"https:\/\/www.youtube.com\/embed\/clZwrXqI-VE\" frameborder=\"0\" allowfullscreen><\/iframe><\/div>\n","protected":false},"excerpt":{"rendered":"<p>\u018f\u00dcO-da Az\u0259rbaycan xalq\u0131n\u0131n \u00dcmummilli Lideri Heyd\u0259r \u018fliyevin an\u0131m g\u00fcn\u00fc m\u00fcnasib\u0259til\u0259 t\u0259dbir ke\u00e7irilib . M\u00fcdafi\u0259 Nazirliyind\u0259n &#8220;\u0130NFONEWS&#8221;-a veril\u0259n m\u0259lumata g\u00f6r\u0259, t\u0259dbird\u0259 \u00e7\u0131x\u0131\u015f ed\u0259nl\u0259r dahi \u015f\u0259xsiyy\u0259t Heyd\u0259r \u018fliyevin z\u0259ngin \u00f6m\u00fcr yolundan v\u0259&hellip; <\/p>\n","protected":false},"author":3,"featured_media":37910,"comment_status":"open","ping_status":"open","sticky":false,"template":"","format":"standard","meta":{"_mi_skip_tracking":false,"_monsterinsights_sitenote_active":false,"_monsterinsights_sitenote_note":"","_monsterinsights_sitenote_category":0,"footnotes":""},"categories":[4,11],"tags":[11957,5087,4687,99],"aioseo_notices":[],"_links":{"self":[{"href":"https:\/\/infonews.az\/index.php?rest_route=\/wp\/v2\/posts\/37908"}],"collection":[{"href":"https:\/\/infonews.az\/index.php?rest_route=\/wp\/v2\/posts"}],"about":[{"href":"https:\/\/infonews.az\/index.php?rest_route=\/wp\/v2\/types\/post"}],"author":[{"embeddable":true,"href":"https:\/\/infonews.az\/index.php?rest_route=\/wp\/v2\/users\/3"}],"replies":[{"embeddable":true,"href":"https:\/\/infonews.az\/index.php?rest_route=%2Fwp%2Fv2%2Fcomments&post=37908"}],"version-history":[{"count":1,"href":"https:\/\/infonews.az\/index.php?rest_route=\/wp\/v2\/posts\/37908\/revisions"}],"predecessor-version":[{"id":37911,"href":"https:\/\/infonews.az\/index.php?rest_route=\/wp\/v2\/posts\/37908\/revisions\/37911"}],"wp:featuredmedia":[{"embeddable":true,"href":"https:\/\/infonews.az\/index.php?rest_route=\/wp\/v2\/media\/37910"}],"wp:attachment":[{"href":"https:\/\/infonews.az\/index.php?rest_route=%2Fwp%2Fv2%2Fmedia&parent=37908"}],"wp:term":[{"taxonomy":"category","embeddable":true,"href":"https:\/\/infonews.az\/index.php?rest_route=%2Fwp%2Fv2%2Fcategories&post=37908"},{"taxonomy":"post_tag","embeddable":true,"href":"https:\/\/infonews.az\/index.php?rest_route=%2Fwp%2Fv2%2Ftags&post=37908"}],"curies":[{"name":"wp","href":"https:\/\/api.w.org\/{rel}","templated":true}]}}