{"id":37992,"date":"2023-12-13T16:48:53","date_gmt":"2023-12-13T12:48:53","guid":{"rendered":"https:\/\/infonews.az\/?p=37992"},"modified":"2023-12-16T13:56:52","modified_gmt":"2023-12-16T09:56:52","slug":"az%c9%99rbaycan-konullul%c9%99rinin-vi-h%c9%99mr%c9%99ylik-forumunda-30-dan-cox-g%c9%99ncl%c9%99r-t%c9%99skilati-istirak-edir","status":"publish","type":"post","link":"https:\/\/infonews.az\/?p=37992","title":{"rendered":"Az\u0259rbaycan K\u00f6n\u00fcll\u00fcl\u0259rinin VI H\u0259mr\u0259ylik Forumunda 30-dan \u00e7ox g\u0259ncl\u0259r t\u0259\u015fkilat\u0131 i\u015ftirak edir"},"content":{"rendered":"<blockquote><p>\u00dcmummilli Lider Heyd\u0259r \u018fliyevin 100 illik yubileyin\u0259 h\u0259sr olunmu\u015f Az\u0259rbaycan K\u00f6n\u00fcll\u00fcl\u0259rinin VI H\u0259mr\u0259ylik Forumunda 30-dan \u00e7ox g\u0259ncl\u0259r t\u0259\u015fkilat\u0131 i\u015ftirak edir.<\/p><\/blockquote>\n<p>Forum Ulu \u00d6nd\u0259r Heyd\u0259r \u018fliyev irsinin, onun g\u0259ncl\u0259r\u0259 olan m\u00fcnasib\u0259ti v\u0259 d\u00f6vl\u0259t\u00e7ilik namin\u0259 g\u00f6rd\u00fcy\u00fc i\u015fl\u0259rin t\u0259bli\u011fi bax\u0131m\u0131ndan olduqca \u00f6n\u0259mlidir.<\/p>\n<p><a href=\"https:\/\/infonews.az\/\"><strong>&#8220;\u0130NFONEWS&#8221;<\/strong><\/a>x\u0259b\u0259r verir ki, bunu G\u0259ncl\u0259r Fondunun icra\u00e7\u0131 direktoru v\u0259zif\u0259l\u0259rini m\u00fcv\u0259qq\u0259ti icra ed\u0259n Q\u0259dir X\u0259lilov Ulu \u00d6nd\u0259r Heyd\u0259r \u018fliyevin 100 illik yubileyin\u0259 h\u0259sr olunmu\u015f \u201cAz\u0259rbaycan K\u00f6n\u00fcll\u00fcl\u00fck H\u0259ft\u0259si 2023\u201d\u00fcn h\u0259mr\u0259ylik forumunda jurnalistl\u0259r\u0259 a\u00e7\u0131qlamas\u0131nda deyib.<\/p>\n<p>O bildirib ki, haz\u0131rda forumda 3 mind\u0259n \u00e7ox k\u00f6n\u00fcll\u00fc i\u015ftirak edir: &#8220;T\u00fcrk d\u00f6vl\u0259ti k\u00f6n\u00fcll\u00fcl\u0259r t\u0259\u015fkilatlar\u0131n\u0131 da buraya d\u0259v\u0259t etmi\u015fik. Onlar da Az\u0259rbaycan g\u0259ncl\u0259ri il\u0259 birlikd\u0259dirl\u0259r v\u0259 \u00f6lk\u0259mizin h\u0259qiq\u0259tl\u0259rini d\u00fcnya ictimaiyy\u0259tin\u0259 \u00e7atd\u0131rmaqda biziml\u0259 birlikd\u0259 i\u015ftirak edirl\u0259r.<\/p>\n<p>Bunu da qeyd etm\u0259k yerin\u0259 d\u00fc\u015f\u0259r ki, BMT-nin d\u00fcnya \u00fczr\u0259 k\u00f6n\u00fcll\u00fcl\u00fck h\u0259ft\u0259sini \u0259n yax\u015f\u0131 t\u0259\u015fkil ed\u0259n \u00f6lk\u0259l\u0259r s\u0131ras\u0131nda Az\u0259rbaycan 7 \u00f6lk\u0259d\u0259n biridir. K\u00f6n\u00fcll\u00fcl\u00fck h\u0259ft\u0259sind\u0259 Ulu \u00d6nd\u0259rin 5 \u0259sas prinsipi \u0259sas\u0131nda m\u00f6vzular haz\u0131rlan\u0131b v\u0259 g\u0259ncl\u0259r\u0259 a\u015f\u0131lan\u0131b&#8221;.<\/p>\n","protected":false},"excerpt":{"rendered":"<p>\u00dcmummilli Lider Heyd\u0259r \u018fliyevin 100 illik yubileyin\u0259 h\u0259sr olunmu\u015f Az\u0259rbaycan K\u00f6n\u00fcll\u00fcl\u0259rinin VI H\u0259mr\u0259ylik Forumunda 30-dan \u00e7ox g\u0259ncl\u0259r t\u0259\u015fkilat\u0131 i\u015ftirak edir. Forum Ulu \u00d6nd\u0259r Heyd\u0259r \u018fliyev irsinin, onun g\u0259ncl\u0259r\u0259 olan m\u00fcnasib\u0259ti&hellip; <\/p>\n","protected":false},"author":30,"featured_media":37993,"comment_status":"open","ping_status":"open","sticky":false,"template":"","format":"standard","meta":{"_mi_skip_tracking":false,"_monsterinsights_sitenote_active":false,"_monsterinsights_sitenote_note":"","_monsterinsights_sitenote_category":0,"footnotes":""},"categories":[5373,11],"tags":[5553,256,12006,12005],"aioseo_notices":[],"_links":{"self":[{"href":"https:\/\/infonews.az\/index.php?rest_route=\/wp\/v2\/posts\/37992"}],"collection":[{"href":"https:\/\/infonews.az\/index.php?rest_route=\/wp\/v2\/posts"}],"about":[{"href":"https:\/\/infonews.az\/index.php?rest_route=\/wp\/v2\/types\/post"}],"author":[{"embeddable":true,"href":"https:\/\/infonews.az\/index.php?rest_route=\/wp\/v2\/users\/30"}],"replies":[{"embeddable":true,"href":"https:\/\/infonews.az\/index.php?rest_route=%2Fwp%2Fv2%2Fcomments&post=37992"}],"version-history":[{"count":1,"href":"https:\/\/infonews.az\/index.php?rest_route=\/wp\/v2\/posts\/37992\/revisions"}],"predecessor-version":[{"id":37994,"href":"https:\/\/infonews.az\/index.php?rest_route=\/wp\/v2\/posts\/37992\/revisions\/37994"}],"wp:featuredmedia":[{"embeddable":true,"href":"https:\/\/infonews.az\/index.php?rest_route=\/wp\/v2\/media\/37993"}],"wp:attachment":[{"href":"https:\/\/infonews.az\/index.php?rest_route=%2Fwp%2Fv2%2Fmedia&parent=37992"}],"wp:term":[{"taxonomy":"category","embeddable":true,"href":"https:\/\/infonews.az\/index.php?rest_route=%2Fwp%2Fv2%2Fcategories&post=37992"},{"taxonomy":"post_tag","embeddable":true,"href":"https:\/\/infonews.az\/index.php?rest_route=%2Fwp%2Fv2%2Ftags&post=37992"}],"curies":[{"name":"wp","href":"https:\/\/api.w.org\/{rel}","templated":true}]}}