{"id":38016,"date":"2023-12-13T19:52:46","date_gmt":"2023-12-13T15:52:46","guid":{"rendered":"https:\/\/infonews.az\/?p=38016"},"modified":"2023-12-16T16:07:37","modified_gmt":"2023-12-16T12:07:37","slug":"estoniyada-ulu-ond%c9%99r-heyd%c9%99r-eliyevin-xatir%c9%99si-anilib","status":"publish","type":"post","link":"https:\/\/infonews.az\/?p=38016","title":{"rendered":"Estoniyada Ulu \u00d6nd\u0259r Heyd\u0259r \u018fliyevin xatir\u0259si an\u0131l\u0131b"},"content":{"rendered":"<blockquote><p>Estoniyada Ulu \u00d6nd\u0259r Heyd\u0259r \u018fliyevin xatir\u0259si an\u0131l\u0131b.<\/p><\/blockquote>\n<p>Az\u0259rbaycan\u0131n Estoniyadak\u0131 s\u0259firliyinin t\u0259\u015fkilat\u00e7\u0131l\u0131\u011f\u0131 il\u0259 Tallin Filarmoniyas\u0131nda \u00dcmummilli Lider Heyd\u0259r \u018fliyevin v\u0259fat\u0131n\u0131n 20-ci ild\u00f6n\u00fcm\u00fcn\u0259 h\u0259sr olunan an\u0131m m\u0259rasimi ke\u00e7irilib.<\/p>\n<p><a href=\"https:\/\/infonews.az\/\"><strong>&#8220;\u0130NFONEWS&#8221;<\/strong><\/a> x\u0259b\u0259r verir ki, t\u0259dbird\u0259 T\u00fcrkiy\u0259nin, Moldovan\u0131n, Macar\u0131stan\u0131n, \u015eimali Makedoniyan\u0131n v\u0259 Braziliyan\u0131n Estoniyadak\u0131 s\u0259firl\u0259ri, dig\u0259r diplomatik n\u00fcmay\u0259nd\u0259likl\u0259rin \u0259m\u0259kda\u015flar\u0131, bu \u00f6lk\u0259d\u0259ki Az\u0259rbaycan icmas\u0131n\u0131n n\u00fcmay\u0259nd\u0259l\u0259ri, Estoniya ictimaiyy\u0259tinin v\u0259 k\u00fctl\u0259vi informasiya vasit\u0259l\u0259rinin t\u0259msil\u00e7il\u0259ri i\u015ftirak edibl\u0259r. \u018fvv\u0259lc\u0259 Ulu \u00d6nd\u0259rin \u0259ziz xatir\u0259si bir d\u0259qiq\u0259lik s\u00fckutla yad olunub.<\/p>\n<p>T\u0259dbird\u0259 \u00e7\u0131x\u0131\u015f ed\u0259n \u00f6lk\u0259mizin Estoniyadak\u0131 s\u0259firi Anar M\u0259h\u0259rr\u0259mov Ulu \u00d6nd\u0259rin m\u00fcst\u0259qil v\u0259 demokratik Az\u0259rbaycan u\u011frunda apard\u0131\u011f\u0131 m\u00fcbariz\u0259d\u0259n, respublikan\u0131n a\u011f\u0131r faci\u0259l\u0259rd\u0259n, siyasi, sosial-iqtisadi v\u0259 m\u0259n\u0259vi-psixoloji b\u00f6hrandan qurtulu\u015fu namin\u0259 \u00fcz\u0259rin\u0259 g\u00f6t\u00fcrd\u00fcy\u00fc v\u0259 m\u00fcxt\u0259lif m\u0259rh\u0259l\u0259l\u0259rd\u0259n ke\u00e7mi\u015f missiyas\u0131ndan dan\u0131\u015f\u0131b.<\/p>\n<p>Qeyd olunub ki, m\u0259hz Heyd\u0259r \u018fliyevin tarixi xidm\u0259tl\u0259ri n\u0259tic\u0259sind\u0259 Az\u0259rbaycanda siyasi sabitlik v\u0259 t\u0259hl\u00fck\u0259sizlik b\u0259rq\u0259rar olub, xarici siyas\u0259t sah\u0259sind\u0259 m\u00fch\u00fcm nailiyy\u0259tl\u0259r \u0259ld\u0259 edilib. Ulu \u00d6nd\u0259rin q\u0259tiyy\u0259tli m\u00f6vqeyi n\u0259tic\u0259sind\u0259 onun \u00f6z\u00fcn\u00fcn banisi oldu\u011fu yeni neft strategiyas\u0131 Az\u0259rbaycan\u0131n d\u00fcnya iqtisadiyyat\u0131na inteqrasiyas\u0131nda h\u0259lledici rol oynay\u0131b. Bu strategiyan\u0131n t\u0259rkib hiss\u0259si kimi 1994-c\u00fc ild\u0259 \u201c\u018fsrin m\u00fcqavil\u0259si\u201dnin imzalanmas\u0131 Az\u0259rbaycan\u0131n g\u0259l\u0259c\u0259k u\u011furlu inki\u015faf\u0131 \u00fc\u00e7\u00fcn yeni \u00fcf\u00fcql\u0259r a\u00e7\u0131b. Bundan ba\u015fqa, Bak\u0131-Supsa boru k\u0259m\u0259rinin istismar\u0131 v\u0259 Bak\u0131-Tbilisi-Ceyhan \u0259sas neft k\u0259m\u0259rinin tikintisi Az\u0259rbaycan neftinin beyn\u0259lxalq bazarlara \u00e7\u0131xar\u0131lmas\u0131 \u00fc\u00e7\u00fcn m\u00fch\u00fcm imkanlar yaratd\u0131. Bundan ba\u015fqa, Az\u0259rbaycan qaz\u0131n\u0131n Q\u0259rb bazarlar\u0131na ixrac\u0131n\u0131 t\u0259min etm\u0259k m\u0259qs\u0259dil\u0259 Az\u0259rbaycan\u0131n t\u0259bii qaz\u0131n\u0131n Bak\u0131-Tbilisi-\u018frzurum boru k\u0259m\u0259ri il\u0259 n\u0259qlin\u0259 dair sazi\u015fin imzalanmas\u0131 da Heyd\u0259r \u018fliyevin t\u0259\u015f\u0259bb\u00fcs\u00fc il\u0259 h\u0259yata ke\u00e7irilib. Az\u0259rbaycan\u0131n t\u0259\u015f\u0259bb\u00fcs\u00fc v\u0259 m\u00fc\u0259llifi oldu\u011fu C\u0259nub Qaz D\u0259hlizi layih\u0259sinin, onun \u0259sas komponentl\u0259ri olan TANAP v\u0259 TAP-\u0131n u\u011furla realla\u015fd\u0131r\u0131lmas\u0131 bu g\u00fcn \u00f6lk\u0259mizi d\u00fcnyan\u0131n, o c\u00fcml\u0259d\u0259n Avropan\u0131n enerji t\u0259chizat\u0131nda \u0259sas oyun\u00e7ulardan birin\u0259 \u00e7evirib.<\/p>\n<p>Eyni zamanda, \u0259sas\u0131 Heyd\u0259r \u018fliyev t\u0259r\u0259find\u0259n qoyulan siyas\u0259tin bu g\u00fcn Prezident \u0130lham \u018fliyev t\u0259r\u0259find\u0259n u\u011furla davam etdirildiyi, \u00f6lk\u0259mizin beyn\u0259lxalq al\u0259md\u0259 n\u00fcfuzunun g\u00fcn\u00fc-g\u00fcnd\u0259n artd\u0131\u011f\u0131 v\u0259 regional lider\u0259 \u00e7evrildiyi qeyd olunub. Vur\u011fulan\u0131b ki, bu il an\u0131m t\u0259dbirl\u0259ri Az\u0259rbaycan\u0131n b\u00fct\u00fcn suveren \u0259razisind\u0259 ke\u00e7irilir. Az\u0259rbaycan xalq\u0131 bu g\u00fcn d\u0259 Heyd\u0259r \u018fliyevin \u00dcmummilli Lider kimi xatir\u0259sini d\u0259rin ehtiramla anmaqda davam edir.<\/p>\n<p>Sonra \u00dcmummilli Lider Heyd\u0259r \u018fliyevin h\u0259yat v\u0259 f\u0259aliyy\u0259tin\u0259 h\u0259sr olunmu\u015f video\u00e7arx n\u00fcmayi\u015f etdirilib, Estoniyada f\u0259aliyy\u0259t g\u00f6st\u0259r\u0259n az\u0259rbaycanl\u0131 g\u0259nc piano\u00e7u N\u0259riman \u018fmiraslan\u0131n v\u0259 skripka ifa\u00e7\u0131s\u0131 Dmitro \u00c7erepovun ifas\u0131nda Az\u0259rbaycan b\u0259st\u0259karlar\u0131n\u0131n, el\u0259c\u0259 d\u0259 d\u00fcnya klassikl\u0259rinin lirik \u0259s\u0259rl\u0259ri s\u0259sl\u0259ndirilib.<\/p>\n<p>Sonda t\u0259dbir i\u015ftirak\u00e7\u0131lar\u0131 az\u0259rbaycanl\u0131 r\u0259ssam R\u00f6v\u015f\u0259n Quliyevin m\u00fc\u0259llifi oldu\u011fu v\u0259 \u00f6lk\u0259mizin m\u0259d\u0259niyy\u0259tini, inc\u0259s\u0259n\u0259tini \u0259ks etdir\u0259n r\u0259sm \u0259s\u0259rl\u0259rind\u0259n ibar\u0259t s\u0259rgiy\u0259 bax\u0131blar.<\/p>\n","protected":false},"excerpt":{"rendered":"<p>Estoniyada Ulu \u00d6nd\u0259r Heyd\u0259r \u018fliyevin xatir\u0259si an\u0131l\u0131b. Az\u0259rbaycan\u0131n Estoniyadak\u0131 s\u0259firliyinin t\u0259\u015fkilat\u00e7\u0131l\u0131\u011f\u0131 il\u0259 Tallin Filarmoniyas\u0131nda \u00dcmummilli Lider Heyd\u0259r \u018fliyevin v\u0259fat\u0131n\u0131n 20-ci ild\u00f6n\u00fcm\u00fcn\u0259 h\u0259sr olunan an\u0131m m\u0259rasimi ke\u00e7irilib. &#8220;\u0130NFONEWS&#8221; x\u0259b\u0259r verir ki,&hellip; <\/p>\n","protected":false},"author":30,"featured_media":38017,"comment_status":"open","ping_status":"open","sticky":false,"template":"","format":"standard","meta":{"_mi_skip_tracking":false,"_monsterinsights_sitenote_active":false,"_monsterinsights_sitenote_note":"","_monsterinsights_sitenote_category":0,"footnotes":""},"categories":[9,10,11],"tags":[12031,12029,12030,6410,1192,409,11571],"aioseo_notices":[],"_links":{"self":[{"href":"https:\/\/infonews.az\/index.php?rest_route=\/wp\/v2\/posts\/38016"}],"collection":[{"href":"https:\/\/infonews.az\/index.php?rest_route=\/wp\/v2\/posts"}],"about":[{"href":"https:\/\/infonews.az\/index.php?rest_route=\/wp\/v2\/types\/post"}],"author":[{"embeddable":true,"href":"https:\/\/infonews.az\/index.php?rest_route=\/wp\/v2\/users\/30"}],"replies":[{"embeddable":true,"href":"https:\/\/infonews.az\/index.php?rest_route=%2Fwp%2Fv2%2Fcomments&post=38016"}],"version-history":[{"count":1,"href":"https:\/\/infonews.az\/index.php?rest_route=\/wp\/v2\/posts\/38016\/revisions"}],"predecessor-version":[{"id":38018,"href":"https:\/\/infonews.az\/index.php?rest_route=\/wp\/v2\/posts\/38016\/revisions\/38018"}],"wp:featuredmedia":[{"embeddable":true,"href":"https:\/\/infonews.az\/index.php?rest_route=\/wp\/v2\/media\/38017"}],"wp:attachment":[{"href":"https:\/\/infonews.az\/index.php?rest_route=%2Fwp%2Fv2%2Fmedia&parent=38016"}],"wp:term":[{"taxonomy":"category","embeddable":true,"href":"https:\/\/infonews.az\/index.php?rest_route=%2Fwp%2Fv2%2Fcategories&post=38016"},{"taxonomy":"post_tag","embeddable":true,"href":"https:\/\/infonews.az\/index.php?rest_route=%2Fwp%2Fv2%2Ftags&post=38016"}],"curies":[{"name":"wp","href":"https:\/\/api.w.org\/{rel}","templated":true}]}}