{"id":38093,"date":"2023-12-02T10:12:20","date_gmt":"2023-12-02T06:12:20","guid":{"rendered":"https:\/\/infonews.az\/?p=38093"},"modified":"2023-12-17T10:14:14","modified_gmt":"2023-12-17T06:14:14","slug":"naxcivan-m%c9%99kt%c9%99bl%c9%99rind%c9%99-dezinfeksiya-isl%c9%99rin%c9%99-start-verilib","status":"publish","type":"post","link":"https:\/\/infonews.az\/?p=38093","title":{"rendered":"Nax\u00e7\u0131van m\u0259kt\u0259bl\u0259rind\u0259 dezinfeksiya i\u015fl\u0259rin\u0259 start verilib"},"content":{"rendered":"<blockquote><p>Nax\u00e7\u0131van Muxtar Respublikas\u0131nda f\u0259aliyy\u0259t g\u00f6st\u0259r\u0259n \u00fcmumt\u0259hsil m\u00fc\u0259ssis\u0259l\u0259rind\u0259 dezinfeksiya i\u015fl\u0259rin\u0259 start verilib.<\/p><\/blockquote>\n<p>Nax\u00e7\u0131van Muxtar Respublikas\u0131 T\u0259hsil Nazirliyind\u0259n \u00a0<a href=\"https:\/\/infonews.az\/\"><strong>\u201c\u0130NFONEWS\u201d<\/strong><\/a>-a\u00a0bildirilib ki, m\u0259kt\u0259bl\u0259rd\u0259 m\u00fcvafiq ehtimallar n\u0259z\u0259r\u0259 al\u0131naraq n\u0259zar\u0259t g\u00fccl\u0259ndirilib.<\/p>\n<p>&#8220;\u00dcmumi t\u0259hsil m\u0259kt\u0259bl\u0259rimizd\u0259 pedaqoji kollektiv\u0259 \u015fagirdl\u0259rin s\u0259hh\u0259tind\u0259 m\u00fc\u015fahid\u0259 oluna bil\u0259c\u0259k h\u0259r hans\u0131 narahatl\u0131q hallar\u0131 il\u0259 ba\u011fl\u0131 daha diqq\u0259tli olmalar\u0131 t\u00f6vsiy\u0259 edilib. Haz\u0131rda t\u0259hsil m\u00fc\u0259ssis\u0259l\u0259rimizd\u0259 Nax\u00e7\u0131van Muxtar Respublikas\u0131n\u0131n S\u0259hiyy\u0259 Nazirliyin\u0259 tabe qurumlar t\u0259r\u0259find\u0259n dezinfeksiya i\u015fl\u0259ri g\u00f6r\u00fcl\u00fcr&#8221;, &#8211; m\u0259lumatda qeyd edilib.<\/p>\n","protected":false},"excerpt":{"rendered":"<p>Nax\u00e7\u0131van Muxtar Respublikas\u0131nda f\u0259aliyy\u0259t g\u00f6st\u0259r\u0259n \u00fcmumt\u0259hsil m\u00fc\u0259ssis\u0259l\u0259rind\u0259 dezinfeksiya i\u015fl\u0259rin\u0259 start verilib. Nax\u00e7\u0131van Muxtar Respublikas\u0131 T\u0259hsil Nazirliyind\u0259n \u00a0\u201c\u0130NFONEWS\u201d-a\u00a0bildirilib ki, m\u0259kt\u0259bl\u0259rd\u0259 m\u00fcvafiq ehtimallar n\u0259z\u0259r\u0259 al\u0131naraq n\u0259zar\u0259t g\u00fccl\u0259ndirilib. &#8220;\u00dcmumi t\u0259hsil m\u0259kt\u0259bl\u0259rimizd\u0259 pedaqoji kollektiv\u0259&hellip; <\/p>\n","protected":false},"author":30,"featured_media":38094,"comment_status":"open","ping_status":"open","sticky":false,"template":"","format":"standard","meta":{"_mi_skip_tracking":false,"_monsterinsights_sitenote_active":false,"_monsterinsights_sitenote_note":"","_monsterinsights_sitenote_category":0,"footnotes":""},"categories":[4,699,11],"tags":[794,4463,3378,51],"aioseo_notices":[],"_links":{"self":[{"href":"https:\/\/infonews.az\/index.php?rest_route=\/wp\/v2\/posts\/38093"}],"collection":[{"href":"https:\/\/infonews.az\/index.php?rest_route=\/wp\/v2\/posts"}],"about":[{"href":"https:\/\/infonews.az\/index.php?rest_route=\/wp\/v2\/types\/post"}],"author":[{"embeddable":true,"href":"https:\/\/infonews.az\/index.php?rest_route=\/wp\/v2\/users\/30"}],"replies":[{"embeddable":true,"href":"https:\/\/infonews.az\/index.php?rest_route=%2Fwp%2Fv2%2Fcomments&post=38093"}],"version-history":[{"count":1,"href":"https:\/\/infonews.az\/index.php?rest_route=\/wp\/v2\/posts\/38093\/revisions"}],"predecessor-version":[{"id":38095,"href":"https:\/\/infonews.az\/index.php?rest_route=\/wp\/v2\/posts\/38093\/revisions\/38095"}],"wp:featuredmedia":[{"embeddable":true,"href":"https:\/\/infonews.az\/index.php?rest_route=\/wp\/v2\/media\/38094"}],"wp:attachment":[{"href":"https:\/\/infonews.az\/index.php?rest_route=%2Fwp%2Fv2%2Fmedia&parent=38093"}],"wp:term":[{"taxonomy":"category","embeddable":true,"href":"https:\/\/infonews.az\/index.php?rest_route=%2Fwp%2Fv2%2Fcategories&post=38093"},{"taxonomy":"post_tag","embeddable":true,"href":"https:\/\/infonews.az\/index.php?rest_route=%2Fwp%2Fv2%2Ftags&post=38093"}],"curies":[{"name":"wp","href":"https:\/\/api.w.org\/{rel}","templated":true}]}}