{"id":38128,"date":"2023-12-04T10:33:11","date_gmt":"2023-12-04T06:33:11","guid":{"rendered":"https:\/\/infonews.az\/?p=38128"},"modified":"2023-12-17T10:34:27","modified_gmt":"2023-12-17T06:34:27","slug":"ir%c9%99van-v%c9%99-moskva-rusiya-tv-l%c9%99rinin-erm%c9%99nistandaki-f%c9%99aliyy%c9%99tini-muzakir%c9%99-ed%c9%99c%c9%99k","status":"publish","type":"post","link":"https:\/\/infonews.az\/?p=38128","title":{"rendered":"\u0130r\u0259van v\u0259 Moskva Rusiya TV-l\u0259rinin Erm\u0259nistandak\u0131 f\u0259aliyy\u0259tini m\u00fczakir\u0259 ed\u0259c\u0259k"},"content":{"rendered":"<blockquote><p>\u0130r\u0259van v\u0259 Moskva dekabr\u0131n ortalar\u0131nda Rusiya telekanallar\u0131n\u0131n Erm\u0259nistandak\u0131 f\u0259aliyy\u0259tini m\u00fczakir\u0259 ed\u0259c\u0259kl\u0259r.<\/p><\/blockquote>\n<p><a href=\"https:\/\/infonews.az\/\"><strong>\u201c\u0130NFONEWS\u201d <\/strong><\/a>x\u0259b\u0259r verir ki, bu bar\u0259d\u0259 &#8220;Armenpress&#8221;\u0259 y\u00fcks\u0259k texnologiyalar s\u0259nayesi nazirinin m\u00fcavini Avet Poqosyan m\u0259lumat verib.<\/p>\n<p>\u201cY\u00fcks\u0259k Texnologiyalar S\u0259nayesi Nazirliyi iki \u00f6lk\u0259nin m\u00fcvafiq idar\u0259l\u0259ri aras\u0131nda k\u00fctl\u0259vi telekommunikasiya sah\u0259sind\u0259 \u0259m\u0259kda\u015fl\u0131\u011fa dair \u0259ld\u0259 olunmu\u015f raz\u0131la\u015fmalar\u0131n h\u0259yata ke\u00e7irilm\u0259si il\u0259 ba\u011fl\u0131 m\u0259sl\u0259h\u0259tl\u0259\u015fm\u0259l\u0259rin apar\u0131lmas\u0131 xahi\u015fi il\u0259 Rusiya t\u0259r\u0259fin\u0259 r\u0259smi m\u00fcraci\u0259t edib. Erm\u0259nistan v\u0259 Rusiya aras\u0131nda k\u00fctl\u0259vi telekommunikasiya sah\u0259sind\u0259 d\u00f6vl\u0259tl\u0259raras\u0131 sazi\u015fin 4-c\u00fc v\u0259 5-ci b\u0259ndl\u0259rinin pozulmas\u0131, habel\u0259 sazi\u015f \u00fczr\u0259 \u0259ld\u0259 edilmi\u015f \u00f6hd\u0259likl\u0259rin yerin\u0259 yetirilm\u0259si il\u0259 ba\u011fl\u0131 m\u0259sl\u0259h\u0259tl\u0259\u015fm\u0259l\u0259r dekabr\u0131n ortalar\u0131na planla\u015fd\u0131r\u0131l\u0131r\u201d, &#8211; dey\u0259 o qeyd edib.<\/p>\n","protected":false},"excerpt":{"rendered":"<p>\u0130r\u0259van v\u0259 Moskva dekabr\u0131n ortalar\u0131nda Rusiya telekanallar\u0131n\u0131n Erm\u0259nistandak\u0131 f\u0259aliyy\u0259tini m\u00fczakir\u0259 ed\u0259c\u0259kl\u0259r. \u201c\u0130NFONEWS\u201d x\u0259b\u0259r verir ki, bu bar\u0259d\u0259 &#8220;Armenpress&#8221;\u0259 y\u00fcks\u0259k texnologiyalar s\u0259nayesi nazirinin m\u00fcavini Avet Poqosyan m\u0259lumat verib. \u201cY\u00fcks\u0259k Texnologiyalar S\u0259nayesi&hellip; <\/p>\n","protected":false},"author":30,"featured_media":38129,"comment_status":"open","ping_status":"open","sticky":false,"template":"","format":"standard","meta":{"_mi_skip_tracking":false,"_monsterinsights_sitenote_active":false,"_monsterinsights_sitenote_note":"","_monsterinsights_sitenote_category":0,"footnotes":""},"categories":[9,6,11],"tags":[70,12061,143,11545],"aioseo_notices":[],"_links":{"self":[{"href":"https:\/\/infonews.az\/index.php?rest_route=\/wp\/v2\/posts\/38128"}],"collection":[{"href":"https:\/\/infonews.az\/index.php?rest_route=\/wp\/v2\/posts"}],"about":[{"href":"https:\/\/infonews.az\/index.php?rest_route=\/wp\/v2\/types\/post"}],"author":[{"embeddable":true,"href":"https:\/\/infonews.az\/index.php?rest_route=\/wp\/v2\/users\/30"}],"replies":[{"embeddable":true,"href":"https:\/\/infonews.az\/index.php?rest_route=%2Fwp%2Fv2%2Fcomments&post=38128"}],"version-history":[{"count":2,"href":"https:\/\/infonews.az\/index.php?rest_route=\/wp\/v2\/posts\/38128\/revisions"}],"predecessor-version":[{"id":38131,"href":"https:\/\/infonews.az\/index.php?rest_route=\/wp\/v2\/posts\/38128\/revisions\/38131"}],"wp:featuredmedia":[{"embeddable":true,"href":"https:\/\/infonews.az\/index.php?rest_route=\/wp\/v2\/media\/38129"}],"wp:attachment":[{"href":"https:\/\/infonews.az\/index.php?rest_route=%2Fwp%2Fv2%2Fmedia&parent=38128"}],"wp:term":[{"taxonomy":"category","embeddable":true,"href":"https:\/\/infonews.az\/index.php?rest_route=%2Fwp%2Fv2%2Fcategories&post=38128"},{"taxonomy":"post_tag","embeddable":true,"href":"https:\/\/infonews.az\/index.php?rest_route=%2Fwp%2Fv2%2Ftags&post=38128"}],"curies":[{"name":"wp","href":"https:\/\/api.w.org\/{rel}","templated":true}]}}