{"id":38144,"date":"2023-12-04T10:42:56","date_gmt":"2023-12-04T06:42:56","guid":{"rendered":"https:\/\/infonews.az\/?p=38144"},"modified":"2023-12-17T10:45:09","modified_gmt":"2023-12-17T06:45:09","slug":"nazir-iki-valideyn-arasindaki-munaqis%c9%99ni-dovl%c9%99t-h%c9%99ll-ed%c9%99-bilm%c9%99z","status":"publish","type":"post","link":"https:\/\/infonews.az\/?p=38144","title":{"rendered":"Nazir: \u0130ki valideyn aras\u0131ndak\u0131 m\u00fcnaqi\u015f\u0259ni d\u00f6vl\u0259t h\u0259ll ed\u0259 bilm\u0259z"},"content":{"rendered":"<blockquote><p>&#8220;Valideyn hans\u0131sa \u00f6z\u0259l ba\u011f\u00e7adan naraz\u0131d\u0131rsa, \u00f6vlad\u0131n\u0131 h\u0259min ba\u011f\u00e7aya g\u00f6nd\u0259rm\u0259y\u0259 bil\u0259r&#8221;.<\/p><\/blockquote>\n<p><a href=\"https:\/\/infonews.az\/\"><strong>\u201c\u0130NFONEWS\u201d<\/strong><\/a>\u00a0x\u0259b\u0259r verir ki, bunu elm v\u0259 t\u0259hsil naziri Emin \u018fmrullayev \u00f6z\u0259l ba\u011f\u00e7alarla ba\u011fl\u0131 naraz\u0131l\u0131qla \u0259laq\u0259dar sual\u0131 cavabland\u0131rark\u0259n deyib.<\/p>\n<p>O bildirib ki, kiml\u0259rins\u0259 aras\u0131nda konflikt olubsa, d\u00f6vl\u0259ti \u00e7a\u011f\u0131rma\u011fa g\u0259r\u0259k yoxdur:<\/p>\n<p>&#8220;Bunun \u00fc\u00e7\u00fcn hans\u0131sa c\u0259zaland\u0131rma mexanizmi yoxdur. D\u00f6vl\u0259t cinay\u0259t, inzibati pozuntu oldu\u011fu zaman m\u00fcdaxil\u0259 ed\u0259 bilir. Lakin iki valideyn, \u015f\u0259xs aras\u0131ndak\u0131 m\u00fcnaqi\u015f\u0259ni d\u00f6vl\u0259t h\u0259ll ed\u0259 bilm\u0259z&#8221;.<\/p>\n","protected":false},"excerpt":{"rendered":"<p>&#8220;Valideyn hans\u0131sa \u00f6z\u0259l ba\u011f\u00e7adan naraz\u0131d\u0131rsa, \u00f6vlad\u0131n\u0131 h\u0259min ba\u011f\u00e7aya g\u00f6nd\u0259rm\u0259y\u0259 bil\u0259r&#8221;. \u201c\u0130NFONEWS\u201d\u00a0x\u0259b\u0259r verir ki, bunu elm v\u0259 t\u0259hsil naziri Emin \u018fmrullayev \u00f6z\u0259l ba\u011f\u00e7alarla ba\u011fl\u0131 naraz\u0131l\u0131qla \u0259laq\u0259dar sual\u0131 cavabland\u0131rark\u0259n deyib. O bildirib&hellip; <\/p>\n","protected":false},"author":30,"featured_media":37213,"comment_status":"open","ping_status":"open","sticky":false,"template":"","format":"standard","meta":{"_mi_skip_tracking":false,"_monsterinsights_sitenote_active":false,"_monsterinsights_sitenote_note":"","_monsterinsights_sitenote_category":0,"footnotes":""},"categories":[4,11,3],"tags":[12069,657,6633,3378,51],"aioseo_notices":[],"_links":{"self":[{"href":"https:\/\/infonews.az\/index.php?rest_route=\/wp\/v2\/posts\/38144"}],"collection":[{"href":"https:\/\/infonews.az\/index.php?rest_route=\/wp\/v2\/posts"}],"about":[{"href":"https:\/\/infonews.az\/index.php?rest_route=\/wp\/v2\/types\/post"}],"author":[{"embeddable":true,"href":"https:\/\/infonews.az\/index.php?rest_route=\/wp\/v2\/users\/30"}],"replies":[{"embeddable":true,"href":"https:\/\/infonews.az\/index.php?rest_route=%2Fwp%2Fv2%2Fcomments&post=38144"}],"version-history":[{"count":1,"href":"https:\/\/infonews.az\/index.php?rest_route=\/wp\/v2\/posts\/38144\/revisions"}],"predecessor-version":[{"id":38145,"href":"https:\/\/infonews.az\/index.php?rest_route=\/wp\/v2\/posts\/38144\/revisions\/38145"}],"wp:featuredmedia":[{"embeddable":true,"href":"https:\/\/infonews.az\/index.php?rest_route=\/wp\/v2\/media\/37213"}],"wp:attachment":[{"href":"https:\/\/infonews.az\/index.php?rest_route=%2Fwp%2Fv2%2Fmedia&parent=38144"}],"wp:term":[{"taxonomy":"category","embeddable":true,"href":"https:\/\/infonews.az\/index.php?rest_route=%2Fwp%2Fv2%2Fcategories&post=38144"},{"taxonomy":"post_tag","embeddable":true,"href":"https:\/\/infonews.az\/index.php?rest_route=%2Fwp%2Fv2%2Ftags&post=38144"}],"curies":[{"name":"wp","href":"https:\/\/api.w.org\/{rel}","templated":true}]}}