{"id":38199,"date":"2023-12-06T11:20:13","date_gmt":"2023-12-06T07:20:13","guid":{"rendered":"https:\/\/infonews.az\/?p=38199"},"modified":"2023-12-17T11:21:12","modified_gmt":"2023-12-17T07:21:12","slug":"israil-bmt-nin-koordinatorunun-yasayis-icaz%c9%99sini-l%c9%99gv-edir","status":"publish","type":"post","link":"https:\/\/infonews.az\/?p=38199","title":{"rendered":"\u0130srail BMT-nin koordinatorunun ya\u015fay\u0131\u015f icaz\u0259sini l\u0259\u011fv edir"},"content":{"rendered":"<blockquote><p>\u0130srail BMT-nin bu \u00f6lk\u0259d\u0259ki humanitar m\u0259s\u0259l\u0259l\u0259r \u00fczr\u0259 koordinatorunun ya\u015fay\u0131\u015f icaz\u0259sini l\u0259\u011fv edir.<\/p><\/blockquote>\n<p><a href=\"https:\/\/infonews.az\/\"><strong>\u201c\u0130NFONEWS\u201d <\/strong><\/a>x\u0259b\u0259r verir ki, bu bar\u0259d\u0259 \u0130srailin xarici i\u015fl\u0259r naziri Eli Kohen &#8220;X&#8221; hesab\u0131nda bildirib.<\/p>\n<p>&#8220;Daha BMT-nin q\u0259r\u0259zli m\u00f6vqeyi qar\u015f\u0131s\u0131nda susmayaca\u011f\u0131q! M\u0259n BMT-nin \u201chumanitar\u201d koordinatoru Lin Hastinqsin \u0130sraild\u0259 ya\u015fay\u0131\u015f vizas\u0131n\u0131 l\u0259\u011fv etm\u0259k q\u0259rar\u0131na g\u0259ldim. 1200 israillinin v\u0259h\u015fic\u0259sin\u0259 q\u0259tl etdiyin\u0259, k\u00f6rp\u0259l\u0259ri v\u0259 qocalar\u0131 qa\u00e7\u0131rd\u0131\u011f\u0131na, d\u0259h\u015f\u0259tli \u0259m\u0259ll\u0259rin\u0259 v\u0259 zorlama aktlar\u0131na, Q\u0259zza sakinl\u0259rini canl\u0131 qalxan kimi istifad\u0259 etdiyin\u0259 g\u00f6r\u0259 HAMAS-\u0131 q\u0131namayan, \u0259ksin\u0259, \u00f6z v\u0259t\u0259nda\u015flar\u0131n\u0131 m\u00fcdafi\u0259 ed\u0259n demokratik \u0130sraili pisl\u0259y\u0259n biri n\u0259 BMT-d\u0259 xidm\u0259t ed\u0259 bil\u0259r, n\u0259 d\u0259 \u0130srail\u0259 daxil ola bil\u0259r&#8221;, &#8211; \u0130srail X\u0130N r\u0259hb\u0259ri Kohen bildirib.<\/p>\n","protected":false},"excerpt":{"rendered":"<p>\u0130srail BMT-nin bu \u00f6lk\u0259d\u0259ki humanitar m\u0259s\u0259l\u0259l\u0259r \u00fczr\u0259 koordinatorunun ya\u015fay\u0131\u015f icaz\u0259sini l\u0259\u011fv edir. \u201c\u0130NFONEWS\u201d x\u0259b\u0259r verir ki, bu bar\u0259d\u0259 \u0130srailin xarici i\u015fl\u0259r naziri Eli Kohen &#8220;X&#8221; hesab\u0131nda bildirib. &#8220;Daha BMT-nin q\u0259r\u0259zli&hellip; <\/p>\n","protected":false},"author":30,"featured_media":38200,"comment_status":"open","ping_status":"open","sticky":false,"template":"","format":"standard","meta":{"_mi_skip_tracking":false,"_monsterinsights_sitenote_active":false,"_monsterinsights_sitenote_note":"","_monsterinsights_sitenote_category":0,"footnotes":""},"categories":[9,11],"tags":[3258,1141,183],"aioseo_notices":[],"_links":{"self":[{"href":"https:\/\/infonews.az\/index.php?rest_route=\/wp\/v2\/posts\/38199"}],"collection":[{"href":"https:\/\/infonews.az\/index.php?rest_route=\/wp\/v2\/posts"}],"about":[{"href":"https:\/\/infonews.az\/index.php?rest_route=\/wp\/v2\/types\/post"}],"author":[{"embeddable":true,"href":"https:\/\/infonews.az\/index.php?rest_route=\/wp\/v2\/users\/30"}],"replies":[{"embeddable":true,"href":"https:\/\/infonews.az\/index.php?rest_route=%2Fwp%2Fv2%2Fcomments&post=38199"}],"version-history":[{"count":1,"href":"https:\/\/infonews.az\/index.php?rest_route=\/wp\/v2\/posts\/38199\/revisions"}],"predecessor-version":[{"id":38201,"href":"https:\/\/infonews.az\/index.php?rest_route=\/wp\/v2\/posts\/38199\/revisions\/38201"}],"wp:featuredmedia":[{"embeddable":true,"href":"https:\/\/infonews.az\/index.php?rest_route=\/wp\/v2\/media\/38200"}],"wp:attachment":[{"href":"https:\/\/infonews.az\/index.php?rest_route=%2Fwp%2Fv2%2Fmedia&parent=38199"}],"wp:term":[{"taxonomy":"category","embeddable":true,"href":"https:\/\/infonews.az\/index.php?rest_route=%2Fwp%2Fv2%2Fcategories&post=38199"},{"taxonomy":"post_tag","embeddable":true,"href":"https:\/\/infonews.az\/index.php?rest_route=%2Fwp%2Fv2%2Ftags&post=38199"}],"curies":[{"name":"wp","href":"https:\/\/api.w.org\/{rel}","templated":true}]}}