{"id":38277,"date":"2023-12-09T11:57:30","date_gmt":"2023-12-09T07:57:30","guid":{"rendered":"https:\/\/infonews.az\/?p=38277"},"modified":"2023-12-17T11:58:44","modified_gmt":"2023-12-17T07:58:44","slug":"yeni-ild%c9%99-7-gun-is-olmayacaq","status":"publish","type":"post","link":"https:\/\/infonews.az\/?p=38277","title":{"rendered":"Yeni ild\u0259 7 g\u00fcn i\u015f olmayacaq"},"content":{"rendered":"<blockquote><p>Nazirl\u0259r Kabineti i\u015f v\u0259 istirah\u0259t g\u00fcnl\u0259rinin yerinin d\u0259yi\u015fdirilm\u0259si bar\u0259d\u0259 q\u0259rar verib.<\/p><\/blockquote>\n<p><a href=\"https:\/\/infonews.az\/\"><strong>\u201c\u0130NFONEWS\u201d<\/strong><\/a>-un x\u0259b\u0259rin\u0259 g\u00f6r\u0259, 31 dekabr D\u00fcnya Az\u0259rbaycanl\u0131lar\u0131n\u0131n H\u0259mr\u0259yliyi G\u00fcn\u00fc, 1 v\u0259 2 yanvar is\u0259 Yeni il bayram\u0131d\u0131r.<\/p>\n<p>Bu il 30 dekabr \u015f\u0259nb\u0259, 2023-c\u00fc ilin 31 dekabr v\u0259 2024-c\u00fc ilin 7 yanvar tarixl\u0259ri bazar g\u00fcnl\u0259rin\u0259 t\u0259sad\u00fcf edir.<\/p>\n<p>Q\u0259rara \u0259sas\u0259n, i\u015f v\u0259 istirah\u0259t g\u00fcnl\u0259rinin ard\u0131c\u0131ll\u0131\u011f\u0131n\u0131 t\u0259min etm\u0259k m\u0259qs\u0259dil\u0259 2023-c\u00fc il 30 dekabr v\u0259 2024-c\u00fc il 7 yanvar istirah\u0259t g\u00fcnl\u0259ri il\u0259 m\u00fcvafiq 4 yanvar v\u0259 5 yanvar i\u015f g\u00fcnl\u0259rinin yerl\u0259ri d\u0259yi\u015fdirilib.<\/p>\n<p>\u018fm\u0259k M\u0259c\u0259ll\u0259sin\u0259 \u0259sas\u0259n, bu il 31 D\u00fcnya Az\u0259rbaycanl\u0131lar\u0131n\u0131n H\u0259mr\u0259yliyi G\u00fcn\u00fc bazar g\u00fcn\u00fcn\u0259 t\u0259sad\u00fcf etdiyi \u00fc\u00e7\u00fcn 2024-c\u00fc il 3 yanvar qeyri-i\u015f g\u00fcn\u00fc olacaq.<\/p>\n<p>Bel\u0259likl\u0259, 2024-c\u00fc ild\u0259 6 yanvar \u015f\u0259nb\u0259 g\u00fcn\u00fcn\u0259 t\u0259sad\u00fcf etdiyi \u00fc\u00e7\u00fcn Yeni ild\u0259 7 g\u00fcn &#8211; 31 dekabr 2023-c\u00fc il, 1, 2, 3, 4, 5 v\u0259 6 yanvar 2024-c\u00fc il qeyri-i\u015f g\u00fcn\u00fc olacaq.<\/p>\n<p>Bu il 30 dekabr v\u0259 2024-c\u00fc ilin 7 yanvar\u0131 is\u0259 i\u015f g\u00fcn\u00fc olacaq.<\/p>\n","protected":false},"excerpt":{"rendered":"<p>Nazirl\u0259r Kabineti i\u015f v\u0259 istirah\u0259t g\u00fcnl\u0259rinin yerinin d\u0259yi\u015fdirilm\u0259si bar\u0259d\u0259 q\u0259rar verib. \u201c\u0130NFONEWS\u201d-un x\u0259b\u0259rin\u0259 g\u00f6r\u0259, 31 dekabr D\u00fcnya Az\u0259rbaycanl\u0131lar\u0131n\u0131n H\u0259mr\u0259yliyi G\u00fcn\u00fc, 1 v\u0259 2 yanvar is\u0259 Yeni il bayram\u0131d\u0131r. Bu il&hellip; <\/p>\n","protected":false},"author":30,"featured_media":38278,"comment_status":"open","ping_status":"open","sticky":false,"template":"","format":"standard","meta":{"_mi_skip_tracking":false,"_monsterinsights_sitenote_active":false,"_monsterinsights_sitenote_note":"","_monsterinsights_sitenote_category":0,"footnotes":""},"categories":[1],"tags":[10671,85,255],"aioseo_notices":[],"_links":{"self":[{"href":"https:\/\/infonews.az\/index.php?rest_route=\/wp\/v2\/posts\/38277"}],"collection":[{"href":"https:\/\/infonews.az\/index.php?rest_route=\/wp\/v2\/posts"}],"about":[{"href":"https:\/\/infonews.az\/index.php?rest_route=\/wp\/v2\/types\/post"}],"author":[{"embeddable":true,"href":"https:\/\/infonews.az\/index.php?rest_route=\/wp\/v2\/users\/30"}],"replies":[{"embeddable":true,"href":"https:\/\/infonews.az\/index.php?rest_route=%2Fwp%2Fv2%2Fcomments&post=38277"}],"version-history":[{"count":1,"href":"https:\/\/infonews.az\/index.php?rest_route=\/wp\/v2\/posts\/38277\/revisions"}],"predecessor-version":[{"id":38279,"href":"https:\/\/infonews.az\/index.php?rest_route=\/wp\/v2\/posts\/38277\/revisions\/38279"}],"wp:featuredmedia":[{"embeddable":true,"href":"https:\/\/infonews.az\/index.php?rest_route=\/wp\/v2\/media\/38278"}],"wp:attachment":[{"href":"https:\/\/infonews.az\/index.php?rest_route=%2Fwp%2Fv2%2Fmedia&parent=38277"}],"wp:term":[{"taxonomy":"category","embeddable":true,"href":"https:\/\/infonews.az\/index.php?rest_route=%2Fwp%2Fv2%2Fcategories&post=38277"},{"taxonomy":"post_tag","embeddable":true,"href":"https:\/\/infonews.az\/index.php?rest_route=%2Fwp%2Fv2%2Ftags&post=38277"}],"curies":[{"name":"wp","href":"https:\/\/api.w.org\/{rel}","templated":true}]}}