{"id":38299,"date":"2023-12-18T10:17:49","date_gmt":"2023-12-18T06:17:49","guid":{"rendered":"https:\/\/infonews.az\/?p=38299"},"modified":"2023-12-18T10:47:17","modified_gmt":"2023-12-18T06:47:17","slug":"az%c9%99rbaycanda-ilk-d%c9%99f%c9%99-m%c9%99d%c9%99ni-irs-movzusunda-forum","status":"publish","type":"post","link":"https:\/\/infonews.az\/?p=38299","title":{"rendered":"Az\u0259rbaycanda ilk d\u0259f\u0259 &#8211;  \u201cM\u0259d\u0259ni irs\u201d m\u00f6vzusunda FORUM"},"content":{"rendered":"<p><span style=\"color: #ffffff;\">Az\u0259rbaycanda ilk d\u0259f\u0259 &#8211; \u201cM\u0259d\u0259ni irs\u201d m\u00f6vzusunda FORUM <\/span><\/p>\n<blockquote><p>Bu g\u00fcn Heyd\u0259r \u018fliyev Fondu v\u0259 M\u0259d\u0259niyy\u0259t Nazirliyinin t\u0259\u015fkilat\u00e7\u0131l\u0131\u011f\u0131 il\u0259 \u00f6lk\u0259mizd\u0259 ilk d\u0259f\u0259 \u201cM\u0259d\u0259ni irs\u201d forumu i\u015f\u0259 ba\u015flay\u0131b.<\/p><\/blockquote>\n<p><a href=\"https:\/\/infonews.az\/?p=38299\"><span style=\"color: #333399;\"><strong>&#8220;\u0130NFONEWS&#8221;<\/strong><\/span><\/a> x\u0259b\u0259r verir ki, Forum \u00dcmummilli Lider Heyd\u0259r \u018fliyevin 100 illik yubileyin\u0259 h\u0259sr olunan t\u0259dbirl\u0259r \u00e7\u0259r\u00e7iv\u0259sind\u0259 t\u0259\u015fkil olunub.<\/p>\n<p>Dekabr\u0131n 20-d\u0259k davam ed\u0259c\u0259k Forumda tan\u0131nm\u0131\u015f tarix\u00e7i, arxeoloq, r\u0259ssam, memar, heyk\u0259lt\u0259ra\u015f, s\u0259n\u0259tkar v\u0259 sah\u0259 \u00fczr\u0259 dig\u0259r m\u00fct\u0259x\u0259ssisl\u0259rin i\u015ftirak\u0131 il\u0259 geni\u015f m\u00fczakir\u0259l\u0259r apar\u0131lacaq. Forumda m\u0259d\u0259niyy\u0259timizin v\u0259 milli irsimizin ya\u015fad\u0131lmas\u0131, inki\u015faf\u0131 v\u0259 t\u0259bli\u011fi, m\u00f6vcud v\u0259ziyy\u0259t, maddi v\u0259 qeyri-maddi irsimiz\u0259, t\u0259sviri v\u0259 t\u0259tbiqi s\u0259n\u0259t\u0259, tarixi abid\u0259l\u0259r\u0259 d\u00f6vl\u0259t d\u0259st\u0259yi v\u0259 dig\u0259r istiqam\u0259tl\u0259rd\u0259 diskussiyalar t\u0259\u015fkil edil\u0259c\u0259k.<\/p>\n<p>Forumda \u201cAz\u0259rbaycan\u0131n da\u015f\u0131nmaz tarixi &#8211; m\u0259d\u0259ni irsinin t\u0259dqiqi v\u0259 m\u00fchafiz\u0259si probleml\u0259ri\u201d, \u201cPostkonflikt d\u00f6vr\u00fcnd\u0259 Az\u0259rbaycan\u0131n tarixi &#8211; m\u0259d\u0259ni v\u0259 t\u0259bii irsinin qorunmas\u0131 m\u0259s\u0259l\u0259l\u0259ri\u201d, \u201cAz\u0259rbaycanda da\u015f\u0131nar m\u0259d\u0259ni irs: muzey i\u015fi v\u0259 m\u00fcasir \u00e7a\u011f\u0131r\u0131\u015flar\u201d, \u201cQeyri-maddi m\u0259d\u0259ni irsin m\u00fchafiz\u0259si v\u0259 m\u00fcasir \u00e7a\u011f\u0131r\u0131\u015flar\u201d, \u201cT\u0259sviri s\u0259n\u0259t v\u0259 m\u00fcasir \u00e7a\u011f\u0131r\u0131\u015flar\u201d, \u201cM\u0259d\u0259ni irs v\u0259 m\u00fcasir memarl\u0131q- \u015e\u0259h\u0259rsalma prinsipl\u0259ri\u201d m\u00f6vzular\u0131 \u00fczr\u0259 panell\u0259r t\u0259\u015fkil olunacaq.<\/p>\n<p>Panellerd\u0259 m\u00fcvafiq sah\u0259l\u0259rin m\u00f6vcud v\u0259ziyy\u0259ti v\u0259 g\u0259l\u0259c\u0259k perspektivl\u0259r bar\u0259d\u0259 fikir m\u00fcbadil\u0259si apar\u0131lacaq.<\/p>\n","protected":false},"excerpt":{"rendered":"<p>Az\u0259rbaycanda ilk d\u0259f\u0259 &#8211; \u201cM\u0259d\u0259ni irs\u201d m\u00f6vzusunda FORUM Bu g\u00fcn Heyd\u0259r \u018fliyev Fondu v\u0259 M\u0259d\u0259niyy\u0259t Nazirliyinin t\u0259\u015fkilat\u00e7\u0131l\u0131\u011f\u0131 il\u0259 \u00f6lk\u0259mizd\u0259 ilk d\u0259f\u0259 \u201cM\u0259d\u0259ni irs\u201d forumu i\u015f\u0259 ba\u015flay\u0131b. &#8220;\u0130NFONEWS&#8221; x\u0259b\u0259r verir ki,&hellip; <\/p>\n","protected":false},"author":14,"featured_media":38300,"comment_status":"open","ping_status":"open","sticky":false,"template":"","format":"standard","meta":{"_mi_skip_tracking":false,"_monsterinsights_sitenote_active":false,"_monsterinsights_sitenote_note":"","_monsterinsights_sitenote_category":0,"footnotes":""},"categories":[4,10,11],"tags":[9966,7122,972,38,15],"aioseo_notices":[],"_links":{"self":[{"href":"https:\/\/infonews.az\/index.php?rest_route=\/wp\/v2\/posts\/38299"}],"collection":[{"href":"https:\/\/infonews.az\/index.php?rest_route=\/wp\/v2\/posts"}],"about":[{"href":"https:\/\/infonews.az\/index.php?rest_route=\/wp\/v2\/types\/post"}],"author":[{"embeddable":true,"href":"https:\/\/infonews.az\/index.php?rest_route=\/wp\/v2\/users\/14"}],"replies":[{"embeddable":true,"href":"https:\/\/infonews.az\/index.php?rest_route=%2Fwp%2Fv2%2Fcomments&post=38299"}],"version-history":[{"count":1,"href":"https:\/\/infonews.az\/index.php?rest_route=\/wp\/v2\/posts\/38299\/revisions"}],"predecessor-version":[{"id":38301,"href":"https:\/\/infonews.az\/index.php?rest_route=\/wp\/v2\/posts\/38299\/revisions\/38301"}],"wp:featuredmedia":[{"embeddable":true,"href":"https:\/\/infonews.az\/index.php?rest_route=\/wp\/v2\/media\/38300"}],"wp:attachment":[{"href":"https:\/\/infonews.az\/index.php?rest_route=%2Fwp%2Fv2%2Fmedia&parent=38299"}],"wp:term":[{"taxonomy":"category","embeddable":true,"href":"https:\/\/infonews.az\/index.php?rest_route=%2Fwp%2Fv2%2Fcategories&post=38299"},{"taxonomy":"post_tag","embeddable":true,"href":"https:\/\/infonews.az\/index.php?rest_route=%2Fwp%2Fv2%2Ftags&post=38299"}],"curies":[{"name":"wp","href":"https:\/\/api.w.org\/{rel}","templated":true}]}}