{"id":38319,"date":"2023-12-18T13:23:46","date_gmt":"2023-12-18T09:23:46","guid":{"rendered":"https:\/\/infonews.az\/?p=38319"},"modified":"2023-12-18T13:23:46","modified_gmt":"2023-12-18T09:23:46","slug":"turk-dunyasinda-ortaq-%c9%99lifba-v%c9%99-unsiyy%c9%99t-dili-yeni-kitab","status":"publish","type":"post","link":"https:\/\/infonews.az\/?p=38319","title":{"rendered":"\u201cT\u00fcrk d\u00fcnyas\u0131nda ortaq \u0259lifba v\u0259 \u00fcnsiyy\u0259t dili\u201d- YEN\u0130 K\u0130TAB"},"content":{"rendered":"<p><span style=\"color: #ffffff;\">\u201cT\u00fcrk d\u00fcnyas\u0131nda ortaq \u0259lifba v\u0259 \u00fcnsiyy\u0259t dili\u201d- YEN\u0130 K\u0130TAB<\/span><\/p>\n<blockquote><p>Filologiya elml\u0259ri doktoru, dosent El\u00e7in \u0130brahimovun \u201cT\u00fcrk d\u00fcnyas\u0131nda ortaq \u0259lifba v\u0259 \u00fcnsiyy\u0259t dili\u201d monoqrafiyas\u0131n\u0131n t\u0259kmill\u0259\u015fdirilmi\u015f v\u0259 \u0259lav\u0259l\u0259r edilmi\u015f ikinci n\u0259\u015fri \u00e7apdan \u00e7\u0131x\u0131b.<\/p><\/blockquote>\n<p><a href=\"https:\/\/infonews.az\/?p=38319\"><span style=\"color: #333399;\"><strong>&#8220;\u0130NFONEWS&#8221;<\/strong><\/span><\/a> x\u0259b\u0259r verir ki, kitabda t\u00fcrk xalqlar\u0131 aras\u0131nda \u0259lifba islahatlar\u0131 istiqam\u0259tind\u0259 g\u00f6r\u00fcl\u0259n i\u015fl\u0259r, XX y\u00fczilliyin ba\u015flan\u011f\u0131c\u0131ndan g\u00fcn\u00fcm\u00fcz\u0259 q\u0259d\u0259r davam ed\u0259n prosesl\u0259r ara\u015fd\u0131r\u0131l\u0131b. H\u0259m\u00e7inin t\u00fcrkl\u0259r aras\u0131nda ortaq \u00fcnsiyy\u0259t dilinin formala\u015fd\u0131r\u0131lmas\u0131 istiqam\u0259tind\u0259 \u0259lifba v\u0259 orfoqrafiya probleml\u0259ri elmi-n\u0259z\u0259ri aspektd\u0259 t\u0259dqiq olunub. \u018fs\u0259rd\u0259 t\u00fcrk xalqlar\u0131n\u0131n ortaq v\u0259 \u00fcmumi \u0259lifbaya ke\u00e7m\u0259si yollar\u0131n\u0131n m\u00fc\u0259yy\u0259nl\u0259\u015fdirilm\u0259si, ortaq \u00fcnsiyy\u0259t dili \u00fc\u00e7\u00fcn imla m\u0259s\u0259l\u0259l\u0259rinin yenid\u0259n aktualla\u015fmas\u0131 kimi m\u0259s\u0259l\u0259l\u0259r \u00f6z \u0259ksini tap\u0131b. T\u00fcrk d\u00f6vl\u0259tl\u0259ri aras\u0131nda siyasi, iqtisadi v\u0259 m\u0259d\u0259ni \u0259laq\u0259l\u0259rin g\u00fccl\u0259ndiyi bir vaxtda \u00e7ap olunan bu ara\u015fd\u0131rma probleml\u0259r v\u0259 perspektivl\u0259ri ayd\u0131n \u015f\u0259kild\u0259 ortaya qoymas\u0131 bax\u0131m\u0131ndan son d\u0259r\u0259c\u0259 \u0259h\u0259miyy\u0259tlidir.<\/p>\n<p>Kitab\u0131n elmi redaktorlar\u0131 t\u00fcrkiy\u0259li alim, professor \u015e\u00fckr\u00fc Haluk Akal\u0131n v\u0259 filologiya \u00fczr\u0259 f\u0259ls\u0259f\u0259 doktoru \u0130manyar Quliyev, r\u0259y\u00e7il\u0259ri filologiya elml\u0259ri doktoru, dosent \u015e\u0259bn\u0259m H\u0259s\u0259nli-Q\u0259ribova, filologiya \u00fczr\u0259 f\u0259ls\u0259f\u0259 doktoru, dosent K\u00f6n\u00fcl S\u0259m\u0259dova v\u0259 filologiya \u00fczr\u0259 f\u0259ls\u0259f\u0259 doktoru, dosent Z\u0259min\u0259 R\u00fcst\u0259mb\u0259ylidir.<\/p>\n<p>Monoqrafiyadan t\u00fcrkoloqlar, filologiya fak\u00fclt\u0259l\u0259rinin bakalavr, magistrant v\u0259 doktorantlar\u0131 faydalana bil\u0259rl\u0259r.<\/p>\n","protected":false},"excerpt":{"rendered":"<p>\u201cT\u00fcrk d\u00fcnyas\u0131nda ortaq \u0259lifba v\u0259 \u00fcnsiyy\u0259t dili\u201d- YEN\u0130 K\u0130TAB Filologiya elml\u0259ri doktoru, dosent El\u00e7in \u0130brahimovun \u201cT\u00fcrk d\u00fcnyas\u0131nda ortaq \u0259lifba v\u0259 \u00fcnsiyy\u0259t dili\u201d monoqrafiyas\u0131n\u0131n t\u0259kmill\u0259\u015fdirilmi\u015f v\u0259 \u0259lav\u0259l\u0259r edilmi\u015f ikinci n\u0259\u015fri \u00e7apdan&hellip; <\/p>\n","protected":false},"author":14,"featured_media":38320,"comment_status":"open","ping_status":"open","sticky":false,"template":"","format":"standard","meta":{"_mi_skip_tracking":false,"_monsterinsights_sitenote_active":false,"_monsterinsights_sitenote_note":"","_monsterinsights_sitenote_category":0,"footnotes":""},"categories":[4,11,3],"tags":[12098,15,254,12099],"aioseo_notices":[],"_links":{"self":[{"href":"https:\/\/infonews.az\/index.php?rest_route=\/wp\/v2\/posts\/38319"}],"collection":[{"href":"https:\/\/infonews.az\/index.php?rest_route=\/wp\/v2\/posts"}],"about":[{"href":"https:\/\/infonews.az\/index.php?rest_route=\/wp\/v2\/types\/post"}],"author":[{"embeddable":true,"href":"https:\/\/infonews.az\/index.php?rest_route=\/wp\/v2\/users\/14"}],"replies":[{"embeddable":true,"href":"https:\/\/infonews.az\/index.php?rest_route=%2Fwp%2Fv2%2Fcomments&post=38319"}],"version-history":[{"count":1,"href":"https:\/\/infonews.az\/index.php?rest_route=\/wp\/v2\/posts\/38319\/revisions"}],"predecessor-version":[{"id":38321,"href":"https:\/\/infonews.az\/index.php?rest_route=\/wp\/v2\/posts\/38319\/revisions\/38321"}],"wp:featuredmedia":[{"embeddable":true,"href":"https:\/\/infonews.az\/index.php?rest_route=\/wp\/v2\/media\/38320"}],"wp:attachment":[{"href":"https:\/\/infonews.az\/index.php?rest_route=%2Fwp%2Fv2%2Fmedia&parent=38319"}],"wp:term":[{"taxonomy":"category","embeddable":true,"href":"https:\/\/infonews.az\/index.php?rest_route=%2Fwp%2Fv2%2Fcategories&post=38319"},{"taxonomy":"post_tag","embeddable":true,"href":"https:\/\/infonews.az\/index.php?rest_route=%2Fwp%2Fv2%2Ftags&post=38319"}],"curies":[{"name":"wp","href":"https:\/\/api.w.org\/{rel}","templated":true}]}}