{"id":3836,"date":"2021-02-04T17:58:20","date_gmt":"2021-02-04T13:58:20","guid":{"rendered":"https:\/\/infonews.az\/?p=3836"},"modified":"2021-02-04T17:58:20","modified_gmt":"2021-02-04T13:58:20","slug":"dovl%c9%99t-bascisindan-v%c9%99t%c9%99ndaslara-muraci%c9%99t","status":"publish","type":"post","link":"https:\/\/infonews.az\/?p=3836","title":{"rendered":"D\u00f6vl\u0259t ba\u015f\u00e7\u0131s\u0131ndan v\u0259t\u0259nda\u015flara m\u00fcraci\u0259t"},"content":{"rendered":"<p><span style=\"color: #ffffff;\">D\u00f6vl\u0259t ba\u015f\u00e7\u0131s\u0131ndan v\u0259t\u0259nda\u015flara m\u00fcraci\u0259t<\/span><\/p>\n<p><a href=\"https:\/\/infonews.az\/?p=3836&amp;\"><strong><span style=\"color: #ff0000;\">&#8220;\u0130NFONEWS&#8221;<\/span><\/strong><\/a> x\u0259b\u0259r verir.<\/p>\n<blockquote><p>Az\u0259rbaycan v\u0259t\u0259nda\u015flar\u0131na m\u00fcraci\u0259t etm\u0259k ist\u0259yir\u0259m, onlardan xahi\u015f edir\u0259m ki, azad olunmu\u015f torpaqlara icaz\u0259siz, qanunsuz getm\u0259sinl\u0259r.<\/p><\/blockquote>\n<p>Bunu Prezident \u0130lham \u018fliyev fevral\u0131n 4-d\u0259 V\u00fcqar S\u00fcleymanovu Minat\u0259mizl\u0259m\u0259 Agentliyinin \u0130dar\u0259 Hey\u0259tinin s\u0259dri v\u0259zif\u0259sin\u0259 t\u0259yin olunmas\u0131 il\u0259 \u0259laq\u0259dar videoformatda q\u0259bul ed\u0259rk\u0259n \u00e7\u0131x\u0131\u015f\u0131 zaman\u0131 deyib.<\/p>\n<p>D\u00f6vl\u0259t ba\u015f\u00e7\u0131s\u0131 bildirib:<\/p>\n<blockquote><p>Azad edilmi\u015f torpaqlarda son g\u00fcnl\u0259rd\u0259 v\u0259 m\u00fcharib\u0259d\u0259n sonra \u0259fsuslar olsun ki, b\u0259db\u0259xt hadis\u0259l\u0259r ba\u015f verir. M\u0259n Az\u0259rbaycan v\u0259t\u0259nda\u015flar\u0131na m\u00fcraci\u0259t etm\u0259k ist\u0259yir\u0259m, onlardan xahi\u015f edir\u0259m ki, azad olunmu\u015f torpaqlara icaz\u0259siz, qanunsuz getm\u0259sinl\u0259r. M\u0259n insanlar\u0131n bu add\u0131mlar\u0131n\u0131 bir t\u0259r\u0259fd\u0259n ba\u015fa d\u00fc\u015f\u00fcr\u0259m, onlar uzun ill\u0259r v\u0259t\u0259n h\u0259sr\u0259ti il\u0259 ya\u015fam\u0131\u015flar, h\u0259r bir ke\u00e7mi\u015f m\u0259cburi k\u00f6\u00e7k\u00fcn tezlikl\u0259 \u00f6z do\u011fma torpa\u011f\u0131na, do\u011fma k\u0259ndin\u0259 qay\u0131tmaq ist\u0259yir, ancaq xahi\u015f edir\u0259m ki, g\u00f6zl\u0259sinl\u0259r. Bir q\u0259d\u0259r g\u00f6zl\u0259sinl\u0259r ki, minalardan t\u0259mizl\u0259m\u0259 i\u015fl\u0259ri ba\u015fa \u00e7ats\u0131n. \u00c7\u00fcnki bu, b\u00f6y\u00fck t\u0259hl\u00fck\u0259dir, h\u0259m piyadalara, h\u0259m avtomobill\u0259r\u0259 b\u00f6y\u00fck t\u0259hl\u00fck\u0259dir. M\u00fcharib\u0259d\u0259n sonra bir ne\u00e7\u0259 bel\u0259 b\u0259db\u0259xt hadis\u0259 ba\u015f verib, insanlar h\u0259lak olub, yaralan\u0131b. Eyni zamanda, postlarda dayanan \u0259m\u0259kda\u015flar da n\u0259zar\u0259t i\u015fl\u0259rini daha ciddi t\u0259\u015fkil etm\u0259lidirl\u0259r ki, azad edilmi\u015f torpaqlara qanunsuz, icaz\u0259siz gedi\u015f\u0259 son qoyulsun.<\/p><\/blockquote>\n","protected":false},"excerpt":{"rendered":"<p>D\u00f6vl\u0259t ba\u015f\u00e7\u0131s\u0131ndan v\u0259t\u0259nda\u015flara m\u00fcraci\u0259t &#8220;\u0130NFONEWS&#8221; x\u0259b\u0259r verir. Az\u0259rbaycan v\u0259t\u0259nda\u015flar\u0131na m\u00fcraci\u0259t etm\u0259k ist\u0259yir\u0259m, onlardan xahi\u015f edir\u0259m ki, azad olunmu\u015f torpaqlara icaz\u0259siz, qanunsuz getm\u0259sinl\u0259r. Bunu Prezident \u0130lham \u018fliyev fevral\u0131n 4-d\u0259 V\u00fcqar S\u00fcleymanovu&hellip; <\/p>\n","protected":false},"author":3,"featured_media":3766,"comment_status":"open","ping_status":"open","sticky":false,"template":"","format":"standard","meta":{"_mi_skip_tracking":false,"_monsterinsights_sitenote_active":false,"_monsterinsights_sitenote_note":"","_monsterinsights_sitenote_category":0,"footnotes":""},"categories":[6,11],"tags":[125,20,466,139],"aioseo_notices":[],"_links":{"self":[{"href":"https:\/\/infonews.az\/index.php?rest_route=\/wp\/v2\/posts\/3836"}],"collection":[{"href":"https:\/\/infonews.az\/index.php?rest_route=\/wp\/v2\/posts"}],"about":[{"href":"https:\/\/infonews.az\/index.php?rest_route=\/wp\/v2\/types\/post"}],"author":[{"embeddable":true,"href":"https:\/\/infonews.az\/index.php?rest_route=\/wp\/v2\/users\/3"}],"replies":[{"embeddable":true,"href":"https:\/\/infonews.az\/index.php?rest_route=%2Fwp%2Fv2%2Fcomments&post=3836"}],"version-history":[{"count":1,"href":"https:\/\/infonews.az\/index.php?rest_route=\/wp\/v2\/posts\/3836\/revisions"}],"predecessor-version":[{"id":3837,"href":"https:\/\/infonews.az\/index.php?rest_route=\/wp\/v2\/posts\/3836\/revisions\/3837"}],"wp:featuredmedia":[{"embeddable":true,"href":"https:\/\/infonews.az\/index.php?rest_route=\/wp\/v2\/media\/3766"}],"wp:attachment":[{"href":"https:\/\/infonews.az\/index.php?rest_route=%2Fwp%2Fv2%2Fmedia&parent=3836"}],"wp:term":[{"taxonomy":"category","embeddable":true,"href":"https:\/\/infonews.az\/index.php?rest_route=%2Fwp%2Fv2%2Fcategories&post=3836"},{"taxonomy":"post_tag","embeddable":true,"href":"https:\/\/infonews.az\/index.php?rest_route=%2Fwp%2Fv2%2Ftags&post=3836"}],"curies":[{"name":"wp","href":"https:\/\/api.w.org\/{rel}","templated":true}]}}