{"id":38836,"date":"2023-12-22T14:42:18","date_gmt":"2023-12-22T10:42:18","guid":{"rendered":"https:\/\/infonews.az\/?p=38836"},"modified":"2023-12-22T14:42:18","modified_gmt":"2023-12-22T10:42:18","slug":"nato-nun-bas-katibi-rusiya-h%c9%99rbi-m%c9%99qs%c9%99dl%c9%99rin%c9%99-nail-ola-bilmir","status":"publish","type":"post","link":"https:\/\/infonews.az\/?p=38836","title":{"rendered":"NATO-nun ba\u015f katibi: &#8220;Rusiya h\u0259rbi m\u0259qs\u0259dl\u0259rin\u0259 nail ola bilmir&#8221;"},"content":{"rendered":"<blockquote><p>Rusiya \u0259h\u0259miyy\u0259tli s\u0259yl\u0259r\u0259 baxmayaraq, art\u0131q Ukraynada h\u0259rbi m\u0259qs\u0259dl\u0259rin\u0259 nail ola bilmir.<\/p><\/blockquote>\n<p><a href=\"https:\/\/infonews.az\/\"><strong>&#8220;\u0130NFONEWS&#8221;\u00a0<\/strong><\/a>x\u0259b\u0259r verir ki, bunu NATO-nun Ba\u015f katibi Yens Stoltenbq \u201cSpiegel\u201d n\u0259\u015frin\u0259 m\u00fcsahib\u0259sind\u0259 deyib.<\/p>\n<p>O bildirib ki, Rusiyan\u0131n m\u00fcharib\u0259d\u0259ki m\u0259qs\u0259di Ukraynan\u0131n NATO v\u0259 Avropa \u0130ttifaq\u0131na (A\u0130) daxil olmas\u0131n\u0131n qar\u015f\u0131s\u0131n\u0131 almaq olub: \u201c\u00dcst\u0259lik, dem\u0259k olar ki, 2 illik m\u00fcharib\u0259d\u0259n sonra Ukrayna indi NATO v\u0259 A\u0130-y\u0259 \u0259vv\u0259lkind\u0259n daha yax\u0131nd\u0131r. Rusiya m\u00fcharib\u0259y\u0259 ciddi maliyy\u0259 s\u0259rf edir. Bel\u0259 ki, \u00f6lk\u0259 art\u0131q y\u00fczl\u0259rl\u0259 t\u0259yyar\u0259 v\u0259 minl\u0259rl\u0259 tank itirib. 300 mind\u0259n \u00e7ox \u0259sg\u0259r \u00f6l\u00fcb v\u0259 ya yaralan\u0131b. Bundan \u0259lav\u0259, m\u00fcharib\u0259 n\u0259tic\u0259sind\u0259 inflyasiya artd\u0131, h\u0259yat s\u0259viyy\u0259si a\u015fa\u011f\u0131 d\u00fc\u015fd\u00fc. Rusiya siyasi c\u0259h\u0259td\u0259n \u0259vv\u0259lkind\u0259n daha \u00e7ox t\u0259crid olunub\u201d.<\/p>\n<p>Y.Stoltenberq s\u00f6yl\u0259yib ki, m\u00fcharib\u0259 yax\u0131n vaxtda ba\u015fa \u00e7atmayacaq: \u201cRusiyan\u0131n \u00f6z m\u0259qs\u0259dl\u0259rini v\u0259 siyas\u0259tini d\u0259yi\u015f\u0259c\u0259yin\u0259 dair he\u00e7 bir i\u015far\u0259 yoxdur. Rusiya daha \u00e7ox \u0259razi i\u015f\u011fal etm\u0259y\u0259 davam ed\u0259c\u0259k\u201d.<\/p>\n<p>Onun fikrinc\u0259, bu, o dem\u0259kdir ki, NATO v\u0259 ona \u00fczv olan 31 \u00f6lk\u0259 Ukraynaya g\u00fccl\u00fc d\u0259st\u0259yi davam etdirm\u0259lidir: \u201cUkrayna NATO-dan d\u0259st\u0259k alanda \u00f6z\u00fcn\u00fc m\u00fcdafi\u0259 ed\u0259 bil\u0259c\u0259yini n\u00fcmayi\u015f etdirdi\u201d.<\/p>\n<p>Xat\u0131rladaq ki, Rusiya il\u0259 Ukrayna aras\u0131nda geni\u015fmiqyasl\u0131 m\u00fcharib\u0259 \u00f6t\u0259n il fevral\u0131n 24-d\u0259 ba\u015flay\u0131b. Ukrayna bu ilin iyununda \u0259ks-h\u00fccum \u0259m\u0259liyyatlar\u0131 ke\u00e7irir. R\u0259smi Kiyevin m\u00f6vqeyin\u0259 g\u00f6r\u0259, Ukraynan\u0131n \u0259razi b\u00fct\u00f6vl\u00fcy\u00fc tam t\u0259min olunmadan m\u00fcharib\u0259 ba\u015fa \u00e7atmayacaq. Ukrayna Prezidenti Volodimir Zelenski daha \u0259vv\u0259l bildirmi\u015fdi ki, Q\u0259rb d\u0259st\u0259yi dayand\u0131rsa, \u00f6lk\u0259si geri \u00e7\u0259kil\u0259c\u0259k. V.Zelenski \u0259ks-h\u00fccum \u0259m\u0259liyyat\u0131n\u0131n u\u011fursuz oldu\u011funu etiraf edib.<\/p>\n","protected":false},"excerpt":{"rendered":"<p>Rusiya \u0259h\u0259miyy\u0259tli s\u0259yl\u0259r\u0259 baxmayaraq, art\u0131q Ukraynada h\u0259rbi m\u0259qs\u0259dl\u0259rin\u0259 nail ola bilmir. &#8220;\u0130NFONEWS&#8221;\u00a0x\u0259b\u0259r verir ki, bunu NATO-nun Ba\u015f katibi Yens Stoltenbq \u201cSpiegel\u201d n\u0259\u015frin\u0259 m\u00fcsahib\u0259sind\u0259 deyib. O bildirib ki, Rusiyan\u0131n m\u00fcharib\u0259d\u0259ki m\u0259qs\u0259di&hellip; <\/p>\n","protected":false},"author":30,"featured_media":38837,"comment_status":"open","ping_status":"open","sticky":false,"template":"","format":"standard","meta":{"_mi_skip_tracking":false,"_monsterinsights_sitenote_active":false,"_monsterinsights_sitenote_note":"","_monsterinsights_sitenote_category":0,"footnotes":""},"categories":[9,11],"tags":[12341,12319,659,674,143,172,12340],"aioseo_notices":[],"_links":{"self":[{"href":"https:\/\/infonews.az\/index.php?rest_route=\/wp\/v2\/posts\/38836"}],"collection":[{"href":"https:\/\/infonews.az\/index.php?rest_route=\/wp\/v2\/posts"}],"about":[{"href":"https:\/\/infonews.az\/index.php?rest_route=\/wp\/v2\/types\/post"}],"author":[{"embeddable":true,"href":"https:\/\/infonews.az\/index.php?rest_route=\/wp\/v2\/users\/30"}],"replies":[{"embeddable":true,"href":"https:\/\/infonews.az\/index.php?rest_route=%2Fwp%2Fv2%2Fcomments&post=38836"}],"version-history":[{"count":1,"href":"https:\/\/infonews.az\/index.php?rest_route=\/wp\/v2\/posts\/38836\/revisions"}],"predecessor-version":[{"id":38838,"href":"https:\/\/infonews.az\/index.php?rest_route=\/wp\/v2\/posts\/38836\/revisions\/38838"}],"wp:featuredmedia":[{"embeddable":true,"href":"https:\/\/infonews.az\/index.php?rest_route=\/wp\/v2\/media\/38837"}],"wp:attachment":[{"href":"https:\/\/infonews.az\/index.php?rest_route=%2Fwp%2Fv2%2Fmedia&parent=38836"}],"wp:term":[{"taxonomy":"category","embeddable":true,"href":"https:\/\/infonews.az\/index.php?rest_route=%2Fwp%2Fv2%2Fcategories&post=38836"},{"taxonomy":"post_tag","embeddable":true,"href":"https:\/\/infonews.az\/index.php?rest_route=%2Fwp%2Fv2%2Ftags&post=38836"}],"curies":[{"name":"wp","href":"https:\/\/api.w.org\/{rel}","templated":true}]}}