{"id":38924,"date":"2023-12-25T15:42:27","date_gmt":"2023-12-25T11:42:27","guid":{"rendered":"https:\/\/infonews.az\/?p=38924"},"modified":"2023-12-25T15:42:27","modified_gmt":"2023-12-25T11:42:27","slug":"veys%c9%99loglu-yasil-iqtisadiyyatla-bagli-beyn%c9%99lxalq-sirk%c9%99tl%c9%99-%c9%99m%c9%99kdasliga-basladi","status":"publish","type":"post","link":"https:\/\/infonews.az\/?p=38924","title":{"rendered":"\u201cVeys\u0259lo\u011flu\u201d ya\u015f\u0131l iqtisadiyyatla ba\u011fl\u0131 beyn\u0259lxalq \u015firk\u0259tl\u0259 \u0259m\u0259kda\u015fl\u0131\u011fa ba\u015flad\u0131"},"content":{"rendered":"<p class=\"entry-title\"><span style=\"color: #ffffff;\">\u201cVeys\u0259lo\u011flu\u201d ya\u015f\u0131l iqtisadiyyatla ba\u011fl\u0131 beyn\u0259lxalq \u015firk\u0259tl\u0259 \u0259m\u0259kda\u015fl\u0131\u011fa ba\u015flad\u0131<\/span><\/p>\n<blockquote><p><strong><em>&#8220;Veys\u0259lo\u011flu&#8221; \u015eirk\u0259tl\u0259r Qrupu 63 \u0259d\u0259d yeni \u00e7oxtemperaturlu y\u00fck avtomobili il\u0259 atmosfer\u0259 burax\u0131lan karbon emissiyas\u0131n\u0131n azald\u0131lmas\u0131na t\u00f6hf\u0259 verm\u0259y\u0259 \u00e7al\u0131\u015f\u0131r.<\/em><\/strong><\/p><\/blockquote>\n<p><a href=\"https:\/\/infonews.az\/?p=38924\"><span style=\"color: #333399;\"><strong>&#8220;\u0130NFONEWS&#8221;<\/strong><\/span><\/a> x\u0259b\u0259r verir ki, &#8220;Veys\u0259lo\u011flu&#8221; \u015eirk\u0259tl\u0259r Qrupuna daxil olan \u201cAVT Logistics\u201d MMC il\u0259 beyn\u0259lxalq \u015firk\u0259t olan \u201cGorica Group\u201d aras\u0131ndak\u0131 anla\u015fmaya \u0259sas\u0259n 63 \u0259d\u0259d 5 v\u0259 11 ton tutumlu \u00e7oxtemperaturlu y\u00fck avtomobili al\u0131n\u0131b. Bu avtomobill\u0259r say\u0259sind\u0259 m\u00fcxt\u0259lif temperaturlarda da\u015f\u0131nmal\u0131 olan m\u0259hsullar vahid s\u0259f\u0259rd\u0259 da\u015f\u0131na bil\u0259c\u0259yi \u00fc\u00e7\u00fcn yollarda gedil\u0259n m\u0259saf\u0259, dolay\u0131s\u0131 il\u0259 is\u0259 atmosfer\u0259 burax\u0131lan karbon emissiyas\u0131 azal\u0131r.<\/p>\n<p>\u015eirk\u0259tl\u0259r aras\u0131nda sazi\u015fi &#8220;Veys\u0259lo\u011flu&#8221; \u015eirk\u0259tl\u0259r Qrupunun t\u0259sis\u00e7isi Ayd\u0131n Tal\u0131bov v\u0259 \u201cGorica\u201d Qrupun sahibi \u0130van Fornazaric imzalay\u0131b.<\/p>\n<p>\u201cBizim \u00fc\u00e7\u00fcn bu \u0259m\u0259kda\u015fl\u0131q yaln\u0131z biznes m\u0259s\u0259l\u0259si deyil, h\u0259m d\u0259 \u00f6lk\u0259mizin dayan\u0131ql\u0131 inki\u015faf m\u0259qs\u0259dl\u0259rin\u0259 \u00f6z t\u00f6hf\u0259mizi verm\u0259k \u00fc\u00e7\u00fcn \u0259traf m\u00fchitin m\u00fchafiz\u0259sin\u0259 investisiyad\u0131r. D\u00f6vl\u0259tin \u201cya\u015f\u0131l iqtisadi\u201d transformasiyas\u0131n\u0131 s\u00fcr\u0259tl\u0259ndirm\u0259k \u00f6hd\u0259liyi il\u0259 ba\u011fl\u0131 islahatlara d\u0259st\u0259k olma\u011fa \u00e7al\u0131\u015f\u0131r\u0131q\u201d, &#8211; dey\u0259 Ayd\u0131n Tal\u0131bov bildirib.<\/p>\n<p>Bu n\u0259qliyyat vasit\u0259l\u0259rind\u0259n istifad\u0259 n\u0259tic\u0259sind\u0259 ayl\u0131q q\u0259t edil\u0259n m\u0259saf\u0259y\u0259 130,000 kilometr q\u0259na\u0259t edilm\u0259si proqnozla\u015fd\u0131r\u0131l\u0131r. Yenilik n\u0259tic\u0259sind\u0259 Veys\u0259lo\u011flu \u015eirk\u0259tl\u0259r Qrupu atmosfer\u0259 burax\u0131lan karbon emissiyas\u0131n\u0131 ayda 290 min kiloqram, ild\u0259 is\u0259 t\u0259xmin\u0259n 3,5 milyon kiloqram azaltma\u011f\u0131 h\u0259d\u0259fl\u0259yir.<\/p>\n<p>Qeyd ed\u0259k ki, \u201cAVT Logistics\u201d avtomobill\u0259ri h\u0259r g\u00fcn 64 min kilometr yol q\u0259t ed\u0259r\u0259k Az\u0259rbaycan\u0131n 4,500 n\u00f6qt\u0259sind\u0259 m\u00fc\u015ft\u0259ril\u0259r\u0259 m\u0259hsul \u00e7atd\u0131r\u0131r.<\/p>\n","protected":false},"excerpt":{"rendered":"<p>\u201cVeys\u0259lo\u011flu\u201d ya\u015f\u0131l iqtisadiyyatla ba\u011fl\u0131 beyn\u0259lxalq \u015firk\u0259tl\u0259 \u0259m\u0259kda\u015fl\u0131\u011fa ba\u015flad\u0131 &#8220;Veys\u0259lo\u011flu&#8221; \u015eirk\u0259tl\u0259r Qrupu 63 \u0259d\u0259d yeni \u00e7oxtemperaturlu y\u00fck avtomobili il\u0259 atmosfer\u0259 burax\u0131lan karbon emissiyas\u0131n\u0131n azald\u0131lmas\u0131na t\u00f6hf\u0259 verm\u0259y\u0259 \u00e7al\u0131\u015f\u0131r. &#8220;\u0130NFONEWS&#8221; x\u0259b\u0259r verir ki,&hellip; <\/p>\n","protected":false},"author":14,"featured_media":38925,"comment_status":"open","ping_status":"open","sticky":false,"template":"","format":"standard","meta":{"_mi_skip_tracking":false,"_monsterinsights_sitenote_active":false,"_monsterinsights_sitenote_note":"","_monsterinsights_sitenote_category":0,"footnotes":""},"categories":[2,11],"tags":[12367,12369,12368,15,12370],"aioseo_notices":[],"_links":{"self":[{"href":"https:\/\/infonews.az\/index.php?rest_route=\/wp\/v2\/posts\/38924"}],"collection":[{"href":"https:\/\/infonews.az\/index.php?rest_route=\/wp\/v2\/posts"}],"about":[{"href":"https:\/\/infonews.az\/index.php?rest_route=\/wp\/v2\/types\/post"}],"author":[{"embeddable":true,"href":"https:\/\/infonews.az\/index.php?rest_route=\/wp\/v2\/users\/14"}],"replies":[{"embeddable":true,"href":"https:\/\/infonews.az\/index.php?rest_route=%2Fwp%2Fv2%2Fcomments&post=38924"}],"version-history":[{"count":1,"href":"https:\/\/infonews.az\/index.php?rest_route=\/wp\/v2\/posts\/38924\/revisions"}],"predecessor-version":[{"id":38926,"href":"https:\/\/infonews.az\/index.php?rest_route=\/wp\/v2\/posts\/38924\/revisions\/38926"}],"wp:featuredmedia":[{"embeddable":true,"href":"https:\/\/infonews.az\/index.php?rest_route=\/wp\/v2\/media\/38925"}],"wp:attachment":[{"href":"https:\/\/infonews.az\/index.php?rest_route=%2Fwp%2Fv2%2Fmedia&parent=38924"}],"wp:term":[{"taxonomy":"category","embeddable":true,"href":"https:\/\/infonews.az\/index.php?rest_route=%2Fwp%2Fv2%2Fcategories&post=38924"},{"taxonomy":"post_tag","embeddable":true,"href":"https:\/\/infonews.az\/index.php?rest_route=%2Fwp%2Fv2%2Ftags&post=38924"}],"curies":[{"name":"wp","href":"https:\/\/api.w.org\/{rel}","templated":true}]}}