{"id":39005,"date":"2023-12-28T07:27:55","date_gmt":"2023-12-28T03:27:55","guid":{"rendered":"https:\/\/infonews.az\/?p=39005"},"modified":"2023-12-28T11:41:49","modified_gmt":"2023-12-28T07:41:49","slug":"rotterdamda-biz-qalib-xalqiq-bayram-t%c9%99dbiri-kecirilib","status":"publish","type":"post","link":"https:\/\/infonews.az\/?p=39005","title":{"rendered":"Rotterdamda \u201cBiz qalib xalq\u0131q!\u201d bayram t\u0259dbiri ke\u00e7irilib"},"content":{"rendered":"<p><span style=\"color: #ffffff;\">Rotterdamda \u201cBiz qalib xalq\u0131q!\u201d bayram t\u0259dbiri ke\u00e7irilib<\/span><\/p>\n<blockquote><p>Niderland\u0131n Rotterdam \u015f\u0259h\u0259rind\u0259 \u201cHeyd\u0259r \u018fliyev \u0130li\u201d \u00e7\u0259r\u00e7iv\u0259sind\u0259 D\u00fcnya Az\u0259rbaycanl\u0131lar\u0131n\u0131n H\u0259mr\u0259yliyi G\u00fcn\u00fc v\u0259 Yeni il m\u00fcnasib\u0259til\u0259 \u201cBiz Qalib Xalq\u0131q!\u201d adl\u0131 bayram t\u0259dbiri ke\u00e7irilib.<\/p><\/blockquote>\n<p><a href=\"https:\/\/infonews.az\/?p=39005\"><span style=\"color: #333399;\"><strong>&#8220;\u0130NFONEWS&#8221;<\/strong><\/span><\/a> -un Diasporla \u0130\u015f \u00fczr\u0259 D\u00f6vl\u0259t Komit\u0259sind\u0259n \u0259ld\u0259 etdiyi m\u0259lumat\u0131na g\u00f6r\u0259, Komit\u0259nin d\u0259st\u0259yi v\u0259 \u201cAna V\u0259t\u0259n\u201d Avropa Az\u0259rbaycanl\u0131 Qad\u0131nlar Birliyinin t\u0259\u015fkilat\u00e7\u0131l\u0131\u011f\u0131 il\u0259 ba\u015f tutan t\u0259dbird\u0259 Az\u0259rbaycan\u0131n Niderlanddak\u0131 s\u0259firliyinin, T\u00fcrkiy\u0259nin Amsterdamdak\u0131 Ba\u015f konsullu\u011funun \u0259m\u0259kda\u015flar\u0131, Niderland, Bel\u00e7ika v\u0259 Almaniyada ya\u015fayan soyda\u015flar\u0131m\u0131z, G\u00fcney az\u0259rbaycanl\u0131lar, T\u00fcrk icmas\u0131n\u0131n v\u0259 Niderlanddak\u0131 T\u00fcrk medias\u0131n\u0131n t\u0259msil\u00e7il\u0259ri i\u015ftirak edibl\u0259r.<\/p>\n<p>Az\u0259rbaycan\u0131n D\u00f6vl\u0259t Himninin s\u0259sl\u0259ndirilm\u0259si il\u0259 ba\u015flayan t\u0259dbird\u0259 \u00f6lk\u0259mizin suverenliyi v\u0259 \u0259razi b\u00fct\u00f6vl\u00fcy\u00fc u\u011frunda canlar\u0131ndan ke\u00e7mi\u015f \u015f\u0259hidl\u0259rimizin xatir\u0259si bir d\u0259qiq\u0259lik s\u00fckutla yad edilib.<\/p>\n<p>T\u0259dbird\u0259 Ulu \u00d6nd\u0259r Heyd\u0259r \u018fliyevin f\u0259aliyy\u0259ti v\u0259 Az\u0259rbaycan diasporunun inki\u015faf\u0131ndak\u0131 m\u00fcst\u0259sna rolu bar\u0259d\u0259 m\u0259lumat verilib, \u00dcmummilli Lider\u0259 v\u0259 xalq\u0131m\u0131z\u0131n parlaq Z\u0259f\u0259rin\u0259 h\u0259sr edilmi\u015f s\u0259n\u0259dli filml\u0259r n\u00fcmayi\u015f etdirilib.<\/p>\n<p>T\u0259dbird\u0259 \u00e7\u0131x\u0131\u015f ed\u0259nl\u0259r bayramlar v\u0259 Az\u0259rbaycan bayra\u011f\u0131n\u0131n Qaraba\u011f\u0131n b\u00fct\u00fcn \u015f\u0259h\u0259r v\u0259 k\u0259ndl\u0259rind\u0259 dal\u011faland\u0131r\u0131lmas\u0131 m\u00fcnasib\u0259til\u0259 soyda\u015flar\u0131m\u0131z\u0131, h\u0259m\u00e7inin T\u00fcrk d\u00fcnyas\u0131n\u0131 t\u0259brik edibl\u0259r. S\u0259fir v\u0259 diaspor n\u00fcmay\u0259nd\u0259l\u0259ri Niderlandda ya\u015fayan Az\u0259rbaycan v\u0259t\u0259nda\u015flar\u0131n\u0131 g\u0259l\u0259n il fevral\u0131n 7-d\u0259 \u00f6lk\u0259mizd\u0259 ke\u00e7iril\u0259c\u0259k n\u00f6vb\u0259d\u0259nk\u0259nar prezident se\u00e7kil\u0259rind\u0259 f\u0259al i\u015ftirak etm\u0259y\u0259 \u00e7a\u011f\u0131r\u0131blar.<\/p>\n<p>Az\u0259rbaycan\u0131n Niderlanddak\u0131 s\u0259firliyi v\u0259 \u201cAna V\u0259t\u0259n\u201d Avropa Az\u0259rbaycanl\u0131 Qad\u0131nlar Birliyi ad\u0131ndan son ill\u0259rd\u0259 f\u0259all\u0131\u011f\u0131 il\u0259 se\u00e7il\u0259n Koordinasiya \u015euras\u0131n\u0131n \u00fczvl\u0259rin\u0259 v\u0259 diaspor f\u0259allar\u0131na t\u0259\u015f\u0259kk\u00fcrnam\u0259l\u0259r t\u0259qdim edilib.<\/p>\n<p>\u201cYa\u015fa Az\u0259rbaycan\u201d mahn\u0131s\u0131 il\u0259 ba\u015flayan konsert proqram\u0131nda g\u0259nc m\u00fc\u011f\u0259nnil\u0259r \u0130lqar Sad\u0131qov, V\u00fcsal\u0259 Cabir, Niderland-Az\u0259rbaycan Odlar Yurdu C\u0259miyy\u0259tinin r\u0259hb\u0259ri Fr\u0259ngiz Ba\u011f\u0131rova v\u0259 C\u0259miyy\u0259tin \u00fczv\u00fc Nem\u0259ta\u011fa \u018fliyev \u00e7\u0131x\u0131\u015f edibl\u0259r. Onlar\u0131n ifalar\u0131nda s\u0259sl\u0259n\u0259n \u0259s\u0259rl\u0259r alq\u0131\u015flarla qar\u015f\u0131lan\u0131b.<\/p>\n<p>Konsertd\u0259n toplanan v\u0259saitin Az\u0259rbaycandak\u0131 \u015f\u0259hid v\u0259 qazi ail\u0259l\u0259rin\u0259 ian\u0259 edilm\u0259si n\u0259z\u0259rd\u0259 tutulub.<\/p>\n<p><img loading=\"lazy\" decoding=\"async\" class=\"aligncenter size-full wp-image-39006\" src=\"https:\/\/infonews.az\/wp-content\/uploads\/2023\/12\/17037092314114756793_1200x630.jpg\" alt=\"\" width=\"840\" height=\"630\" srcset=\"https:\/\/infonews.az\/wp-content\/uploads\/2023\/12\/17037092314114756793_1200x630.jpg 840w, https:\/\/infonews.az\/wp-content\/uploads\/2023\/12\/17037092314114756793_1200x630-300x225.jpg 300w, https:\/\/infonews.az\/wp-content\/uploads\/2023\/12\/17037092314114756793_1200x630-768x576.jpg 768w\" sizes=\"(max-width: 840px) 100vw, 840px\" \/><\/p>\n<p><img loading=\"lazy\" decoding=\"async\" class=\"aligncenter size-full wp-image-39007\" src=\"https:\/\/infonews.az\/wp-content\/uploads\/2023\/12\/17037092311587153596_1200x630.jpg\" alt=\"\" width=\"840\" height=\"630\" srcset=\"https:\/\/infonews.az\/wp-content\/uploads\/2023\/12\/17037092311587153596_1200x630.jpg 840w, https:\/\/infonews.az\/wp-content\/uploads\/2023\/12\/17037092311587153596_1200x630-300x225.jpg 300w, https:\/\/infonews.az\/wp-content\/uploads\/2023\/12\/17037092311587153596_1200x630-768x576.jpg 768w\" sizes=\"(max-width: 840px) 100vw, 840px\" \/><\/p>\n<p><img loading=\"lazy\" decoding=\"async\" class=\"aligncenter size-full wp-image-39008\" src=\"https:\/\/infonews.az\/wp-content\/uploads\/2023\/12\/1703709231222254732_1200x630.jpg\" alt=\"\" width=\"840\" height=\"630\" srcset=\"https:\/\/infonews.az\/wp-content\/uploads\/2023\/12\/1703709231222254732_1200x630.jpg 840w, https:\/\/infonews.az\/wp-content\/uploads\/2023\/12\/1703709231222254732_1200x630-300x225.jpg 300w, https:\/\/infonews.az\/wp-content\/uploads\/2023\/12\/1703709231222254732_1200x630-768x576.jpg 768w\" sizes=\"(max-width: 840px) 100vw, 840px\" \/><\/p>\n","protected":false},"excerpt":{"rendered":"<p>Rotterdamda \u201cBiz qalib xalq\u0131q!\u201d bayram t\u0259dbiri ke\u00e7irilib Niderland\u0131n Rotterdam \u015f\u0259h\u0259rind\u0259 \u201cHeyd\u0259r \u018fliyev \u0130li\u201d \u00e7\u0259r\u00e7iv\u0259sind\u0259 D\u00fcnya Az\u0259rbaycanl\u0131lar\u0131n\u0131n H\u0259mr\u0259yliyi G\u00fcn\u00fc v\u0259 Yeni il m\u00fcnasib\u0259til\u0259 \u201cBiz Qalib Xalq\u0131q!\u201d adl\u0131 bayram t\u0259dbiri ke\u00e7irilib. &#8220;\u0130NFONEWS&#8221;&hellip; <\/p>\n","protected":false},"author":14,"featured_media":39008,"comment_status":"open","ping_status":"open","sticky":false,"template":"","format":"standard","meta":{"_mi_skip_tracking":false,"_monsterinsights_sitenote_active":false,"_monsterinsights_sitenote_note":"","_monsterinsights_sitenote_category":0,"footnotes":""},"categories":[11,10171],"tags":[6203,15,997],"aioseo_notices":[],"_links":{"self":[{"href":"https:\/\/infonews.az\/index.php?rest_route=\/wp\/v2\/posts\/39005"}],"collection":[{"href":"https:\/\/infonews.az\/index.php?rest_route=\/wp\/v2\/posts"}],"about":[{"href":"https:\/\/infonews.az\/index.php?rest_route=\/wp\/v2\/types\/post"}],"author":[{"embeddable":true,"href":"https:\/\/infonews.az\/index.php?rest_route=\/wp\/v2\/users\/14"}],"replies":[{"embeddable":true,"href":"https:\/\/infonews.az\/index.php?rest_route=%2Fwp%2Fv2%2Fcomments&post=39005"}],"version-history":[{"count":1,"href":"https:\/\/infonews.az\/index.php?rest_route=\/wp\/v2\/posts\/39005\/revisions"}],"predecessor-version":[{"id":39009,"href":"https:\/\/infonews.az\/index.php?rest_route=\/wp\/v2\/posts\/39005\/revisions\/39009"}],"wp:featuredmedia":[{"embeddable":true,"href":"https:\/\/infonews.az\/index.php?rest_route=\/wp\/v2\/media\/39008"}],"wp:attachment":[{"href":"https:\/\/infonews.az\/index.php?rest_route=%2Fwp%2Fv2%2Fmedia&parent=39005"}],"wp:term":[{"taxonomy":"category","embeddable":true,"href":"https:\/\/infonews.az\/index.php?rest_route=%2Fwp%2Fv2%2Fcategories&post=39005"},{"taxonomy":"post_tag","embeddable":true,"href":"https:\/\/infonews.az\/index.php?rest_route=%2Fwp%2Fv2%2Ftags&post=39005"}],"curies":[{"name":"wp","href":"https:\/\/api.w.org\/{rel}","templated":true}]}}