{"id":39010,"date":"2023-12-28T11:52:34","date_gmt":"2023-12-28T07:52:34","guid":{"rendered":"https:\/\/infonews.az\/?p=39010"},"modified":"2023-12-28T11:52:34","modified_gmt":"2023-12-28T07:52:34","slug":"maas-ayin-axirina-catmir-deputatlarin-%c9%99ks%c9%99riyy%c9%99ti-kreditd%c9%99dir","status":"publish","type":"post","link":"https:\/\/infonews.az\/?p=39010","title":{"rendered":"&#8220;Maa\u015f ay\u0131n ax\u0131r\u0131na \u00e7atm\u0131r, deputatlar\u0131n \u0259ks\u0259riyy\u0259ti kreditd\u0259dir&#8221;"},"content":{"rendered":"<p>&nbsp;<\/p>\n<blockquote><p><strong>\u201cN\u0259 12-c\u00fc, n\u0259 13-c\u00fc \u0259m\u0259khaqq\u0131 var. Ancaq deputat\u0131n ayl\u0131q \u0259m\u0259khaqq\u0131s\u0131d\u0131r. \u0130ld\u0259 3 d\u0259f\u0259 m\u00fckafat al\u0131rd\u0131q, bunlar da l\u0259\u011fv olundu\u201d.<\/strong><\/p><\/blockquote>\n<p><strong><a href=\"https:\/\/infonews.az\/?p=39010\"><span style=\"color: #333399;\">&#8220;\u0130NFONEWS&#8221;<\/span><\/a><\/strong>Adalet.az -a istinad\u0259n x\u0259b\u0259r verir ki, bu fikirl\u0259ri mill\u0259t v\u0259kili Siyavu\u015f Novruzov M\u00fcsavat TV-nin canl\u0131 efirind\u0259 bildirib.<\/p>\n<p>Deputatlar\u0131n \u0259m\u0259khaqlar\u0131ndan dan\u0131\u015fan mill\u0259t v\u0259kili \u0259lav\u0259 edib ki, onlar haz\u0131rda t\u0259xmin\u0259n 5 min manata yax\u0131n maa\u015f al\u0131rlar: \u201cBu maa\u015f da t\u0259k bizim deyil. G\u00fcnd\u0259 n\u0259 q\u0259d\u0259r insan q\u0259bul edirik. Biri d\u0259rman puluna, biri yem\u0259k puluna, biri t\u0259hsil haqq\u0131na g\u0259lir. El\u0259 olur ki, he\u00e7 maa\u015f ay\u0131n ax\u0131r\u0131na \u00e7atm\u0131r. Milli M\u0259clisin deputatlar\u0131ndan ham\u0131s\u0131 biznesmen, i\u015f adam\u0131 deyil ki. El\u0259si var kiray\u0259d\u0259 ya\u015fay\u0131r, kiray\u0259 haqq\u0131n\u0131 \u00e7atd\u0131ra bilmir. Deputatlar\u0131n \u0259ks\u0259riyy\u0259ti kreditd\u0259dir\u201d.<\/p>\n","protected":false},"excerpt":{"rendered":"<p>&nbsp; \u201cN\u0259 12-c\u00fc, n\u0259 13-c\u00fc \u0259m\u0259khaqq\u0131 var. Ancaq deputat\u0131n ayl\u0131q \u0259m\u0259khaqq\u0131s\u0131d\u0131r. \u0130ld\u0259 3 d\u0259f\u0259 m\u00fckafat al\u0131rd\u0131q, bunlar da l\u0259\u011fv olundu\u201d. &#8220;\u0130NFONEWS&#8221;Adalet.az -a istinad\u0259n x\u0259b\u0259r verir ki, bu fikirl\u0259ri mill\u0259t v\u0259kili&hellip; <\/p>\n","protected":false},"author":14,"featured_media":36098,"comment_status":"open","ping_status":"open","sticky":false,"template":"","format":"standard","meta":{"_mi_skip_tracking":false,"_monsterinsights_sitenote_active":false,"_monsterinsights_sitenote_note":"","_monsterinsights_sitenote_category":0,"footnotes":""},"categories":[10170,4499,10363,11],"tags":[15,592],"aioseo_notices":[],"_links":{"self":[{"href":"https:\/\/infonews.az\/index.php?rest_route=\/wp\/v2\/posts\/39010"}],"collection":[{"href":"https:\/\/infonews.az\/index.php?rest_route=\/wp\/v2\/posts"}],"about":[{"href":"https:\/\/infonews.az\/index.php?rest_route=\/wp\/v2\/types\/post"}],"author":[{"embeddable":true,"href":"https:\/\/infonews.az\/index.php?rest_route=\/wp\/v2\/users\/14"}],"replies":[{"embeddable":true,"href":"https:\/\/infonews.az\/index.php?rest_route=%2Fwp%2Fv2%2Fcomments&post=39010"}],"version-history":[{"count":1,"href":"https:\/\/infonews.az\/index.php?rest_route=\/wp\/v2\/posts\/39010\/revisions"}],"predecessor-version":[{"id":39011,"href":"https:\/\/infonews.az\/index.php?rest_route=\/wp\/v2\/posts\/39010\/revisions\/39011"}],"wp:featuredmedia":[{"embeddable":true,"href":"https:\/\/infonews.az\/index.php?rest_route=\/wp\/v2\/media\/36098"}],"wp:attachment":[{"href":"https:\/\/infonews.az\/index.php?rest_route=%2Fwp%2Fv2%2Fmedia&parent=39010"}],"wp:term":[{"taxonomy":"category","embeddable":true,"href":"https:\/\/infonews.az\/index.php?rest_route=%2Fwp%2Fv2%2Fcategories&post=39010"},{"taxonomy":"post_tag","embeddable":true,"href":"https:\/\/infonews.az\/index.php?rest_route=%2Fwp%2Fv2%2Ftags&post=39010"}],"curies":[{"name":"wp","href":"https:\/\/api.w.org\/{rel}","templated":true}]}}