{"id":39063,"date":"2023-12-29T13:13:15","date_gmt":"2023-12-29T09:13:15","guid":{"rendered":"https:\/\/infonews.az\/?p=39063"},"modified":"2023-12-29T13:13:15","modified_gmt":"2023-12-29T09:13:15","slug":"az%c9%99rbaycanin-nato-il%c9%99-%c9%99m%c9%99kdasligi-uzr%c9%99-komissiyanin-t%c9%99rkibin%c9%99-d%c9%99yisiklik-edilib","status":"publish","type":"post","link":"https:\/\/infonews.az\/?p=39063","title":{"rendered":"Az\u0259rbaycan\u0131n NATO il\u0259 \u0259m\u0259kda\u015fl\u0131\u011f\u0131 \u00fczr\u0259 Komissiyan\u0131n t\u0259rkibin\u0259 d\u0259yi\u015fiklik edilib"},"content":{"rendered":"<blockquote><p>Az\u0259rbaycan Respublikas\u0131n\u0131n NATO il\u0259 \u0259m\u0259kda\u015fl\u0131\u011f\u0131 \u00fczr\u0259 Komissiyan\u0131n t\u0259rkibin\u0259 d\u0259yi\u015fiklik edilib.<\/p><\/blockquote>\n<p><a href=\"https:\/\/infonews.az\/\"><strong>&#8220;\u0130NFONEWS&#8221;<\/strong><\/a>-\u00fcn x\u0259b\u0259rin\u0259 g\u00f6r\u0259, Prezident \u0130lham \u018fliyev bununla ba\u011fl\u0131 Az\u0259rbaycan Respublikas\u0131 Prezidentinin \u201cAz\u0259rbaycan Respublikas\u0131 Prezidentinin T\u0259hl\u00fck\u0259sizlik Xidm\u0259ti haqq\u0131nda \u018fsasnam\u0259\u201dnin t\u0259sdiq edilm\u0259si bar\u0259d\u0259\u201d 2021-ci il 19 fevral tarixli 1290 n\u00f6mr\u0259li, \u201cAz\u0259rbaycan Respublikas\u0131n\u0131n X\u00fcsusi Rabit\u0259 v\u0259 \u0130nformasiya T\u0259hl\u00fck\u0259sizliyi D\u00f6vl\u0259t Xidm\u0259ti haqq\u0131nda \u018fsasnam\u0259nin, Xidm\u0259tin strukturunun, h\u0259rbi qulluq\u00e7ular\u0131n\u0131n v\u0259 m\u00fclki i\u015f\u00e7il\u0259rinin say h\u0259ddinin, ali zabit hey\u0259ti v\u0259zif\u0259l\u0259rinin siyah\u0131s\u0131n\u0131n t\u0259sdiq edilm\u0259si bar\u0259d\u0259\u201d 2021-ci il 22 dekabr tarixli 1509 n\u00f6mr\u0259li v\u0259 \u201cAz\u0259rbaycan Respublikas\u0131n\u0131n Strateji Obyektl\u0259rin M\u00fchafiz\u0259si D\u00f6vl\u0259t Agentliyi haqq\u0131nda \u018fsasnam\u0259nin, Agentliyin strukturunun, h\u0259rbi qulluq\u00e7ular\u0131n\u0131n v\u0259 m\u00fclki i\u015f\u00e7il\u0259rinin say h\u0259ddinin, ali zabit hey\u0259ti v\u0259zif\u0259l\u0259rinin siyah\u0131s\u0131n\u0131n t\u0259sdiq edilm\u0259si bar\u0259d\u0259\u201d 2021-ci il 22 dekabr tarixli 1510 n\u00f6mr\u0259li f\u0259rmanlar\u0131n\u0131n icras\u0131 il\u0259 \u0259laq\u0259dar Az\u0259rbaycan Respublikas\u0131 Prezidentinin b\u0259zi f\u0259rmanlar\u0131nda v\u0259 s\u0259r\u0259ncamlar\u0131nda d\u0259yi\u015fiklik edilm\u0259si v\u0259 b\u0259zi f\u0259rmanlar\u0131n\u0131n l\u0259\u011fvi haqq\u0131nda F\u0259rman imzalay\u0131b.<\/p>\n<p>D\u0259yi\u015fiklikl\u0259 Komissiyan\u0131n \u00fczvl\u0259ri siyah\u0131s\u0131na Az\u0259rbaycan Respublikas\u0131 Prezidentinin T\u0259hl\u00fck\u0259sizlik Xidm\u0259tinin r\u0259isi v\u0259 Az\u0259rbaycan Respublikas\u0131 X\u00fcsusi Rabit\u0259 v\u0259 \u0130nformasiya T\u0259hl\u00fck\u0259sizliyi D\u00f6vl\u0259t Xidm\u0259tinin r\u0259isi \u0259lav\u0259 edilib.<\/p>\n","protected":false},"excerpt":{"rendered":"<p>Az\u0259rbaycan Respublikas\u0131n\u0131n NATO il\u0259 \u0259m\u0259kda\u015fl\u0131\u011f\u0131 \u00fczr\u0259 Komissiyan\u0131n t\u0259rkibin\u0259 d\u0259yi\u015fiklik edilib. &#8220;\u0130NFONEWS&#8221;-\u00fcn x\u0259b\u0259rin\u0259 g\u00f6r\u0259, Prezident \u0130lham \u018fliyev bununla ba\u011fl\u0131 Az\u0259rbaycan Respublikas\u0131 Prezidentinin \u201cAz\u0259rbaycan Respublikas\u0131 Prezidentinin T\u0259hl\u00fck\u0259sizlik Xidm\u0259ti haqq\u0131nda \u018fsasnam\u0259\u201dnin t\u0259sdiq edilm\u0259si&hellip; <\/p>\n","protected":false},"author":30,"featured_media":39065,"comment_status":"open","ping_status":"open","sticky":false,"template":"","format":"standard","meta":{"_mi_skip_tracking":false,"_monsterinsights_sitenote_active":false,"_monsterinsights_sitenote_note":"","_monsterinsights_sitenote_category":0,"footnotes":""},"categories":[6,11,10171],"tags":[12397,12398,20,674,139],"aioseo_notices":[],"_links":{"self":[{"href":"https:\/\/infonews.az\/index.php?rest_route=\/wp\/v2\/posts\/39063"}],"collection":[{"href":"https:\/\/infonews.az\/index.php?rest_route=\/wp\/v2\/posts"}],"about":[{"href":"https:\/\/infonews.az\/index.php?rest_route=\/wp\/v2\/types\/post"}],"author":[{"embeddable":true,"href":"https:\/\/infonews.az\/index.php?rest_route=\/wp\/v2\/users\/30"}],"replies":[{"embeddable":true,"href":"https:\/\/infonews.az\/index.php?rest_route=%2Fwp%2Fv2%2Fcomments&post=39063"}],"version-history":[{"count":1,"href":"https:\/\/infonews.az\/index.php?rest_route=\/wp\/v2\/posts\/39063\/revisions"}],"predecessor-version":[{"id":39071,"href":"https:\/\/infonews.az\/index.php?rest_route=\/wp\/v2\/posts\/39063\/revisions\/39071"}],"wp:featuredmedia":[{"embeddable":true,"href":"https:\/\/infonews.az\/index.php?rest_route=\/wp\/v2\/media\/39065"}],"wp:attachment":[{"href":"https:\/\/infonews.az\/index.php?rest_route=%2Fwp%2Fv2%2Fmedia&parent=39063"}],"wp:term":[{"taxonomy":"category","embeddable":true,"href":"https:\/\/infonews.az\/index.php?rest_route=%2Fwp%2Fv2%2Fcategories&post=39063"},{"taxonomy":"post_tag","embeddable":true,"href":"https:\/\/infonews.az\/index.php?rest_route=%2Fwp%2Fv2%2Ftags&post=39063"}],"curies":[{"name":"wp","href":"https:\/\/api.w.org\/{rel}","templated":true}]}}