{"id":39066,"date":"2023-12-29T13:13:02","date_gmt":"2023-12-29T09:13:02","guid":{"rendered":"https:\/\/infonews.az\/?p=39066"},"modified":"2023-12-29T13:13:02","modified_gmt":"2023-12-29T09:13:02","slug":"sabranda-yol-t%c9%99mirin%c9%99-1-milyon-manat-ayrilib","status":"publish","type":"post","link":"https:\/\/infonews.az\/?p=39066","title":{"rendered":"\u015eabranda yol t\u0259mirin\u0259 1 milyon manat ayr\u0131l\u0131b"},"content":{"rendered":"<blockquote><p>\u015eabran rayonunda yol t\u0259mirin\u0259 1 milyon manat ayr\u0131l\u0131b.<\/p><\/blockquote>\n<p><a href=\"https:\/\/infonews.az\/\"><strong>&#8220;\u0130NFONEWS&#8221;<\/strong><\/a>-\u00fcn m\u0259lumat\u0131na g\u00f6r\u0259, Prezident \u0130lham \u018fliyev bununla ba\u011fl\u0131 S\u0259r\u0259ncam imzalay\u0131b.<\/p>\n<p>S\u0259r\u0259ncamla d\u00f6rd min n\u0259f\u0259r \u0259halinin ya\u015fad\u0131\u011f\u0131 3 ya\u015fay\u0131\u015f m\u0259nt\u0259q\u0259sini birl\u0259\u015fdir\u0259n G\u0259ndob-Xa\u00e7maz-Yalama-Rusiya Federasiyas\u0131 il\u0259 d\u00f6vl\u0259t s\u0259rh\u0259di (11 km)-A\u011fal\u0131q-Da\u015fl\u0131yataq-G\u00fcn\u0259\u015fli avtomobil yolunun \u0259sasl\u0131 t\u0259miri m\u0259qs\u0259dil\u0259 Az\u0259rbaycan Respublikas\u0131 Prezidentinin 2023-c\u00fc il 23 yanvar tarixli 3720 n\u00f6mr\u0259li S\u0259r\u0259ncam\u0131 il\u0259 t\u0259sdiq edilmi\u015f \u201cAz\u0259rbaycan Respublikas\u0131n\u0131n 2023-c\u00fc il d\u00f6vl\u0259t b\u00fcdc\u0259sind\u0259 d\u00f6vl\u0259t \u0259sasl\u0131 v\u0259sait qoyulu\u015fu (investisiya x\u0259rcl\u0259ri) \u00fc\u00e7\u00fcn n\u0259z\u0259rd\u0259 tutulan v\u0259saitin b\u00f6lg\u00fcs\u00fc\u201dn\u00fcn 1.31.25-ci yar\u0131mb\u0259ndind\u0259 g\u00f6st\u0259rilmi\u015f m\u0259bl\u0259\u011fin ilkin olaraq 1 milyon manat\u0131 Az\u0259rbaycan Avtomobil Yollar\u0131 D\u00f6vl\u0259t Agentliyin\u0259 ayr\u0131l\u0131b.<\/p>\n","protected":false},"excerpt":{"rendered":"<p>\u015eabran rayonunda yol t\u0259mirin\u0259 1 milyon manat ayr\u0131l\u0131b. &#8220;\u0130NFONEWS&#8221;-\u00fcn m\u0259lumat\u0131na g\u00f6r\u0259, Prezident \u0130lham \u018fliyev bununla ba\u011fl\u0131 S\u0259r\u0259ncam imzalay\u0131b. S\u0259r\u0259ncamla d\u00f6rd min n\u0259f\u0259r \u0259halinin ya\u015fad\u0131\u011f\u0131 3 ya\u015fay\u0131\u015f m\u0259nt\u0259q\u0259sini birl\u0259\u015fdir\u0259n G\u0259ndob-Xa\u00e7maz-Yalama-Rusiya Federasiyas\u0131&hellip; <\/p>\n","protected":false},"author":30,"featured_media":39068,"comment_status":"open","ping_status":"open","sticky":false,"template":"","format":"standard","meta":{"_mi_skip_tracking":false,"_monsterinsights_sitenote_active":false,"_monsterinsights_sitenote_note":"","_monsterinsights_sitenote_category":0,"footnotes":""},"categories":[533,11],"tags":[11555,12395],"aioseo_notices":[],"_links":{"self":[{"href":"https:\/\/infonews.az\/index.php?rest_route=\/wp\/v2\/posts\/39066"}],"collection":[{"href":"https:\/\/infonews.az\/index.php?rest_route=\/wp\/v2\/posts"}],"about":[{"href":"https:\/\/infonews.az\/index.php?rest_route=\/wp\/v2\/types\/post"}],"author":[{"embeddable":true,"href":"https:\/\/infonews.az\/index.php?rest_route=\/wp\/v2\/users\/30"}],"replies":[{"embeddable":true,"href":"https:\/\/infonews.az\/index.php?rest_route=%2Fwp%2Fv2%2Fcomments&post=39066"}],"version-history":[{"count":1,"href":"https:\/\/infonews.az\/index.php?rest_route=\/wp\/v2\/posts\/39066\/revisions"}],"predecessor-version":[{"id":39069,"href":"https:\/\/infonews.az\/index.php?rest_route=\/wp\/v2\/posts\/39066\/revisions\/39069"}],"wp:featuredmedia":[{"embeddable":true,"href":"https:\/\/infonews.az\/index.php?rest_route=\/wp\/v2\/media\/39068"}],"wp:attachment":[{"href":"https:\/\/infonews.az\/index.php?rest_route=%2Fwp%2Fv2%2Fmedia&parent=39066"}],"wp:term":[{"taxonomy":"category","embeddable":true,"href":"https:\/\/infonews.az\/index.php?rest_route=%2Fwp%2Fv2%2Fcategories&post=39066"},{"taxonomy":"post_tag","embeddable":true,"href":"https:\/\/infonews.az\/index.php?rest_route=%2Fwp%2Fv2%2Ftags&post=39066"}],"curies":[{"name":"wp","href":"https:\/\/api.w.org\/{rel}","templated":true}]}}