{"id":39085,"date":"2024-01-07T11:23:32","date_gmt":"2024-01-07T07:23:32","guid":{"rendered":"https:\/\/infonews.az\/?p=39085"},"modified":"2024-01-08T13:28:24","modified_gmt":"2024-01-08T09:28:24","slug":"mehriban-eliyeva-milad-bayrami-munasib%c9%99til%c9%99-paylasim-edib","status":"publish","type":"post","link":"https:\/\/infonews.az\/?p=39085","title":{"rendered":"Mehriban \u018fliyeva Milad bayram\u0131 m\u00fcnasib\u0259til\u0259 payla\u015f\u0131m edib"},"content":{"rendered":"<p class=\"entry-title\"><span style=\"color: #ffffff;\">Mehriban \u018fliyeva Milad bayram\u0131 m\u00fcnasib\u0259til\u0259 payla\u015f\u0131m edib<\/span><\/p>\n<blockquote><p>Az\u0259rbaycan Respublikas\u0131n\u0131n Birinci vitse-prezidenti Mehriban \u018fliyeva Milad bayram\u0131 m\u00fcnasib\u0259til\u0259 \u00f6lk\u0259mizd\u0259ki xristian icmas\u0131n\u0131 t\u0259brik edib.<\/p><\/blockquote>\n<p><a href=\"https:\/\/infonews.az\/?p=39085\"><span style=\"color: #333399;\"><strong>&#8220;\u0130NFONEWS&#8221;<\/strong><\/span><\/a> x\u0259b\u0259r verir ki, Mehriban xan\u0131m \u018fliyevan\u0131n r\u0259smi instaqram s\u0259hif\u0259sind\u0259 etdiyi payla\u015f\u0131mda deyilir: \u201cMilad bayram\u0131 m\u00fcnasib\u0259til\u0259 Az\u0259rbaycan\u0131n xristian icmas\u0131n\u0131 s\u0259mimi-q\u0259lbd\u0259n t\u0259brik edir, b\u00fct\u00fcn h\u0259mv\u0259t\u0259nl\u0259rimiz\u0259 m\u00f6hk\u0259m cansa\u011fl\u0131\u011f\u0131 v\u0259 xo\u015fb\u0259xtlik arzulay\u0131ram!\u201d.<\/p>\n<p><img loading=\"lazy\" decoding=\"async\" class=\"aligncenter size-full wp-image-39086\" src=\"https:\/\/infonews.az\/wp-content\/uploads\/2024\/01\/17046168513299111418_1200x630.jpeg\" alt=\"\" width=\"923\" height=\"630\" srcset=\"https:\/\/infonews.az\/wp-content\/uploads\/2024\/01\/17046168513299111418_1200x630.jpeg 923w, https:\/\/infonews.az\/wp-content\/uploads\/2024\/01\/17046168513299111418_1200x630-300x205.jpeg 300w, https:\/\/infonews.az\/wp-content\/uploads\/2024\/01\/17046168513299111418_1200x630-768x524.jpeg 768w\" sizes=\"(max-width: 923px) 100vw, 923px\" \/><\/p>\n","protected":false},"excerpt":{"rendered":"<p>Mehriban \u018fliyeva Milad bayram\u0131 m\u00fcnasib\u0259til\u0259 payla\u015f\u0131m edib Az\u0259rbaycan Respublikas\u0131n\u0131n Birinci vitse-prezidenti Mehriban \u018fliyeva Milad bayram\u0131 m\u00fcnasib\u0259til\u0259 \u00f6lk\u0259mizd\u0259ki xristian icmas\u0131n\u0131 t\u0259brik edib. &#8220;\u0130NFONEWS&#8221; x\u0259b\u0259r verir ki, Mehriban xan\u0131m \u018fliyevan\u0131n r\u0259smi instaqram&hellip; <\/p>\n","protected":false},"author":14,"featured_media":39086,"comment_status":"open","ping_status":"open","sticky":false,"template":"","format":"standard","meta":{"_mi_skip_tracking":false,"_monsterinsights_sitenote_active":false,"_monsterinsights_sitenote_note":"","_monsterinsights_sitenote_category":0,"footnotes":""},"categories":[5373,4,11,50],"tags":[962,15,5720],"aioseo_notices":[],"_links":{"self":[{"href":"https:\/\/infonews.az\/index.php?rest_route=\/wp\/v2\/posts\/39085"}],"collection":[{"href":"https:\/\/infonews.az\/index.php?rest_route=\/wp\/v2\/posts"}],"about":[{"href":"https:\/\/infonews.az\/index.php?rest_route=\/wp\/v2\/types\/post"}],"author":[{"embeddable":true,"href":"https:\/\/infonews.az\/index.php?rest_route=\/wp\/v2\/users\/14"}],"replies":[{"embeddable":true,"href":"https:\/\/infonews.az\/index.php?rest_route=%2Fwp%2Fv2%2Fcomments&post=39085"}],"version-history":[{"count":1,"href":"https:\/\/infonews.az\/index.php?rest_route=\/wp\/v2\/posts\/39085\/revisions"}],"predecessor-version":[{"id":39087,"href":"https:\/\/infonews.az\/index.php?rest_route=\/wp\/v2\/posts\/39085\/revisions\/39087"}],"wp:featuredmedia":[{"embeddable":true,"href":"https:\/\/infonews.az\/index.php?rest_route=\/wp\/v2\/media\/39086"}],"wp:attachment":[{"href":"https:\/\/infonews.az\/index.php?rest_route=%2Fwp%2Fv2%2Fmedia&parent=39085"}],"wp:term":[{"taxonomy":"category","embeddable":true,"href":"https:\/\/infonews.az\/index.php?rest_route=%2Fwp%2Fv2%2Fcategories&post=39085"},{"taxonomy":"post_tag","embeddable":true,"href":"https:\/\/infonews.az\/index.php?rest_route=%2Fwp%2Fv2%2Ftags&post=39085"}],"curies":[{"name":"wp","href":"https:\/\/api.w.org\/{rel}","templated":true}]}}