{"id":39088,"date":"2024-01-08T11:30:16","date_gmt":"2024-01-08T07:30:16","guid":{"rendered":"https:\/\/infonews.az\/?p=39088"},"modified":"2024-01-08T13:33:22","modified_gmt":"2024-01-08T09:33:22","slug":"mehriban-eliyeva-aygun-b%c9%99yl%c9%99rin-vida-m%c9%99rasimin%c9%99-%c9%99klil-gond%c9%99rdi","status":"publish","type":"post","link":"https:\/\/infonews.az\/?p=39088","title":{"rendered":"Mehriban \u018fliyeva Ayg\u00fcn B\u0259yl\u0259rin vida m\u0259rasimin\u0259 \u0259klil g\u00f6nd\u0259rdi"},"content":{"rendered":"<p><span style=\"color: #ffffff;\">Mehriban \u018fliyeva Ayg\u00fcn B\u0259yl\u0259rin vida m\u0259rasimin\u0259\u00a0\u0259klil g\u00f6nd\u0259rdi<\/span><\/p>\n<blockquote><p><strong>Az\u0259rbaycan\u0131n Birinci vitse-prezident Mehriban \u018fliyeva \u018fm\u0259kdar artist Ayg\u00fcn B\u0259yl\u0259rin vida m\u0259rasimin\u0259 \u0259klil g\u00f6nd\u0259rib.<\/strong><\/p><\/blockquote>\n<p><a href=\"https:\/\/infonews.az\/?p=39088\"><span style=\"color: #333399;\"><strong>&#8220;\u0130NFONEWS&#8221; <\/strong><\/span><\/a>x\u0259b\u0259r verir ki, \u0259klil vida m\u0259rasiminin ke\u00e7irildiyi \u018fmircan q\u0259s\u0259b\u0259sind\u0259 yerl\u0259\u015f\u0259n S\u0259ttar B\u0259hlulzad\u0259 ad\u0131na M\u0259d\u0259niyy\u0259t evin\u0259 g\u0259tirilib.<\/p>\n<p>\u018fklil m\u0259rhumun m\u0259zar\u0131n\u0131n \u00fcz\u0259rin\u0259 qoyulacaq.<\/p>\n<p>Qeyd ed\u0259k ki, A.B\u0259yl\u0259r 1975-ci ild\u0259 Bak\u0131da anadan olub. O, uzun m\u00fcdd\u0259t onkoloji x\u0259st\u0259likd\u0259n m\u00fcalic\u0259 olunurdu.<\/p>\n<p>\u018fm\u0259kdar artist yanvar\u0131n 7-d\u0259 Ankarada m\u00fcalic\u0259 ald\u0131\u011f\u0131 x\u0259st\u0259xanada v\u0259fat edib. Haz\u0131rda m\u0259rhumla vida m\u0259rasimi ke\u00e7irilir.<\/p>\n<p>Ayg\u00fcn B\u0259yl\u0259r Suraxan\u0131 k\u0259nd q\u0259biristanl\u0131\u011f\u0131nda d\u0259fn olunacaq.<\/p>\n","protected":false},"excerpt":{"rendered":"<p>Mehriban \u018fliyeva Ayg\u00fcn B\u0259yl\u0259rin vida m\u0259rasimin\u0259\u00a0\u0259klil g\u00f6nd\u0259rdi Az\u0259rbaycan\u0131n Birinci vitse-prezident Mehriban \u018fliyeva \u018fm\u0259kdar artist Ayg\u00fcn B\u0259yl\u0259rin vida m\u0259rasimin\u0259 \u0259klil g\u00f6nd\u0259rib. &#8220;\u0130NFONEWS&#8221; x\u0259b\u0259r verir ki, \u0259klil vida m\u0259rasiminin ke\u00e7irildiyi \u018fmircan q\u0259s\u0259b\u0259sind\u0259&hellip; <\/p>\n","protected":false},"author":14,"featured_media":39089,"comment_status":"open","ping_status":"open","sticky":false,"template":"","format":"standard","meta":{"_mi_skip_tracking":false,"_monsterinsights_sitenote_active":false,"_monsterinsights_sitenote_note":"","_monsterinsights_sitenote_category":0,"footnotes":""},"categories":[5373,4,11],"tags":[12402,962,15],"aioseo_notices":[],"_links":{"self":[{"href":"https:\/\/infonews.az\/index.php?rest_route=\/wp\/v2\/posts\/39088"}],"collection":[{"href":"https:\/\/infonews.az\/index.php?rest_route=\/wp\/v2\/posts"}],"about":[{"href":"https:\/\/infonews.az\/index.php?rest_route=\/wp\/v2\/types\/post"}],"author":[{"embeddable":true,"href":"https:\/\/infonews.az\/index.php?rest_route=\/wp\/v2\/users\/14"}],"replies":[{"embeddable":true,"href":"https:\/\/infonews.az\/index.php?rest_route=%2Fwp%2Fv2%2Fcomments&post=39088"}],"version-history":[{"count":1,"href":"https:\/\/infonews.az\/index.php?rest_route=\/wp\/v2\/posts\/39088\/revisions"}],"predecessor-version":[{"id":39090,"href":"https:\/\/infonews.az\/index.php?rest_route=\/wp\/v2\/posts\/39088\/revisions\/39090"}],"wp:featuredmedia":[{"embeddable":true,"href":"https:\/\/infonews.az\/index.php?rest_route=\/wp\/v2\/media\/39089"}],"wp:attachment":[{"href":"https:\/\/infonews.az\/index.php?rest_route=%2Fwp%2Fv2%2Fmedia&parent=39088"}],"wp:term":[{"taxonomy":"category","embeddable":true,"href":"https:\/\/infonews.az\/index.php?rest_route=%2Fwp%2Fv2%2Fcategories&post=39088"},{"taxonomy":"post_tag","embeddable":true,"href":"https:\/\/infonews.az\/index.php?rest_route=%2Fwp%2Fv2%2Ftags&post=39088"}],"curies":[{"name":"wp","href":"https:\/\/api.w.org\/{rel}","templated":true}]}}