{"id":3909,"date":"2021-02-05T15:20:30","date_gmt":"2021-02-05T11:20:30","guid":{"rendered":"https:\/\/infonews.az\/?p=3909"},"modified":"2021-02-05T15:20:30","modified_gmt":"2021-02-05T11:20:30","slug":"bu-k%c9%99nd-d%c9%99-az%c9%99rbaycana-qaytarila-bil%c9%99r-aciqlama","status":"publish","type":"post","link":"https:\/\/infonews.az\/?p=3909","title":{"rendered":"Bu k\u0259nd d\u0259 Az\u0259rbaycana qaytar\u0131la bil\u0259r-A\u00c7IQLAMA"},"content":{"rendered":"<p><strong>K\u0259rki k\u0259ndi d\u0259 Az\u0259rbaycana qaytar\u0131la bil\u0259r.<\/strong><\/p>\n<p><strong>\u201c\u0130NFONEWS\u201d<\/strong>\u00a0x\u0259b\u0259r verir ki, bu bar\u0259d\u0259 Erm\u0259nistan\u0131n \u201cJovoxur\u201d n\u0259\u015fri m\u0259lumat yay\u0131b.<\/p>\n<p>Erm\u0259nistan\u0131n Ba\u015f naziri Nikol Pa\u015finyan\u0131n Ararat b\u00f6lg\u0259sin\u0259 g\u00f6zl\u0259nilm\u0259z s\u0259f\u0259rinin t\u0259f\u0259rr\u00fcatlar\u0131 bar\u0259d\u0259 m\u0259lumat ver\u0259n n\u0259\u015fr k\u0259ndin Az\u0259rbaycana qaytar\u0131lmas\u0131 il\u0259 ba\u011fl\u0131 \u015fayi\u0259l\u0259r g\u0259zdiyini bildirib. \u201cX\u00fcsusil\u0259 b\u00f6lg\u0259d\u0259n narahat olan b\u0259zi sakinl\u0259r \u015fayi\u0259l\u0259rin g\u0259zdiyini x\u0259b\u0259r verm\u0259y\u0259 t\u0259l\u0259sdil\u0259r, buna g\u00f6r\u0259 Ba\u015f nazirin b\u00f6lg\u0259 r\u0259hb\u0259rliyi il\u0259 g\u00f6r\u00fc\u015f\u00fcnd\u0259n sonra qubernator Razmik Tevonyan, Pa\u015finyan v\u0259 Ararat b\u00f6lg\u0259si alay\u0131n\u0131n komandiri aras\u0131nda ayr\u0131ca \u00fc\u00e7t\u0259r\u0259fli g\u00f6r\u00fc\u015f ke\u00e7irilib. G\u00f6r\u00fc\u015fd\u0259 K\u0259rki k\u0259ndinin g\u0259l\u0259c\u0259k taleyi m\u00fczakir\u0259 olunub\u201d,- dey\u0259 n\u0259\u015fr qeyd edib. Bildirilib ki, 10 noyabrda imzalanan m\u0259lum \u00fc\u00e7t\u0259r\u0259fli b\u0259yanatdan sonra K\u0259rki (Tiqrana\u015fen) k\u0259ndi d\u0259 daxil olmaqla anklav (Bir d\u00f6vl\u0259tin \u0259razisinin ham\u0131s\u0131n\u0131n ba\u015fqa bir v\u0259 ya bir ne\u00e7\u0259 d\u00f6vl\u0259tin quru \u0259razisi il\u0259 \u0259hat\u0259 olunmas\u0131na anklav deyilir-red.) \u0259razil\u0259rin Az\u0259rbaycana qaytar\u0131laca\u011f\u0131 g\u00f6zl\u0259nilir.<\/p>\n<p>B\u0259zi iddialara g\u00f6r\u0259, Nazirl\u0259r Kabineti yax\u0131n zamanda k\u0259ndin t\u0259hvil verilm\u0259si \u00fc\u00e7\u00fcn g\u00f6st\u0259ri\u015f verib. Bu m\u0259lumatlara ayd\u0131nl\u0131q g\u0259tirm\u0259k \u00fc\u00e7\u00fcn n\u0259\u015fr Ba\u015f Nazirin m\u0259tbuat katibi Mana Qevorqyanla \u0259laq\u0259 saxlay\u0131b.<\/p>\n<p>\u201cOrada m\u00fczakir\u0259 olunan h\u0259r \u015fey bar\u0259d\u0259 m\u0259lumat verdik. \u018flb\u0259tt\u0259 ki, h\u0259r \u015feyi q\u0131saca t\u0259qdim etdik, amma burada \u0259lav\u0259 ed\u0259c\u0259k bir \u015fey yoxdur\u201d,- dey\u0259 Qevorqyan qeyd edib. Bununla bel\u0259 n\u0259\u015fr bu m\u00fczakir\u0259nin h\u0259qiq\u0259t\u0259n gedib-getm\u0259diyini d\u0259qiql\u0259\u015fdir\u0259 bilm\u0259yib.<\/p>\n","protected":false},"excerpt":{"rendered":"<p>K\u0259rki k\u0259ndi d\u0259 Az\u0259rbaycana qaytar\u0131la bil\u0259r. \u201c\u0130NFONEWS\u201d\u00a0x\u0259b\u0259r verir ki, bu bar\u0259d\u0259 Erm\u0259nistan\u0131n \u201cJovoxur\u201d n\u0259\u015fri m\u0259lumat yay\u0131b. Erm\u0259nistan\u0131n Ba\u015f naziri Nikol Pa\u015finyan\u0131n Ararat b\u00f6lg\u0259sin\u0259 g\u00f6zl\u0259nilm\u0259z s\u0259f\u0259rinin t\u0259f\u0259rr\u00fcatlar\u0131 bar\u0259d\u0259 m\u0259lumat ver\u0259n n\u0259\u015fr&hellip; <\/p>\n","protected":false},"author":3,"featured_media":3910,"comment_status":"open","ping_status":"open","sticky":false,"template":"","format":"standard","meta":{"_mi_skip_tracking":false,"_monsterinsights_sitenote_active":false,"_monsterinsights_sitenote_note":"","_monsterinsights_sitenote_category":0,"footnotes":""},"categories":[6,11],"tags":[15,21],"aioseo_notices":[],"_links":{"self":[{"href":"https:\/\/infonews.az\/index.php?rest_route=\/wp\/v2\/posts\/3909"}],"collection":[{"href":"https:\/\/infonews.az\/index.php?rest_route=\/wp\/v2\/posts"}],"about":[{"href":"https:\/\/infonews.az\/index.php?rest_route=\/wp\/v2\/types\/post"}],"author":[{"embeddable":true,"href":"https:\/\/infonews.az\/index.php?rest_route=\/wp\/v2\/users\/3"}],"replies":[{"embeddable":true,"href":"https:\/\/infonews.az\/index.php?rest_route=%2Fwp%2Fv2%2Fcomments&post=3909"}],"version-history":[{"count":1,"href":"https:\/\/infonews.az\/index.php?rest_route=\/wp\/v2\/posts\/3909\/revisions"}],"predecessor-version":[{"id":3911,"href":"https:\/\/infonews.az\/index.php?rest_route=\/wp\/v2\/posts\/3909\/revisions\/3911"}],"wp:featuredmedia":[{"embeddable":true,"href":"https:\/\/infonews.az\/index.php?rest_route=\/wp\/v2\/media\/3910"}],"wp:attachment":[{"href":"https:\/\/infonews.az\/index.php?rest_route=%2Fwp%2Fv2%2Fmedia&parent=3909"}],"wp:term":[{"taxonomy":"category","embeddable":true,"href":"https:\/\/infonews.az\/index.php?rest_route=%2Fwp%2Fv2%2Fcategories&post=3909"},{"taxonomy":"post_tag","embeddable":true,"href":"https:\/\/infonews.az\/index.php?rest_route=%2Fwp%2Fv2%2Ftags&post=3909"}],"curies":[{"name":"wp","href":"https:\/\/api.w.org\/{rel}","templated":true}]}}