{"id":39110,"date":"2024-01-09T12:52:03","date_gmt":"2024-01-09T08:52:03","guid":{"rendered":"https:\/\/infonews.az\/?p=39110"},"modified":"2024-01-09T12:52:03","modified_gmt":"2024-01-09T08:52:03","slug":"cop29-un-az%c9%99rbaycanda-kecirilm%c9%99si-v%c9%99-yasil-dunya-namin%c9%99-h%c9%99mr%c9%99ylik-ilinin-elan-edilm%c9%99si","status":"publish","type":"post","link":"https:\/\/infonews.az\/?p=39110","title":{"rendered":"&#8220;COP29-un Az\u0259rbaycanda ke\u00e7irilm\u0259si v\u0259 \u201cYa\u015f\u0131l d\u00fcnya namin\u0259 h\u0259mr\u0259ylik ili\u201dnin elan edilm\u0259si&#8230;&#8221;"},"content":{"rendered":"<p><span style=\"color: #ffffff;\">&#8220;COP29-un Az\u0259rbaycanda ke\u00e7irilm\u0259si v\u0259 \u201cYa\u015f\u0131l d\u00fcnya namin\u0259 h\u0259mr\u0259ylik ili\u201dnin elan edilm\u0259si&#8230;&#8221;<\/span><\/p>\n<blockquote><p>Bu il COP29-un Az\u0259rbaycanda ke\u00e7irilm\u0259si v\u0259 2024-c\u00fc ilin \u201cYa\u015f\u0131l d\u00fcnya namin\u0259 h\u0259mr\u0259ylik ili\u201d elan edilm\u0259si \u00f6lk\u0259miz \u00fc\u00e7\u00fcn \u00e7ox \u0259h\u0259miyy\u0259tli bir il olaca\u011f\u0131n\u0131 g\u00f6st\u0259rir.<\/p><\/blockquote>\n<p><a href=\"https:\/\/infonews.az\/?p=39110\"><span style=\"color: #333399;\"><strong>&#8220;\u0130NFONEWS&#8221;<\/strong><\/span> <\/a>x\u0259b\u0259r verir ki, bunu Ekologiya v\u0259 T\u0259bii S\u0259rv\u0259tl\u0259r Nazirliyi yan\u0131nda \u0130ctimai \u015euran\u0131n \u00fczv\u00fc, \u201cG\u0259ncl\u0259rin T\u00f6hf\u0259si\u201d \u0130ctimai Birliyinin icra\u00e7\u0131 direktoru M\u0259hs\u0259ti H\u00fcseynova AZ\u018fRTAC -a m\u00fcsahib\u0259sind\u0259 bildirib.<\/p>\n<p>O qeyd edib ki, dekabr\u0131n 15-d\u0259 BMT-nin \u0130qlim D\u0259yi\u015fikliyi \u00fczr\u0259 \u00c7\u0259r\u00e7iv\u0259 Konvensiyas\u0131n\u0131n T\u0259r\u0259fl\u0259r Konfrans\u0131n\u0131n 29-cu sessiyas\u0131n\u0131n &#8211; COP29-a bu il \u00f6lk\u0259mizin ev sahibliyi etm\u0259si il\u0259 \u0259laq\u0259dar Prezident \u0130lham \u018fliyevin s\u0259drliyi il\u0259 ke\u00e7irilmi\u015f m\u00fc\u015favir\u0259d\u0259 \u00e7\u0131x\u0131\u015f\u0131nda vur\u011fulad\u0131\u011f\u0131 m\u0259qamlarda beyn\u0259lxalq konfrans\u0131n Az\u0259rbaycan\u0131n paytaxt\u0131 Bak\u0131da t\u0259\u015fkili v\u0259 bu q\u0259rar\u0131n b\u00fct\u00fcn \u00f6lk\u0259l\u0259r t\u0259r\u0259find\u0259n d\u0259st\u0259kl\u0259nm\u0259si bar\u0259d\u0259 s\u00f6yl\u0259dikl\u0259ri d\u00fcnya \u00fc\u00e7\u00fcn b\u00f6y\u00fck mesajd\u0131r.<\/p>\n<p>Az\u0259rbaycan \u0259razil\u0259rinin 30 illik i\u015f\u011fal d\u00f6vr\u00fcnd\u0259 h\u0259min torpaqlar\u0131m\u0131zda ekologiyam\u0131z, biom\u00fcxt\u0259liflik, ya\u015f\u0131ll\u0131qlar v\u0259h\u015fic\u0259sin\u0259 m\u0259hv edilib, yand\u0131r\u0131l\u0131b, t\u0259bii s\u0259rv\u0259tl\u0259rimiz talan\u0131b. Az\u0259rbaycan \u0259razil\u0259rind\u0259 t\u00f6r\u0259dil\u0259n ekoloji terror, \u0259halinin sudan m\u0259hrum edilm\u0259si, transs\u0259rh\u0259d \u00e7aylar\u0131n qaba\u011f\u0131n\u0131n al\u0131nmas\u0131 v\u0259 \u00e7irkl\u0259ndirilm\u0259si, su anbarlar\u0131n\u0131n bax\u0131ms\u0131zl\u0131qdan q\u0259za v\u0259ziyy\u0259tin\u0259 d\u00fc\u015fm\u0259si il\u0259 \u0259trafdak\u0131 ya\u015fay\u0131\u015f m\u0259nt\u0259q\u0259l\u0259ri v\u0259 y\u00fcz minl\u0259rl\u0259 \u0259halinin t\u0259hl\u00fck\u0259 alt\u0131nda qalmas\u0131 Erm\u0259nistan\u0131n \u00f6lk\u0259miz\u0259 qar\u015f\u0131 t\u00f6r\u0259tdiyi t\u0259cav\u00fczd\u00fcr.<\/p>\n<p>Otuz il sonra Az\u0259rbaycan \u0259razil\u0259rinin erm\u0259ni i\u015f\u011fal\u0131na son qoymaqla h\u0259m d\u0259 davam ed\u0259n b\u00f6y\u00fck ekoloji terrorun qar\u015f\u0131s\u0131n\u0131 ald\u0131. Bu inkaredilm\u0259z m\u0259s\u0259l\u0259l\u0259r qar\u015f\u0131s\u0131nda, h\u0259tta Az\u0259rbaycanla dost m\u00fcnasib\u0259td\u0259 olmayan \u00f6lk\u0259l\u0259r bel\u0259 BMT-nin \u0130qlim D\u0259yi\u015fm\u0259l\u0259ri \u00fczr\u0259 \u00c7\u0259r\u00e7iv\u0259 Konvensiyas\u0131n\u0131n T\u0259r\u0259fl\u0259r Konfrans\u0131n\u0131n 29-cu sessiyas\u0131 kimi m\u00f6t\u0259b\u0259r t\u0259dbirin \u00f6lk\u0259mizd\u0259 ke\u00e7irilm\u0259si il\u0259 \u0259laq\u0259dar yekdil q\u0259rar q\u0259bul etdi.<\/p>\n<p><img decoding=\"async\" class=\"aligncenter\" src=\"https:\/\/azertag.az\/store\/files_new\/2024\/01_YANVAR\/09\/MEHSET%C4%B0%20HUSEYNOVA\/shekil%202.jpg\" alt=\"\" width=\"600\" \/><\/p>\n<p>\u201cD\u00f6vl\u0259timizin ba\u015f\u00e7\u0131s\u0131 \u0130lham \u018fliyev m\u00fc\u015favir\u0259d\u0259 \u00e7\u0131x\u0131\u015f\u0131nda bu bar\u0259d\u0259 dan\u0131\u015faraq qeyd etdi ki, veril\u0259n q\u0259rar beyn\u0259lxalq ictimaiyy\u0259tin Az\u0259rbaycana b\u00f6y\u00fck h\u00f6rm\u0259t v\u0259 etimad\u0131n\u0131n, el\u0259c\u0259 d\u0259 \u00f6lk\u0259mizin milli, regional v\u0259 qlobal s\u0259viyy\u0259d\u0259 \u0259traf m\u00fchitin qorunmas\u0131, iqlim d\u0259yi\u015fm\u0259l\u0259rinin qar\u015f\u0131s\u0131n\u0131n al\u0131nmas\u0131 i\u015fin\u0259 t\u00f6hf\u0259sinin t\u0259qdir olunmas\u0131n\u0131n bariz n\u00fcmun\u0259sidir.<\/p>\n<p>N\u0259z\u0259r\u0259 alsaq ki, beyn\u0259lxalq birlik d\u00fcnyan\u0131n b\u00fct\u00fcn \u00f6lk\u0259l\u0259ridir v\u0259 onlar\u0131n yekdillikl\u0259 Az\u0259rbaycana b\u00f6y\u00fck d\u0259st\u0259k g\u00f6st\u0259rm\u0259si d\u00f6vl\u0259timizin d\u00fcnyada etimad v\u0259 n\u00fcfuzuna i\u015far\u0259dir. El\u0259c\u0259 d\u0259, bu maraq, h\u00f6rm\u0259t, etimad 2023-c\u00fc ilin dekabr\u0131nda Birl\u0259\u015fmi\u015f \u018fr\u0259b \u018fmirlikl\u0259rinin Dubay \u015f\u0259h\u0259rind\u0259 ke\u00e7iril\u0259n BMT-nin \u0130qlim D\u0259yi\u015fm\u0259l\u0259ri \u00fczr\u0259 \u00c7\u0259r\u00e7iv\u0259 Konvensiyas\u0131n\u0131n 28-ci sessiyas\u0131 \u00e7\u0259r\u00e7iv\u0259sind\u0259 ilk d\u0259f\u0259 \u00f6z pavilyonu il\u0259 \u00e7\u0131x\u0131\u015f ed\u0259n Az\u0259rbaycana g\u00f6st\u0259ril\u0259n diqq\u0259tl\u0259 d\u0259 \u00f6z\u00fcn\u00fc b\u00fcruz\u0259 verdi\u201d, &#8211; dey\u0259 M.H\u00fcseynova \u0259lav\u0259 edib.<\/p>\n<p style=\"text-align: center;\"><strong>Dubayda Az\u0259rbaycan pavilyonunun b\u00f6y\u00fck mara\u011fa s\u0259b\u0259b oldu\u011funu g\u00f6rd\u00fcm<\/strong><\/p>\n<p><img decoding=\"async\" class=\"aligncenter\" src=\"https:\/\/azertag.az\/store\/files_new\/2024\/01_YANVAR\/09\/MEHSET%C4%B0%20HUSEYNOVA\/shekil%203.jpg\" alt=\"\" width=\"600\" \/><\/p>\n<p>Dubayda 28-ci sessiyas\u0131 \u00e7\u0259r\u00e7iv\u0259sind\u0259 Az\u0259rbaycan pavilyonuna b\u00f6y\u00fck mara\u011f\u0131n \u015fahidi oldu\u011funu bildir\u0259n \u0130ctimai \u015euran\u0131n \u00fczv\u00fc vur\u011fulay\u0131b ki, h\u0259min pavilyonun konsepsiyas\u0131 \u00f6lk\u0259mizi z\u0259ngin flora v\u0259 faunas\u0131 \u00fcz\u0259rind\u0259 qurulmu\u015fdu. \u0130nteraktiv formatdak\u0131 pavilyonda Az\u0259rbaycan\u0131n iqlim d\u0259yi\u015fikliyi sah\u0259sind\u0259 siyas\u0259ti, atmosfer\u0259 at\u0131lan istixana qazlar\u0131n\u0131n azald\u0131lmas\u0131 istiqam\u0259tind\u0259 Az\u0259rbaycan h\u00f6kum\u0259tinin t\u0259dbirl\u0259ri v\u0259 dig\u0259r layih\u0259l\u0259r bar\u0259d\u0259 m\u0259lumat verilirdi. Pavilyonda \u00f6lk\u0259mizin 2030-cu il\u0259d\u0259k istilik effekti yaradan qazlar\u0131n emissiyas\u0131n\u0131n 35 faiz azald\u0131lmas\u0131, 2050-ci ild\u0259 is\u0259 bu h\u0259d\u0259fin 40 faiz\u0259 \u00e7atd\u0131r\u0131laca\u011f\u0131na dair \u00f6hd\u0259liyi t\u0259sdiql\u0259m\u0259si v\u0259 bu istiqam\u0259td\u0259 aktiv f\u0259aliyy\u0259t g\u00f6st\u0259rm\u0259yin Az\u0259rbaycan h\u00f6kum\u0259ti \u00fc\u00e7\u00fcn prioritet m\u0259s\u0259l\u0259 olmas\u0131 haqq\u0131nda m\u0259lumatlar yer alm\u0131\u015fd\u0131.<\/p>\n<p>Pavilyonda \u201cEnerji ke\u00e7idi\u201d, \u201c\u018ftraf m\u00fchit x\u0259rit\u0259si\u201d, \u201cB\u0259rpa olunan enerji\u201d, \u201cA\u011f\u0131ll\u0131 k\u0259nd\u201d v\u0259 dig\u0259r b\u00f6lm\u0259l\u0259r f\u0259aliyy\u0259t g\u00f6st\u0259rirdi. \u0130nteraktiv formatda is\u0259 \u201cAz\u0259rbaycan\u0131n \u0259traf m\u00fchit x\u0259rit\u0259si\u201d Milli parklar, \u0130qlim n\u00f6vl\u0259ri, b\u0259rpa olunan enerji, su ehtiyatlar\u0131 v\u0259 ya\u015f\u0131l konsepsiya \u0259ks olunurdu. H\u0259r m\u00f6vzuda m\u00f6vcud infrastruktur v\u0259 g\u0259l\u0259c\u0259k layih\u0259l\u0259r haqq\u0131nda \u0259trafl\u0131 m\u0259lumatlarla Az\u0259rbaycan\u0131n x\u0259rit\u0259si t\u0259qdim edilirdi. Pavilyondak\u0131 instalyasiyada Az\u0259rbaycan Respublikas\u0131n\u0131n \u201cQ\u0131rm\u0131z\u0131 kitab\u201d\u0131, iqlim t\u0259\u015f\u0259bb\u00fcsl\u0259ri v\u0259 minalarla m\u00fcbariz\u0259 m\u00f6vzusu da \u0259hat\u0259 olunurdu. Burada \u201cQ\u0131rm\u0131z\u0131 kitab\u201da sal\u0131nm\u0131\u015f v\u0259 Az\u0259rbaycanda n\u0259sli k\u0259silm\u0259kd\u0259 olan heyvan v\u0259 bitkil\u0259r bar\u0259d\u0259 informasiyalar yer al\u0131rd\u0131. QHT v\u0259 d\u00f6vl\u0259t qurumlar\u0131n\u0131n h\u0259yata ke\u00e7irdiyi ekoloji layih\u0259l\u0259r, \u00f6lk\u0259mizd\u0259ki mina problemi v\u0259 ekoloji n\u0259tic\u0259l\u0259rin\u0259 dair bilgil\u0259r verilirdi.<\/p>\n<p>M\u0259hs\u0259ti H\u00fcseynova deyib ki, pavilyondak\u0131 \u201cA\u011fac \u0259k\u201d b\u00f6lm\u0259sind\u0259 is\u0259 Erm\u0259nistan\u0131n i\u015f\u011fal\u0131 zaman\u0131 da\u011f\u0131lm\u0131\u015f ekoloji tarazl\u0131\u011f\u0131 b\u0259rpa etm\u0259k \u00fc\u00e7\u00fcn Az\u0259rbaycanda, x\u00fcsusil\u0259 d\u0259 Qaraba\u011fda h\u0259yata ke\u00e7iril\u0259n a\u011fac\u0259km\u0259 t\u0259\u015f\u0259bb\u00fcsl\u0259ri t\u0259qdim olunurdu. Pavilyonun h\u0259r bir ziyar\u0259t\u00e7isi d\u0259 plan\u015fet vasit\u0259sil\u0259 r\u0259q\u0259msal olaraq \u0259riz\u0259 t\u0259qdim ed\u0259r\u0259k a\u011fac\u0259km\u0259 (\u015fam v\u0259 ya zeytun a\u011fac\u0131) t\u0259\u015f\u0259bb\u00fcs\u00fcn\u0259 qo\u015fulur v\u0259 bununla Qaraba\u011f\u0131n ekoloji balans\u0131n\u0131n b\u0259rpas\u0131na d\u0259st\u0259k ola bilirdi. Bu a\u011faclar Qaraba\u011f b\u00f6lg\u0259sind\u0259 &#8211; F\u00fczuli \u015f\u0259h\u0259rind\u0259 \u0259kil\u0259c\u0259k.<\/p>\n<p style=\"text-align: center;\"><strong>Az\u0259rbaycan COP29 beyn\u0259lxalq konfrans\u0131na y\u00fcks\u0259k s\u0259viyy\u0259d\u0259 ev sahibliyi etm\u0259y\u0259 nail olacaq<\/strong><\/p>\n<p><img decoding=\"async\" class=\"aligncenter\" src=\"https:\/\/azertag.az\/store\/files_new\/2024\/01_YANVAR\/09\/MEHSET%C4%B0%20HUSEYNOVA\/shekil%204.jpg\" alt=\"\" width=\"600\" \/><\/p>\n<p>X\u00fcsusil\u0259, X\u0259z\u0259r d\u0259nizi regionunda iqlim d\u0259yi\u015fm\u0259l\u0259rinin t\u0259sirl\u0259rin\u0259 uy\u011funla\u015fma m\u00f6vzusunda Az\u0259rbaycan\u0131n Ekologiya v\u0259 T\u0259bii S\u0259rv\u0259tl\u0259r Nazirliyi (ETSN) il\u0259 \u201cX\u0259z\u0259r d\u0259nizinin d\u0259niz \u0259traf m\u00fchitinin m\u00fchafiz\u0259si haqq\u0131nda\u201d \u00c7\u0259r\u00e7iv\u0259 Konvensiyas\u0131\u201d Katibliyinin birg\u0259 t\u0259\u015fkilat\u00e7\u0131l\u0131\u011f\u0131 il\u0259 ke\u00e7iril\u0259n t\u0259dbird\u0259 X\u0259z\u0259ryan\u0131 \u00f6lk\u0259l\u0259rin, BMT-nin \u018ftraf M\u00fchit v\u0259 M\u0259skunla\u015fma proqramlar\u0131n\u0131n y\u00fcks\u0259k s\u0259viyy\u0259li r\u0259smil\u0259ri i\u015ftirak etdi.<\/p>\n<p>Ekologiya v\u0259 t\u0259bii s\u0259rv\u0259tl\u0259r naziri Muxtar Babayev \u00e7\u0131x\u0131\u015f\u0131nda iqlim d\u0259yi\u015fiklikl\u0259ri n\u0259tic\u0259sind\u0259 son ill\u0259r X\u0259z\u0259r d\u0259nizinin s\u0259viyy\u0259sind\u0259 ba\u015f ver\u0259n d\u0259yi\u015fikliy\u0259 diqq\u0259t \u00e7\u0259k\u0259r\u0259k, bu nadir ekosistemin qorunmas\u0131 il\u0259 ba\u011fl\u0131 regional \u0259m\u0259kda\u015fl\u0131\u011f\u0131n vacibliyini v\u0259 problemin h\u0259rt\u0259r\u0259fli \u00f6yr\u0259nilm\u0259si, habel\u0259 s\u0259viyy\u0259 ssenaril\u0259ri v\u0259 m\u00fcvafiq uy\u011funla\u015fma t\u0259dbirl\u0259rinin haz\u0131rlanmas\u0131 \u00fc\u00e7\u00fcn X\u0259z\u0259ryan\u0131 \u00f6lk\u0259l\u0259rin ekspertl\u0259rinin birg\u0259 f\u0259aliyy\u0259tinin \u0259h\u0259miyy\u0259tini qeyd etdi.<\/p>\n<p>\u201cB\u00fct\u00fcn bunlar g\u00f6st\u0259rir ki, Az\u0259rbaycan COP29 beyn\u0259lxalq konfrans\u0131na y\u00fcks\u0259k s\u0259viyy\u0259d\u0259 ev sahibliyi etm\u0259y\u0259 nail olacaq. Bununla da \u00f6lk\u0259miz, xalq\u0131m\u0131z n\u00f6vb\u0259ti b\u00f6y\u00fck u\u011fur qazanacaq. Az\u0259rbaycan\u0131n neft-qaz \u00f6lk\u0259si kimi bu sah\u0259d\u0259 inki\u015faf\u0131, ya\u015f\u0131l enerji il\u0259 ba\u011fl\u0131 layih\u0259l\u0259rin h\u0259yata ke\u00e7irilm\u0259si, ya\u015f\u0131l enerji n\u00f6vl\u0259rinin yarad\u0131lmas\u0131 v\u0259 onun d\u00fcnya bazarlar\u0131na n\u0259qli haz\u0131rda \u00f6lk\u0259mizin enerji siyas\u0259tinin prioritet istiqam\u0259t oldu\u011funu d\u00fcnyaya g\u00f6st\u0259r\u0259c\u0259k. COP29-la ba\u011fl\u0131 10 minl\u0259rl\u0259 xarici n\u00fcmay\u0259nd\u0259 \u00f6lk\u0259miz\u0259 g\u0259l\u0259c\u0259k, iki h\u0259ft\u0259 \u0259rzind\u0259 Bak\u0131 d\u00fcnyan\u0131n m\u0259rk\u0259zin\u0259 \u00e7evril\u0259c\u0259k.<\/p>\n<p>2024-c\u00fc ilin &#8220;Ya\u015f\u0131l d\u00fcnya namin\u0259 h\u0259mr\u0259ylik ili&#8221; elan edilm\u0259si is\u0259 \u00f6z n\u00f6vb\u0259sind\u0259 d\u00fcnyada bir ilkdir. M\u0259hz bu il bel\u0259 m\u00f6t\u0259b\u0259r t\u0259dbirl\u0259 Az\u0259rbaycan d\u00fcnyaya \u00f6z q\u00fcdr\u0259tini g\u00f6st\u0259rm\u0259y\u0259 \u00e7al\u0131\u015facaq\u201d, &#8211; dey\u0259 ETSN yan\u0131nda \u0130ctimai \u015euran\u0131n \u00fczv\u00fc fikrini yekunla\u015fd\u0131r\u0131b.<\/p>\n","protected":false},"excerpt":{"rendered":"<p>&#8220;COP29-un Az\u0259rbaycanda ke\u00e7irilm\u0259si v\u0259 \u201cYa\u015f\u0131l d\u00fcnya namin\u0259 h\u0259mr\u0259ylik ili\u201dnin elan edilm\u0259si&#8230;&#8221; Bu il COP29-un Az\u0259rbaycanda ke\u00e7irilm\u0259si v\u0259 2024-c\u00fc ilin \u201cYa\u015f\u0131l d\u00fcnya namin\u0259 h\u0259mr\u0259ylik ili\u201d elan edilm\u0259si \u00f6lk\u0259miz \u00fc\u00e7\u00fcn \u00e7ox \u0259h\u0259miyy\u0259tli&hellip; <\/p>\n","protected":false},"author":14,"featured_media":39111,"comment_status":"open","ping_status":"open","sticky":false,"template":"","format":"standard","meta":{"_mi_skip_tracking":false,"_monsterinsights_sitenote_active":false,"_monsterinsights_sitenote_note":"","_monsterinsights_sitenote_category":0,"footnotes":""},"categories":[5373,11],"tags":[12408,15,12407],"aioseo_notices":[],"_links":{"self":[{"href":"https:\/\/infonews.az\/index.php?rest_route=\/wp\/v2\/posts\/39110"}],"collection":[{"href":"https:\/\/infonews.az\/index.php?rest_route=\/wp\/v2\/posts"}],"about":[{"href":"https:\/\/infonews.az\/index.php?rest_route=\/wp\/v2\/types\/post"}],"author":[{"embeddable":true,"href":"https:\/\/infonews.az\/index.php?rest_route=\/wp\/v2\/users\/14"}],"replies":[{"embeddable":true,"href":"https:\/\/infonews.az\/index.php?rest_route=%2Fwp%2Fv2%2Fcomments&post=39110"}],"version-history":[{"count":1,"href":"https:\/\/infonews.az\/index.php?rest_route=\/wp\/v2\/posts\/39110\/revisions"}],"predecessor-version":[{"id":39112,"href":"https:\/\/infonews.az\/index.php?rest_route=\/wp\/v2\/posts\/39110\/revisions\/39112"}],"wp:featuredmedia":[{"embeddable":true,"href":"https:\/\/infonews.az\/index.php?rest_route=\/wp\/v2\/media\/39111"}],"wp:attachment":[{"href":"https:\/\/infonews.az\/index.php?rest_route=%2Fwp%2Fv2%2Fmedia&parent=39110"}],"wp:term":[{"taxonomy":"category","embeddable":true,"href":"https:\/\/infonews.az\/index.php?rest_route=%2Fwp%2Fv2%2Fcategories&post=39110"},{"taxonomy":"post_tag","embeddable":true,"href":"https:\/\/infonews.az\/index.php?rest_route=%2Fwp%2Fv2%2Ftags&post=39110"}],"curies":[{"name":"wp","href":"https:\/\/api.w.org\/{rel}","templated":true}]}}