{"id":39118,"date":"2024-01-09T13:25:54","date_gmt":"2024-01-09T09:25:54","guid":{"rendered":"https:\/\/infonews.az\/?p=39118"},"modified":"2024-01-09T13:25:54","modified_gmt":"2024-01-09T09:25:54","slug":"kukla-teatri-usaqlari-qirmizi-papaq-tamasasina-d%c9%99v%c9%99t-edir","status":"publish","type":"post","link":"https:\/\/infonews.az\/?p=39118","title":{"rendered":"Kukla Teatr\u0131 u\u015faqlar\u0131 \u201cQ\u0131rm\u0131z\u0131 papaq\u201d tama\u015fas\u0131na d\u0259v\u0259t edir"},"content":{"rendered":"<p><span style=\"color: #ffffff;\">Kukla Teatr\u0131 u\u015faqlar\u0131 \u201cQ\u0131rm\u0131z\u0131 papaq\u201d tama\u015fas\u0131na d\u0259v\u0259t edir<\/span><\/p>\n<blockquote><p>Yanvar\u0131n 13-d\u0259 Az\u0259rbaycan D\u00f6vl\u0259t Kukla Teatr\u0131n\u0131n s\u0259hn\u0259sind\u0259 balacalar \u00fc\u00e7\u00fcn \u201cQ\u0131rm\u0131z\u0131 papaq\u201d tama\u015fas\u0131 n\u00fcmayi\u015f olunacaq.<\/p><\/blockquote>\n<p><a href=\"https:\/\/infonews.az\/?p=39118\"><span style=\"color: #333399;\"><strong>&#8220;\u0130NFONEWS&#8221;<\/strong><\/span><\/a> x\u0259b\u0259r verir ki, \u015earl Perronun na\u011f\u0131l\u0131n\u0131n motivl\u0259ri \u0259sas\u0131nda haz\u0131rlanan \u0259s\u0259r\u0259 rejissor Qurban M\u0259simov qurulu\u015f verib. Tama\u015fan\u0131n qurulu\u015f\u00e7u r\u0259ssam\u0131 R\u0259van\u0259 Yaqubova, b\u0259st\u0259kar\u0131 V\u00fcqar Camalzad\u0259dir.<\/p>\n<p>Rejissor \u0259s\u0259r\u0259 tam f\u0259rqli prizmadan baxma\u011fa \u00e7al\u0131\u015f\u0131b. Bir saatl\u0131q kukla tama\u015fas\u0131 \u00f6z\u00fcn\u00fcn milli \u00fcslubda t\u0259rtibat\u0131 v\u0259 mahn\u0131lar\u0131n\u0131n r\u0259ngar\u0259ngliyi il\u0259 d\u0259 se\u00e7ilir. Bel\u0259 ki, tama\u015fada mahn\u0131lar\u0131 Xalq artistl\u0259ri Flora K\u0259rimova, G\u00fclyaz M\u0259mm\u0259dova, T\u00fcnzal\u0259 A\u011fayeva, \u018fm\u0259kdar artistl\u0259r Anar \u015eu\u015fal\u0131, Lal\u0259 M\u0259mm\u0259dova, m\u00fc\u011f\u0259nnil\u0259r Samir\u0259 \u018ff\u0259ndiyeva, Ceyhun Zeynalov, \u0130lham N\u0259z\u0259rov ifa edirl\u0259r.<\/p>\n","protected":false},"excerpt":{"rendered":"<p>Kukla Teatr\u0131 u\u015faqlar\u0131 \u201cQ\u0131rm\u0131z\u0131 papaq\u201d tama\u015fas\u0131na d\u0259v\u0259t edir Yanvar\u0131n 13-d\u0259 Az\u0259rbaycan D\u00f6vl\u0259t Kukla Teatr\u0131n\u0131n s\u0259hn\u0259sind\u0259 balacalar \u00fc\u00e7\u00fcn \u201cQ\u0131rm\u0131z\u0131 papaq\u201d tama\u015fas\u0131 n\u00fcmayi\u015f olunacaq. &#8220;\u0130NFONEWS&#8221; x\u0259b\u0259r verir ki, \u015earl Perronun na\u011f\u0131l\u0131n\u0131n motivl\u0259ri&hellip; <\/p>\n","protected":false},"author":14,"featured_media":39119,"comment_status":"open","ping_status":"open","sticky":false,"template":"","format":"standard","meta":{"_mi_skip_tracking":false,"_monsterinsights_sitenote_active":false,"_monsterinsights_sitenote_note":"","_monsterinsights_sitenote_category":0,"footnotes":""},"categories":[4,10,11],"tags":[1575,15],"aioseo_notices":[],"_links":{"self":[{"href":"https:\/\/infonews.az\/index.php?rest_route=\/wp\/v2\/posts\/39118"}],"collection":[{"href":"https:\/\/infonews.az\/index.php?rest_route=\/wp\/v2\/posts"}],"about":[{"href":"https:\/\/infonews.az\/index.php?rest_route=\/wp\/v2\/types\/post"}],"author":[{"embeddable":true,"href":"https:\/\/infonews.az\/index.php?rest_route=\/wp\/v2\/users\/14"}],"replies":[{"embeddable":true,"href":"https:\/\/infonews.az\/index.php?rest_route=%2Fwp%2Fv2%2Fcomments&post=39118"}],"version-history":[{"count":1,"href":"https:\/\/infonews.az\/index.php?rest_route=\/wp\/v2\/posts\/39118\/revisions"}],"predecessor-version":[{"id":39120,"href":"https:\/\/infonews.az\/index.php?rest_route=\/wp\/v2\/posts\/39118\/revisions\/39120"}],"wp:featuredmedia":[{"embeddable":true,"href":"https:\/\/infonews.az\/index.php?rest_route=\/wp\/v2\/media\/39119"}],"wp:attachment":[{"href":"https:\/\/infonews.az\/index.php?rest_route=%2Fwp%2Fv2%2Fmedia&parent=39118"}],"wp:term":[{"taxonomy":"category","embeddable":true,"href":"https:\/\/infonews.az\/index.php?rest_route=%2Fwp%2Fv2%2Fcategories&post=39118"},{"taxonomy":"post_tag","embeddable":true,"href":"https:\/\/infonews.az\/index.php?rest_route=%2Fwp%2Fv2%2Ftags&post=39118"}],"curies":[{"name":"wp","href":"https:\/\/api.w.org\/{rel}","templated":true}]}}