{"id":39148,"date":"2024-01-12T09:49:51","date_gmt":"2024-01-12T05:49:51","guid":{"rendered":"https:\/\/infonews.az\/?p=39148"},"modified":"2024-01-12T10:29:50","modified_gmt":"2024-01-12T06:29:50","slug":"fransada-nat%c9%99vanin-heyk%c9%99lin%c9%99-qarsi-vandalizm%c9%99-sebasty%c9%99n-busuanin-reyi","status":"publish","type":"post","link":"https:\/\/infonews.az\/?p=39148","title":{"rendered":"Fransada Nat\u0259van\u0131n heyk\u0259lin\u0259 qar\u015f\u0131 vandalizm\u0259 Sebasty\u0259n Busuan\u0131n R\u018fY\u0130"},"content":{"rendered":"<p><span style=\"color: #ffffff;\">Fransada Nat\u0259van\u0131n heyk\u0259lin\u0259 qar\u015f\u0131 vandalizm\u0259 Sebasty\u0259n Busuan\u0131n R\u018fY\u0130<\/span><\/p>\n<blockquote><p>Son ill\u0259r Az\u0259rbaycan v\u0259 Fransa aras\u0131nda m\u00fcnasib\u0259tl\u0259r g\u0259rgindir v\u0259 Az\u0259rbaycan Qaraba\u011fda suverenliyini b\u0259rpa etdikd\u0259n sonra bu g\u0259rginlik daha da art\u0131b.<\/p><\/blockquote>\n<p><a href=\"https:\/\/infonews.az\/?p=39148\"><span style=\"color: #333399;\"><strong>&#8220;\u0130NFONEWS&#8221;<\/strong> <\/span><\/a>x\u0259b\u0259r verir ki, bu fikirl\u0259ri beyn\u0259lxalq m\u00fcnasib\u0259tl\u0259r v\u0259 geosiyas\u0259t \u00fczr\u0259 t\u0259dqiqat\u00e7\u0131 v\u0259 professor Sebasty\u0259n Busua AZ\u018fRTAC-a m\u00fcsahib\u0259sind\u0259 deyib.<\/p>\n<p>Bildirib ki, Qaraba\u011f azad edildikd\u0259n sonra Fransadak\u0131 erm\u0259ni diasporunun, el\u0259c\u0259 d\u0259 erm\u0259nip\u0259r\u0259st siyasi hakimiyy\u0259tin son d\u0259r\u0259c\u0259 aqressiv h\u0259r\u0259k\u0259tl\u0259ri art\u0131b. X\u00fcsusil\u0259 d\u0259, bunu mediada daha \u00e7ox g\u00f6rm\u0259k olur.<\/p>\n<p>\u201cBu g\u00fcn is\u0259 Fransa \u0259razisind\u0259 olan Az\u0259rbaycan m\u0259d\u0259ni irsin\u0259 qar\u015f\u0131 bu aqressiyan\u0131n yeni formas\u0131n\u0131n \u015fahidi oluruq. Xat\u0131rladaq ki, Az\u0259rbaycan \u00f6z\u00fcn\u00fcn \u00e7ox m\u0259d\u0259niyy\u0259tli v\u0259 \u00e7ox dinli \u0259n\u0259n\u0259sin\u0259 uy\u011fun olaraq Fransada bir \u00e7ox kils\u0259l\u0259rin b\u0259rpa edilm\u0259sin\u0259 b\u00f6y\u00fck t\u00f6hf\u0259l\u0259r verib. Bununla da Az\u0259rbaycan h\u0259m tarixi \u0259n\u0259n\u0259sini, h\u0259m d\u0259 m\u00fcxt\u0259lif m\u0259d\u0259niyy\u0259tl\u0259r\u0259 v\u0259 dinl\u0259r\u0259 a\u00e7\u0131q oldu\u011funu g\u00f6st\u0259rib. Fransada olan erm\u0259nil\u0259r Evian \u015f\u0259h\u0259rind\u0259 az\u0259rbaycanl\u0131 \u015fair\u0259 Xur\u015fidbanu Nat\u0259van\u0131n heyk\u0259lin\u0259 qar\u015f\u0131 vandal\u0131zm akt\u0131 t\u00f6r\u0259d\u0259r\u0259k aqressiyalar\u0131n\u0131n yeni formas\u0131n\u0131 g\u00f6st\u0259rirl\u0259r. M\u0259d\u0259ni irs\u0259 qar\u015f\u0131 vandalizm akt\u0131 q\u0259buledilm\u0259zdir. Qafqazda, Orta \u015e\u0259rqd\u0259 m\u0259d\u0259niyy\u0259t\u0259, \u0259d\u0259biyyata b\u00f6y\u00fck \u00f6n\u0259m verilir. \u018fd\u0259bi irs b\u00f6y\u00fck n\u00fcfuza malikdir. M\u0259d\u0259ni irsin siyas\u0259tl\u0259 he\u00e7 bir \u0259laq\u0259si yoxdur.<\/p>\n<p>\u0130nc\u0259s\u0259n\u0259t v\u0259 m\u0259d\u0259niyy\u0259t sah\u0259sind\u0259 b\u00f6y\u00fck v\u0259 tan\u0131nm\u0131\u015f \u015f\u0259xsiyy\u0259tl\u0259r siyasi m\u0259qs\u0259dl\u0259r \u00fc\u00e7\u00fcn al\u0259t\u0259 \u00e7evrilm\u0259m\u0259lidirl\u0259r. Evianda erm\u0259nil\u0259rin az\u0259rbaycanl\u0131 \u015fair\u0259nin heyk\u0259lin\u0259 qar\u015f\u0131 t\u00f6r\u0259tdikl\u0259ri vandalizm m\u0259d\u0259niyy\u0259tin siyasi al\u0259t\u0259 \u00e7evrildiyini \u0259ks etdirir\u201d,- dey\u0259 S.Busua bildirib.<\/p>\n<p>Professor Evian \u015f\u0259h\u0259rind\u0259 \u015fair\u0259 Nat\u0259van\u0131n heyk\u0259lin\u0259 qar\u015f\u0131 t\u00f6r\u0259dilmi\u015f vandalizm akt\u0131na t\u0259\u0259ss\u00fcfl\u0259ndiyini bildir\u0259r\u0259k deyib ki, bu aktla Fransada erm\u0259nil\u0259r Az\u0259rbaycana qar\u015f\u0131 t\u0259zyiq m\u0259ng\u0259n\u0259sini getdikc\u0259 daha da s\u0131xma\u011fa \u00e7al\u0131\u015f\u0131rlar. Bunun n\u0259tic\u0259sind\u0259 is\u0259 Az\u0259rbaycan-Fransa m\u00fcnasib\u0259tl\u0259ri getdikc\u0259 deqradasiyaya u\u011fray\u0131r. H\u0259m\u00e7inin bu v\u0259ziyy\u0259t siyas\u0259t\u0259 d\u0259 m\u0259nfi t\u0259sir edir. Bel\u0259 ki, Fransa ke\u00e7mi\u015f AT\u018fT-in Minsk qrupunda oldu\u011fu \u00fc\u00e7\u00fcn Az\u0259rbaycan v\u0259 Erm\u0259nistan aras\u0131nda vasit\u0259\u00e7i rolunu d\u00fczg\u00fcn oynamaq \u00fc\u00e7\u00fcn neytral siyas\u0259t se\u00e7m\u0259li idi. Bununla da t\u0259r\u0259fl\u0259r aras\u0131nda s\u00fclh\u00fcn b\u0259rq\u0259rar olmas\u0131na t\u00f6hf\u0259 ver\u0259 bil\u0259rdi. Ancaq t\u0259\u0259ss\u00fcf olsun ki, Yelisey erm\u0259ni lobbisinin t\u0259zyiqi alt\u0131nda neytral rolunu itirdi v\u0259 ikit\u0259r\u0259fli m\u00fcnasib\u0259tl\u0259r h\u0259r g\u00fcn getdikc\u0259 daha da g\u0259rginl\u0259\u015fir.<\/p>\n<p>\u201cEvianda \u015fair\u0259nin heyk\u0259lin\u0259 qar\u015f\u0131 olan vandalizm akt\u0131 erm\u0259nil\u0259rin t\u00f6r\u0259tdikl\u0259ri dig\u0259r aqressiv aktlardan biridir. Erm\u0259nil\u0259r \u00f6z tarixl\u0259rini, el\u0259c\u0259 d\u0259 Qaraba\u011fda ba\u015f ver\u0259n hadis\u0259l\u0259ri \u00f6zl\u0259ri ist\u0259dikl\u0259ri formada v\u0259 \u00f6z versiyalar\u0131nda m\u0259cburi yeritm\u0259k ist\u0259yirl\u0259r. Bununla da onlar separat\u00e7\u0131 qruplar\u0131 m\u00fcdafi\u0259 etm\u0259k v\u0259 beyn\u0259lxalq s\u0259viyy\u0259d\u0259 he\u00e7 bir \u00f6lk\u0259nin, h\u0259tta Erm\u0259nistan\u0131n \u00f6z\u00fcn\u00fcn bel\u0259 tan\u0131mad\u0131\u011f\u0131 \u0259razini \u00f6zl\u0259rininki kimi tan\u0131tma\u011fa \u00e7al\u0131\u015f\u0131rlar, ancaq bu he\u00e7 bir n\u0259tic\u0259 verm\u0259y\u0259c\u0259k\u201d, &#8211; dey\u0259 S.Busua qeyd edib.<\/p>\n<p><img loading=\"lazy\" decoding=\"async\" class=\"aligncenter size-full wp-image-39150\" src=\"https:\/\/infonews.az\/wp-content\/uploads\/2024\/01\/170488766990728257_1200x630.jpg\" alt=\"\" width=\"361\" height=\"630\" srcset=\"https:\/\/infonews.az\/wp-content\/uploads\/2024\/01\/170488766990728257_1200x630.jpg 361w, https:\/\/infonews.az\/wp-content\/uploads\/2024\/01\/170488766990728257_1200x630-172x300.jpg 172w\" sizes=\"(max-width: 361px) 100vw, 361px\" \/><\/p>\n","protected":false},"excerpt":{"rendered":"<p>Fransada Nat\u0259van\u0131n heyk\u0259lin\u0259 qar\u015f\u0131 vandalizm\u0259 Sebasty\u0259n Busuan\u0131n R\u018fY\u0130 Son ill\u0259r Az\u0259rbaycan v\u0259 Fransa aras\u0131nda m\u00fcnasib\u0259tl\u0259r g\u0259rgindir v\u0259 Az\u0259rbaycan Qaraba\u011fda suverenliyini b\u0259rpa etdikd\u0259n sonra bu g\u0259rginlik daha da art\u0131b. &#8220;\u0130NFONEWS&#8221; x\u0259b\u0259r&hellip; <\/p>\n","protected":false},"author":14,"featured_media":39149,"comment_status":"open","ping_status":"open","sticky":false,"template":"","format":"standard","meta":{"_mi_skip_tracking":false,"_monsterinsights_sitenote_active":false,"_monsterinsights_sitenote_note":"","_monsterinsights_sitenote_category":0,"footnotes":""},"categories":[4499,11,10171],"tags":[4503,15,12420,12421],"aioseo_notices":[],"_links":{"self":[{"href":"https:\/\/infonews.az\/index.php?rest_route=\/wp\/v2\/posts\/39148"}],"collection":[{"href":"https:\/\/infonews.az\/index.php?rest_route=\/wp\/v2\/posts"}],"about":[{"href":"https:\/\/infonews.az\/index.php?rest_route=\/wp\/v2\/types\/post"}],"author":[{"embeddable":true,"href":"https:\/\/infonews.az\/index.php?rest_route=\/wp\/v2\/users\/14"}],"replies":[{"embeddable":true,"href":"https:\/\/infonews.az\/index.php?rest_route=%2Fwp%2Fv2%2Fcomments&post=39148"}],"version-history":[{"count":1,"href":"https:\/\/infonews.az\/index.php?rest_route=\/wp\/v2\/posts\/39148\/revisions"}],"predecessor-version":[{"id":39151,"href":"https:\/\/infonews.az\/index.php?rest_route=\/wp\/v2\/posts\/39148\/revisions\/39151"}],"wp:featuredmedia":[{"embeddable":true,"href":"https:\/\/infonews.az\/index.php?rest_route=\/wp\/v2\/media\/39149"}],"wp:attachment":[{"href":"https:\/\/infonews.az\/index.php?rest_route=%2Fwp%2Fv2%2Fmedia&parent=39148"}],"wp:term":[{"taxonomy":"category","embeddable":true,"href":"https:\/\/infonews.az\/index.php?rest_route=%2Fwp%2Fv2%2Fcategories&post=39148"},{"taxonomy":"post_tag","embeddable":true,"href":"https:\/\/infonews.az\/index.php?rest_route=%2Fwp%2Fv2%2Ftags&post=39148"}],"curies":[{"name":"wp","href":"https:\/\/api.w.org\/{rel}","templated":true}]}}