{"id":39152,"date":"2024-01-12T07:32:02","date_gmt":"2024-01-12T03:32:02","guid":{"rendered":"https:\/\/infonews.az\/?p=39152"},"modified":"2024-01-12T10:37:45","modified_gmt":"2024-01-12T06:37:45","slug":"ireli-ictimai-birliyind%c9%99n-2024-cu-ilin-ilk-t%c9%99crub%c9%99-proqrami-elani","status":"publish","type":"post","link":"https:\/\/infonews.az\/?p=39152","title":{"rendered":"\u201c\u0130R\u018fL\u0130\u201d \u0130ctimai Birliyind\u0259n 2024-c\u00fc ilin ilk t\u0259cr\u00fcb\u0259 proqram\u0131 ELANI"},"content":{"rendered":"<p><span style=\"color: #ffffff;\">\u201c\u0130R\u018fL\u0130\u201d \u0130ctimai Birliyind\u0259n 2024-c\u00fc ilin ilk t\u0259cr\u00fcb\u0259 proqram\u0131 ELANI<\/span><\/p>\n<blockquote><p>\u201c\u0130R\u018fL\u0130\u201d \u0130ctimai Birliyi g\u0259ncl\u0259rin h\u0259rt\u0259r\u0259fli inki\u015faf\u0131, o c\u00fcml\u0259d\u0259n, yeni bilik v\u0259 bacar\u0131qlar\u0131n \u0259ld\u0259 olunmas\u0131na d\u0259st\u0259k m\u0259qs\u0259di il\u0259 2024-c\u00fc il \u00fczr\u0259 ilk t\u0259cr\u00fcb\u0259 proqram\u0131n\u0131 elan edir.<\/p><\/blockquote>\n<p><a href=\"https:\/\/infonews.az\/?p=39152\"><span style=\"color: #333399;\"><strong>&#8220;\u0130NFONEWS&#8221;<\/strong> <\/span><\/a>&#8211; a T\u0259\u015fkilat\u0131n M\u0259tbuat xidm\u0259tind\u0259n veri\u0259n m\u0259lumatda bildirilib ki, proqram \u00e7\u0259r\u00e7iv\u0259sind\u0259 g\u0259ncl\u0259r layih\u0259l\u0259rl\u0259 i\u015f, beyn\u0259lxalq \u0259laq\u0259l\u0259r, g\u0259ncl\u0259rl\u0259 i\u015f, t\u0259hsil v\u0259 t\u0259lim, sosial i\u015f v\u0259 media istiqam\u0259tl\u0259ri \u00fczr\u0259 t\u0259cr\u00fcb\u0259 ke\u00e7m\u0259k imkan\u0131 \u0259ld\u0259 ed\u0259c\u0259kl\u0259r. Qeyd ed\u0259k ki, g\u0259ncl\u0259rin se\u00e7im prosesi iki m\u0259rh\u0259l\u0259d\u0259 \u2013 m\u00fcraci\u0259tl\u0259rin q\u0259bulu v\u0259 m\u00fcsahib\u0259l\u0259rin ke\u00e7irilm\u0259si \u00fczr\u0259 apar\u0131lacaq.<\/p>\n<p>T\u0259cr\u00fcb\u0259 proqram\u0131na 17-24 ya\u015flar\u0131nda, t\u0259\u015f\u0259bb\u00fcskar, motivasiyal\u0131, m\u0259suliyy\u0259tli v\u0259 komanda il\u0259 i\u015fl\u0259m\u0259 bacar\u0131\u011f\u0131na sahib olan g\u0259ncl\u0259r qat\u0131la bil\u0259rl\u0259r. \u00dc\u00e7 ay davam ed\u0259c\u0259k t\u0259cr\u00fcb\u0259 m\u00fcdd\u0259tini u\u011furla ba\u015fa vuran g\u0259ncl\u0259r \u015f\u0259had\u0259tnam\u0259 il\u0259 t\u0259ltif olunacaqlar.<\/p>\n<p>Qeyd ed\u0259k ki, t\u0259cr\u00fcb\u0259 proqram\u0131 \u00f6d\u0259ni\u015fsiz \u015f\u0259kild\u0259 h\u0259yata ke\u00e7irilir v\u0259 m\u00fcraci\u0259tl\u0259rin q\u0259bulu 15 yanvar 2024-c\u00fc il tarixin\u0259d\u0259k davam ed\u0259c\u0259k. Qeydiyyatdan ke\u00e7m\u0259k ist\u0259y\u0259n g\u0259ncl\u0259r a\u015fa\u011f\u0131dak\u0131 link\u0259 ke\u00e7id ed\u0259 bil\u0259rl\u0259r: <a href=\"https:\/\/shorturl.at\/dCFIN\">https:\/\/shorturl.at\/dCFIN<\/a><\/p>\n<p><img loading=\"lazy\" decoding=\"async\" class=\"aligncenter size-full wp-image-39153\" src=\"https:\/\/infonews.az\/wp-content\/uploads\/2024\/01\/27b3dbba-b715-43e6-b024-4de057436ac4.jpeg\" alt=\"\" width=\"1080\" height=\"1080\" srcset=\"https:\/\/infonews.az\/wp-content\/uploads\/2024\/01\/27b3dbba-b715-43e6-b024-4de057436ac4.jpeg 1080w, https:\/\/infonews.az\/wp-content\/uploads\/2024\/01\/27b3dbba-b715-43e6-b024-4de057436ac4-300x300.jpeg 300w, https:\/\/infonews.az\/wp-content\/uploads\/2024\/01\/27b3dbba-b715-43e6-b024-4de057436ac4-1024x1024.jpeg 1024w, https:\/\/infonews.az\/wp-content\/uploads\/2024\/01\/27b3dbba-b715-43e6-b024-4de057436ac4-150x150.jpeg 150w, https:\/\/infonews.az\/wp-content\/uploads\/2024\/01\/27b3dbba-b715-43e6-b024-4de057436ac4-768x768.jpeg 768w\" sizes=\"(max-width: 1080px) 100vw, 1080px\" \/><\/p>\n","protected":false},"excerpt":{"rendered":"<p>\u201c\u0130R\u018fL\u0130\u201d \u0130ctimai Birliyind\u0259n 2024-c\u00fc ilin ilk t\u0259cr\u00fcb\u0259 proqram\u0131 ELANI \u201c\u0130R\u018fL\u0130\u201d \u0130ctimai Birliyi g\u0259ncl\u0259rin h\u0259rt\u0259r\u0259fli inki\u015faf\u0131, o c\u00fcml\u0259d\u0259n, yeni bilik v\u0259 bacar\u0131qlar\u0131n \u0259ld\u0259 olunmas\u0131na d\u0259st\u0259k m\u0259qs\u0259di il\u0259 2024-c\u00fc il \u00fczr\u0259 ilk&hellip; <\/p>\n","protected":false},"author":14,"featured_media":39153,"comment_status":"open","ping_status":"open","sticky":false,"template":"","format":"standard","meta":{"_mi_skip_tracking":false,"_monsterinsights_sitenote_active":false,"_monsterinsights_sitenote_note":"","_monsterinsights_sitenote_category":0,"footnotes":""},"categories":[4,11],"tags":[11494,15,12422],"aioseo_notices":[],"_links":{"self":[{"href":"https:\/\/infonews.az\/index.php?rest_route=\/wp\/v2\/posts\/39152"}],"collection":[{"href":"https:\/\/infonews.az\/index.php?rest_route=\/wp\/v2\/posts"}],"about":[{"href":"https:\/\/infonews.az\/index.php?rest_route=\/wp\/v2\/types\/post"}],"author":[{"embeddable":true,"href":"https:\/\/infonews.az\/index.php?rest_route=\/wp\/v2\/users\/14"}],"replies":[{"embeddable":true,"href":"https:\/\/infonews.az\/index.php?rest_route=%2Fwp%2Fv2%2Fcomments&post=39152"}],"version-history":[{"count":1,"href":"https:\/\/infonews.az\/index.php?rest_route=\/wp\/v2\/posts\/39152\/revisions"}],"predecessor-version":[{"id":39154,"href":"https:\/\/infonews.az\/index.php?rest_route=\/wp\/v2\/posts\/39152\/revisions\/39154"}],"wp:featuredmedia":[{"embeddable":true,"href":"https:\/\/infonews.az\/index.php?rest_route=\/wp\/v2\/media\/39153"}],"wp:attachment":[{"href":"https:\/\/infonews.az\/index.php?rest_route=%2Fwp%2Fv2%2Fmedia&parent=39152"}],"wp:term":[{"taxonomy":"category","embeddable":true,"href":"https:\/\/infonews.az\/index.php?rest_route=%2Fwp%2Fv2%2Fcategories&post=39152"},{"taxonomy":"post_tag","embeddable":true,"href":"https:\/\/infonews.az\/index.php?rest_route=%2Fwp%2Fv2%2Ftags&post=39152"}],"curies":[{"name":"wp","href":"https:\/\/api.w.org\/{rel}","templated":true}]}}