{"id":39183,"date":"2024-01-16T09:40:58","date_gmt":"2024-01-16T05:40:58","guid":{"rendered":"https:\/\/infonews.az\/?p=39183"},"modified":"2024-01-16T10:05:19","modified_gmt":"2024-01-16T06:05:19","slug":"20-yanvar-q%c9%99hr%c9%99manliq-salnam%c9%99si-adli-s%c9%99rgi-t%c9%99skil-olunacaq","status":"publish","type":"post","link":"https:\/\/infonews.az\/?p=39183","title":{"rendered":"\u201c20 Yanvar \u2013 Q\u0259hr\u0259manl\u0131q salnam\u0259si\u201d adl\u0131 s\u0259rgi t\u0259\u015fkil olunacaq"},"content":{"rendered":"<p class=\"entry-title\"><span style=\"color: #ffffff;\">\u201c20 Yanvar \u2013 Q\u0259hr\u0259manl\u0131q salnam\u0259si\u201d adl\u0131 s\u0259rgi t\u0259\u015fkil olunacaq<\/span><\/p>\n<blockquote><p>\u201cAz\u0259rbaycan X\u0259z\u0259r D\u0259niz G\u0259mi\u00e7iliyi\u201d QSC-nin (ASCO) \u201cSuraxan\u0131\u201d g\u0259mi-muzeyind\u0259 xalq\u0131m\u0131z\u0131n milli m\u00fcst\u0259qillik, azadl\u0131q u\u011frunda m\u00fcbariz\u0259sinin v\u0259 yenilm\u0259z irad\u0259sinin r\u0259mzin\u0259 \u00e7evril\u0259n 20 Yanvar faci\u0259sinin 34-c\u00fc ild\u00f6n\u00fcm\u00fcn\u0259 h\u0259sr olunmu\u015f \u201c20 Yanvar \u2013 Q\u0259hr\u0259manl\u0131q salnam\u0259si\u201d adl\u0131 s\u0259rgi t\u0259\u015fkil olunacaq.<\/p><\/blockquote>\n<p><a href=\"https:\/\/infonews.az\/?p=39183\"><span style=\"color: #333399;\"><strong>&#8220;\u0130NFONEWS&#8221;<\/strong><\/span><\/a> x\u0259b\u0259r verir ki, 17-21 yanvar tarixl\u0259rind\u0259 ba\u015f tutacaq s\u0259rginin m\u0259qs\u0259di do\u011fma yurdunun, xalq\u0131n\u0131n azadl\u0131\u011f\u0131n\u0131, \u015f\u0259r\u0259f v\u0259 l\u0259yaq\u0259tini h\u0259r \u015feyd\u0259n uca tutan v\u0259t\u0259np\u0259rv\u0259r Az\u0259rbaycan \u00f6vladlar\u0131n\u0131 yad etm\u0259k, onlar\u0131n g\u00f6st\u0259rdikl\u0259ri \u015f\u00fcca\u0259ti geni\u015f auditoriyaya \u00e7atd\u0131rmaqdan ibar\u0259tdir.<\/p>\n<p>Layih\u0259 \u00e7\u0259r\u00e7iv\u0259sind\u0259 \u201c20 Yanvar \u2013 R\u0259ssamlar\u0131n g\u00f6z\u00fc il\u0259\u201d adl\u0131 r\u0259sm s\u0259rgisi il\u0259 yana\u015f\u0131, g\u0259mi-muzeyin \u201cD\u0259y\u0259rl\u0259rd\u0259 h\u0259mr\u0259ylik, inki\u015fafa sadiqlik&#8221; zal\u0131nda Qanl\u0131 Yanvar qurbanlar\u0131na aid \u015f\u0259xsi \u0259\u015fyalar, arxiv s\u0259n\u0259dl\u0259r, o c\u00fcml\u0259d\u0259n faci\u0259ni \u00f6z\u00fcnd\u0259 \u0259ks etdir\u0259n m\u00fcxt\u0259lif materiallardan ibar\u0259t s\u0259rgi d\u0259 t\u0259\u015fkil olunacaq. Burada h\u0259min g\u00fcn d\u0259nizd\u0259 haqq sava\u015f\u0131nda \u00f6l\u00fcm-dirim m\u00fcbariz\u0259si aparan d\u0259niz\u00e7il\u0259r haqq\u0131nda m\u0259lumatlar da yer alacaq.<\/p>\n<p>Ziyar\u0259t\u00e7il\u0259r \u201cSabit Orucov\u201d g\u0259misin\u0259 m\u0259xsus eksponatlarla yana\u015f\u0131, hadis\u0259l\u0259r zaman\u0131 yarad\u0131lan \u201cKapitanlar \u015furas\u0131\u201dn\u0131n 7 \u00fczv\u00fcnd\u0259n biri, o d\u00f6vrk\u00fc SSR\u0130 h\u0259rbi naziri Dmitri Yazovla g\u00f6r\u00fc\u015f\u0259n M\u00fcz\u0259ff\u0259r \u018fliyev\u0259 aid \u015f\u0259xsi \u0259\u015fyalarla da tan\u0131\u015f ola bil\u0259c\u0259kl\u0259r.<\/p>\n<p>S\u0259rgi \u0259rzind\u0259 ASCO-nun t\u0259\u015f\u0259bb\u00fcs\u00fc il\u0259 \u00e7\u0259kil\u0259n v\u0259 qurulu\u015f\u00e7u rejissoru \u018fm\u0259kdar inc\u0259s\u0259n\u0259t xadimi Elxan C\u0259f\u0259rov olan \u201c20 yanvarda do\u011fulanlar\u201d b\u0259dii-s\u0259n\u0259dli film ziyar\u0259t\u00e7il\u0259r\u0259 t\u0259qdim edil\u0259c\u0259k. 20 Yanvarda d\u0259nizd\u0259 ya\u015fanan hadis\u0259l\u0259ri, d\u0259niz\u00e7il\u0259rin g\u00f6st\u0259rdiyi q\u0259hr\u0259manl\u0131qlar\u0131 \u00f6z\u00fcnd\u0259 \u0259ks etdir\u0259n ekran i\u015fi saat h\u0259r g\u00fcn 7 d\u0259f\u0259 n\u00fcmayi\u015f olunacaq.<\/p>\n","protected":false},"excerpt":{"rendered":"<p>\u201c20 Yanvar \u2013 Q\u0259hr\u0259manl\u0131q salnam\u0259si\u201d adl\u0131 s\u0259rgi t\u0259\u015fkil olunacaq \u201cAz\u0259rbaycan X\u0259z\u0259r D\u0259niz G\u0259mi\u00e7iliyi\u201d QSC-nin (ASCO) \u201cSuraxan\u0131\u201d g\u0259mi-muzeyind\u0259 xalq\u0131m\u0131z\u0131n milli m\u00fcst\u0259qillik, azadl\u0131q u\u011frunda m\u00fcbariz\u0259sinin v\u0259 yenilm\u0259z irad\u0259sinin r\u0259mzin\u0259 \u00e7evril\u0259n 20 Yanvar&hellip; <\/p>\n","protected":false},"author":14,"featured_media":39184,"comment_status":"open","ping_status":"open","sticky":false,"template":"","format":"standard","meta":{"_mi_skip_tracking":false,"_monsterinsights_sitenote_active":false,"_monsterinsights_sitenote_note":"","_monsterinsights_sitenote_category":0,"footnotes":""},"categories":[5373,4,11],"tags":[5211,597,15],"aioseo_notices":[],"_links":{"self":[{"href":"https:\/\/infonews.az\/index.php?rest_route=\/wp\/v2\/posts\/39183"}],"collection":[{"href":"https:\/\/infonews.az\/index.php?rest_route=\/wp\/v2\/posts"}],"about":[{"href":"https:\/\/infonews.az\/index.php?rest_route=\/wp\/v2\/types\/post"}],"author":[{"embeddable":true,"href":"https:\/\/infonews.az\/index.php?rest_route=\/wp\/v2\/users\/14"}],"replies":[{"embeddable":true,"href":"https:\/\/infonews.az\/index.php?rest_route=%2Fwp%2Fv2%2Fcomments&post=39183"}],"version-history":[{"count":2,"href":"https:\/\/infonews.az\/index.php?rest_route=\/wp\/v2\/posts\/39183\/revisions"}],"predecessor-version":[{"id":39186,"href":"https:\/\/infonews.az\/index.php?rest_route=\/wp\/v2\/posts\/39183\/revisions\/39186"}],"wp:featuredmedia":[{"embeddable":true,"href":"https:\/\/infonews.az\/index.php?rest_route=\/wp\/v2\/media\/39184"}],"wp:attachment":[{"href":"https:\/\/infonews.az\/index.php?rest_route=%2Fwp%2Fv2%2Fmedia&parent=39183"}],"wp:term":[{"taxonomy":"category","embeddable":true,"href":"https:\/\/infonews.az\/index.php?rest_route=%2Fwp%2Fv2%2Fcategories&post=39183"},{"taxonomy":"post_tag","embeddable":true,"href":"https:\/\/infonews.az\/index.php?rest_route=%2Fwp%2Fv2%2Ftags&post=39183"}],"curies":[{"name":"wp","href":"https:\/\/api.w.org\/{rel}","templated":true}]}}