{"id":39190,"date":"2024-01-16T07:29:06","date_gmt":"2024-01-16T03:29:06","guid":{"rendered":"https:\/\/infonews.az\/?p=39190"},"modified":"2024-01-16T10:53:25","modified_gmt":"2024-01-16T06:53:25","slug":"az%c9%99rbaycan-aliml%c9%99ri-fransada-nat%c9%99vanin-abid%c9%99sin%c9%99-edil%c9%99n-t%c9%99hqiramiz-munasib%c9%99ti-etiraz-bildiribl%c9%99r","status":"publish","type":"post","link":"https:\/\/infonews.az\/?p=39190","title":{"rendered":"Az\u0259rbaycan aliml\u0259ri Fransada Nat\u0259van\u0131n abid\u0259sin\u0259 edil\u0259n t\u0259hqiramiz m\u00fcnasib\u0259ti etiraz bildiribl\u0259r"},"content":{"rendered":"<p><span style=\"color: #ffffff;\">Az\u0259rbaycan aliml\u0259ri Fransada Nat\u0259van\u0131n abid\u0259sin\u0259 edil\u0259n t\u0259hqiramiz m\u00fcnasib\u0259ti etiraz bildiribl\u0259r<\/span><\/p>\n<blockquote><p>Az\u0259rbaycan\u0131n g\u00f6rk\u0259mli \u015fair\u0259si v\u0259 ictimai xadimi Xur\u015fidbanu Nat\u0259van\u0131n Fransan\u0131n Evian-le ban \u015f\u0259h\u0259rind\u0259 2017-ci ild\u0259 ucald\u0131lm\u0131\u015f heyk\u0259lin\u0259 q\u0131rm\u0131z\u0131 boyan\u0131n at\u0131lmas\u0131, heyk\u0259lin selofanla \u00f6rt\u00fclm\u0259si, \u0259raziy\u0259 verilmi\u015f \u201cAz\u0259rbaycan park\u0131\u201d s\u00f6z\u00fcn\u00fcn \u00e7\u0131xar\u0131laca\u011f\u0131 il\u0259 ba\u011fl\u0131 ortaya at\u0131lan iddialar Fransan\u0131n insanl\u0131\u011fa, m\u0259d\u0259niyy\u0259t, inc\u0259s\u0259n\u0259t\u0259, b\u0259\u015f\u0259ri d\u0259y\u0259rl\u0259r\u0259 v\u0259 \u00f6lk\u0259miz\u0259 qar\u015f\u0131 vandalizm akt\u0131n\u0131n n\u00f6vb\u0259ti t\u0259zah\u00fcr\u00fcd\u00fcr.<\/p><\/blockquote>\n<p><a href=\"https:\/\/infonews.az\/?p=39190\"><span style=\"color: #333399;\"><strong>&#8220;\u0130NFONEWS&#8221;<\/strong><\/span><\/a> &#8211; un AMEA-dan \u0259ld\u0259 etdiyi m\u0259lumat\u0131nda bildirilib ki, bunu akademiyan\u0131n Nizami G\u0259nc\u0259vi ad\u0131na \u018fd\u0259biyyat \u0130nstitutunun Elmi \u015furas\u0131n\u0131n geni\u015fl\u0259ndirilmi\u015f iclas\u0131nda AMEA-n\u0131n prezidenti akademik \u0130sa H\u0259bibb\u0259yli Fransada Xur\u015fidbanu Nat\u0259van\u0131n abid\u0259sinin t\u0259hqir olunmas\u0131na m\u00fcnasib\u0259t bildir\u0259rk\u0259n deyib.<\/p>\n<p>Akademik \u0130sa H\u0259bibb\u0259yli bildirib ki, \u00f6lk\u0259 ba\u015f\u00e7\u0131s\u0131 Az\u0259rbaycan televiziyalar\u0131na d\u0259rin m\u0259zmunlu geni\u015f m\u00fcsahib\u0259sind\u0259 bu hadis\u0259ni vandalizm akt\u0131 kimi qiym\u0259tl\u0259ndirib v\u0259 hadis\u0259d\u0259n sonra t\u0259k Fransadak\u0131 deyil, Avropadak\u0131 diaspora n\u00fcmay\u0259nd\u0259l\u0259rimiz, f\u0259allar\u0131m\u0131z heyk\u0259lin qar\u015f\u0131s\u0131nda etiraz aksiyas\u0131 ke\u00e7iribl\u0259r.<\/p>\n<p>Az\u0259rbaycan c\u0259miyy\u0259tinin, ziyal\u0131lar\u0131m\u0131z\u0131n da bu hadis\u0259y\u0259 s\u0259rt reaksiya verdiyini dey\u0259n akademik \u0130sa H\u0259bibb\u0259yli ictimaiyy\u0259t n\u00fcmay\u0259nd\u0259l\u0259rinin Nat\u0259van\u0131n heyk\u0259lin\u0259 qar\u015f\u0131 t\u0259hqiramiz m\u00fcnasib\u0259ti q\u0259tiyy\u0259tl\u0259 pisl\u0259diyini, d\u00fcnya m\u0259d\u0259niyy\u0259tin\u0259 b\u00f6y\u00fck t\u00f6hf\u0259l\u0259rini vermi\u015f, Qaraba\u011fda \u201cM\u0259clisi-\u00fcns\u201d kimi \u0259d\u0259biyyat m\u0259clisin\u0259 bacar\u0131qla r\u0259hb\u0259rlik etmi\u015f qad\u0131n \u015fairimiz\u0259, m\u0259d\u0259niyy\u0259t xadimimizin abid\u0259sin\u0259 qar\u015f\u0131 at\u0131lm\u0131\u015f add\u0131m\u0131n, t\u0259k \u00f6lk\u0259miz\u0259 deyil, eyni zamanda, b\u0259\u015f\u0259ri m\u0259d\u0259ni irs\u0259 qar\u015f\u0131 cinay\u0259t akt\u0131 kimi d\u0259y\u0259rl\u0259ndirildiyini vur\u011fulay\u0131b.<\/p>\n<p>AMEA r\u0259hb\u0259ri 44 g\u00fcnl\u00fck V\u0259t\u0259n m\u00fcharib\u0259sind\u0259 qazan\u0131lan Z\u0259f\u0259rd\u0259n sonra Fransan\u0131n Az\u0259rbaycana qar\u015f\u0131 m\u00fcnasib\u0259tinin k\u0259skinl\u0259\u015fdiyini, r\u0259smi Parisin m\u0259krli \u015f\u0259kild\u0259 Erm\u0259nistana d\u0259st\u0259k verdiyini, yeni m\u00fcharib\u0259 toxumlar\u0131 s\u0259pm\u0259kd\u0259 oldu\u011funu q\u0259buledilm\u0259z fakt kimi pisl\u0259yib. Bildirib ki, bu, Fransa d\u00f6vl\u0259tinin Az\u0259rbaycan\u0131n Qaraba\u011fda qazand\u0131\u011f\u0131 tarixi Z\u0259f\u0259ri v\u0259 \u00f6lk\u0259mizin \u0259razi b\u00fct\u00f6vl\u00fcy\u00fcn\u00fc h\u0259zm ed\u0259 bilm\u0259m\u0259sinin t\u0259zah\u00fcr\u00fcd\u00fcr.<\/p>\n<p>V\u0259t\u0259n m\u00fcharib\u0259sind\u0259n sonra Fransan\u0131n Erm\u0259nistan\u0131 cidd-c\u0259hdl\u0259 silahland\u0131rd\u0131\u011f\u0131n\u0131 dey\u0259n akademik \u0130sa H\u0259bibb\u0259yli Fransan\u0131n ba\u015fl\u0131ca niyy\u0259tinin Qafqazda yeni m\u00fcharib\u0259 ocaqlar\u0131 yaratmaq oldu\u011funu, bu d\u00fc\u015f\u00fcnc\u0259nin Erm\u0259nistan\u0131 f\u0259lak\u0259t\u0259 aparaca\u011f\u0131n\u0131 s\u00f6yl\u0259yib.<\/p>\n<p>\u201cSon ill\u0259rd\u0259 Fransa Afrikadak\u0131 \u00f6z dayaqlar\u0131n\u0131 itirir, yerli xalqlar Fransameyilli d\u00f6vl\u0259t ba\u015f\u00e7\u0131lar\u0131n\u0131 \u00f6lk\u0259d\u0259n qovurlar. Fransa m\u00fcst\u0259ml\u0259k\u0259\u00e7iliyi bu g\u00fcn b\u00fct\u00fcn d\u00fcnyada, el\u0259c\u0259 d\u0259 Avropan\u0131n \u00f6z\u00fcnd\u0259 etiraz do\u011furur. Bir s\u00f6zl\u0259, Fransa Afrikadan biab\u0131rcas\u0131na qovulur v\u0259 orada itirdiyi dayaqlar\u0131n\u0131 Qafqazda b\u0259rpa etm\u0259y\u0259 \u00e7al\u0131\u015f\u0131r. Bunun \u00fc\u00e7\u00fcn d\u0259 erm\u0259nil\u0259rd\u0259n al\u0259t kimi istifad\u0259 edir. Lakin Prezident \u0130lham \u018fliyev v\u0259 Az\u0259rbaycan d\u00f6vl\u0259ti buna q\u0259tiyy\u0259tl\u0259 imkan verm\u0259y\u0259c\u0259kdir. Ba\u015fda T\u00fcrkiy\u0259 olmaqla dig\u0259r region \u00f6lk\u0259l\u0259ri v\u0259 T\u00fcrk d\u00f6vl\u0259tl\u0259ri d\u0259 bu m\u0259s\u0259l\u0259d\u0259 q\u0259ti m\u00fcnasib\u0259tl\u0259rini bildiribl\u0259r\u201d, &#8211; dey\u0259 AMEA prezidenti diqq\u0259t\u0259 \u00e7atd\u0131r\u0131b.<\/p>\n<p>Fransa prezidenti Emmanuel Makronun Fransada, el\u0259c\u0259 d\u0259 Avropada siyasi d\u0259st\u0259yini v\u0259 imicini itirdiyini dey\u0259n natiq ba\u015fda \u201cSar\u0131 jiletlil\u0259r\u201d olmaqla, Fransa c\u0259miyy\u0259tinin \u00f6z\u00fcn\u00fcn d\u0259 Makronun siyas\u0259tin\u0259 qar\u015f\u0131 ciddi etirazlar\u0131n\u0131 bildirdikl\u0259rini vur\u011fulay\u0131b.<\/p>\n<p>Xur\u015fidbanu Nat\u0259van\u0131n Az\u0259rbaycan\u0131n qad\u0131n ziyal\u0131lar\u0131n\u0131n \u0259n g\u00f6rk\u0259mli n\u00fcmay\u0259nd\u0259l\u0259rind\u0259n biri oldu\u011funu dey\u0259n akademik \u0130sa H\u0259bibb\u0259yli \u015fair\u0259nin d\u00fcnya irsin\u0259 \u00f6z t\u00f6hf\u0259l\u0259rini verdiyini, \u201cG\u00fcl d\u0259ft\u0259ri \u2013 ill\u00fcstrasiyal\u0131 \u015feirl\u0259r albomu\u201dnun is\u0259 2023-c\u00fc ild\u0259 UNESCO-nun D\u00fcnya Yadda\u015f\u0131 Reyestrin\u0259 daxil edildiyini xat\u0131rlad\u0131b. Bildirib ki, Xur\u015fidbanu Nat\u0259van Qafqaza s\u0259f\u0259r etmi\u015f tan\u0131nm\u0131\u015f frans\u0131z yaz\u0131\u00e7\u0131s\u0131 Aleksandr D\u00fcman\u0131 evind\u0259 qonaq ed\u0259r\u0259k onunla \u015fahmat masas\u0131n\u0131n arxas\u0131nda \u0259yl\u0259\u015fib, Az\u0259rbaycan\u0131n qonaqp\u0259rv\u0259rliyini, xalq\u0131m\u0131z\u0131n Fransa xalq\u0131na olan m\u00fcnasib\u0259tini g\u00f6st\u0259rib, b\u00fct\u00fcn bunlar\u0131n qar\u015f\u0131l\u0131\u011f\u0131nda is\u0259 Fransada \u015fair\u0259mizin heyk\u0259li v\u0259h\u015fi m\u00fcnasib\u0259tl\u0259 \u00fczl\u0259\u015fib.<\/p>\n<p>Akademik \u0130sa H\u0259bibb\u0259yli, h\u0259m\u00e7inin \u00f6lk\u0259mizd\u0259 Fransa \u0259d\u0259biyyat\u0131 il\u0259 ba\u011fl\u0131 \u00f6n\u0259mli t\u0259dqiqatlar\u0131n apar\u0131ld\u0131\u011f\u0131n\u0131, frans\u0131z yaz\u0131\u00e7\u0131lar\u0131n \u0259s\u0259rl\u0259rinin Az\u0259rbaycan dilin\u0259 t\u0259rc\u00fcm\u0259 olunaraq \u00e7ap edildiyini v\u0259 b\u00fct\u00fcn bunlar\u0131n xalq\u0131m\u0131z\u0131n, d\u00f6vl\u0259timizin y\u00fcks\u0259k b\u0259\u015f\u0259ri, m\u0259d\u0259ni d\u0259y\u0259rl\u0259rin da\u015f\u0131y\u0131c\u0131s\u0131 oldu\u011funu bildirib.<\/p>\n<p>AMEA prezidenti Viktor H\u00fcqonun v\u0259t\u0259nind\u0259, Luvr kimi muzeyin, el\u0259c\u0259 d\u0259 UNESCO-nun Ba\u015f q\u0259rargah\u0131n\u0131n yerl\u0259\u015fdiyi \u00f6lk\u0259d\u0259 Nat\u0259van\u0131n heyk\u0259lin\u0259 qar\u015f\u0131, m\u0259d\u0259niyy\u0259timiz\u0259 qar\u015f\u0131 g\u00f6st\u0259ril\u0259n vandalizm akt\u0131n\u0131 v\u0259 Fransa prezidenti Emmanuel Makronun siyas\u0259tini q\u0259tiyy\u0259tl\u0259 pisl\u0259diyini bildirib, hadis\u0259ni t\u00f6r\u0259d\u0259nl\u0259rin layiqli c\u0259zalar\u0131n\u0131 almas\u0131n\u0131 t\u0259l\u0259b edib.<\/p>\n<p>Sonra AMEA-n\u0131n vitse-prezidenti v\u0259zif\u0259sini icra ed\u0259n akademik G\u00f6vh\u0259r Bax\u015f\u0259liyeva, AMEA-n\u0131n M\u0259h\u0259mm\u0259d F\u00fczuli ad\u0131na \u018flyazmalar \u0130nstitutunun direktoru akademik Teymur K\u0259rimli, AMEA-n\u0131n Memarl\u0131q v\u0259 \u0130nc\u0259s\u0259n\u0259t \u0130nstitutunun direktoru, AMEA-n\u0131n m\u00fcxbir \u00fczv\u00fc \u018frtegin Salamzad\u0259nin etiraz ideyas\u0131n\u0131 ifad\u0259 ed\u0259n \u00e7\u0131x\u0131\u015flar\u0131 s\u0259sl\u0259ndirilib. H\u0259m\u00e7inin frans\u0131z yaz\u0131\u00e7\u0131s\u0131 Aleksandr D\u00fcman\u0131n \u201cQafqaz s\u0259f\u0259ri\u201d \u0259s\u0259rinin t\u0259rc\u00fcm\u0259\u00e7isi, \u018fd\u0259biyyat \u0130nstitutunun ba\u015f elmi i\u015f\u00e7isi professor Q\u0259z\u0259nf\u0259r Pa\u015fayev, Nat\u0259van haqq\u0131nda yaz\u0131lm\u0131\u015f monoqrafiyan\u0131n m\u00fc\u0259llifi, \u018fd\u0259biyyat \u0130nstitutunun apar\u0131c\u0131 elmi i\u015f\u00e7isi filologiya elml\u0259ri doktoru \u0130slam Q\u0259ribov, \u015fair\u0259nin \u0259s\u0259rl\u0259rinin t\u0259dqiqat\u00e7\u0131s\u0131 professor Tahir\u0259 M\u0259mm\u0259d v\u0259 Az\u0259rbaycan-Fransa \u0259d\u0259bi \u0259laq\u0259l\u0259rinin ara\u015fd\u0131r\u0131c\u0131s\u0131, institutun dissertant\u0131 \u015e\u0259hla Qurbanova \u00e7\u0131x\u0131\u015f edibl\u0259r. \u00c7\u0131x\u0131\u015flarda Nat\u0259van\u0131n heyk\u0259lin\u0259 qar\u015f\u0131 t\u00f6r\u0259dilmi\u015f vandalizm akt\u0131n\u0131n Fransan\u0131n Az\u0259rbaycana qar\u015f\u0131 kin-k\u00fcdur\u0259tinin g\u00f6st\u0259ricisi oldu\u011fu bildiril\u0259r\u0259k Az\u0259rbaycan-Fransa \u0259d\u0259bi \u0259laq\u0259l\u0259rind\u0259n dan\u0131\u015f\u0131l\u0131b, Fransan\u0131n Evian-le ban b\u0259l\u0259diyy\u0259sinin \u00fczr ist\u0259m\u0259sinin vacibliyi diqq\u0259t\u0259 \u00e7atd\u0131r\u0131l\u0131b.<\/p>\n<p>Qeyd olunub ki, Fransa tarix\u0259n \u018flc\u0259zaird\u0259, Tunisd\u0259, M\u0259rake\u015fd\u0259 v\u0259 dig\u0259r Afrika \u00f6lk\u0259l\u0259rind\u0259 t\u00f6r\u0259tdiyi soyq\u0131r\u0131mlar\u0131 il\u0259 b\u0259\u015f\u0259riyy\u0259t\u0259, insanl\u0131\u011fa qar\u015f\u0131 olan v\u0259h\u015fi m\u00fcnasib\u0259tini g\u00f6st\u0259rib. \u00c7\u0131x\u0131\u015flarda vur\u011fulan\u0131b ki, 44 g\u00fcnl\u00fck V\u0259t\u0259n m\u00fcharib\u0259sind\u0259 Az\u0259rbaycan\u0131n qazand\u0131\u011f\u0131 q\u0259tiyy\u0259tli Q\u0259l\u0259b\u0259d\u0259n sonra Fransadak\u0131 erm\u0259ni diasporunun t\u0259zyiql\u0259ri n\u0259tic\u0259sind\u0259 r\u0259smi Parisin \u00f6lk\u0259miz\u0259 qar\u015f\u0131 m\u00fcnasib\u0259ti pisl\u0259\u015fib v\u0259 \u00f6t\u0259n m\u00fcdd\u0259t \u0259rzind\u0259 Fransan\u0131n r\u0259smil\u0259ri insanl\u0131qdan uzaq, \u0259dal\u0259tsiz q\u0259rarlar q\u0259bul edibl\u0259r.<\/p>\n<p>H\u0259m\u00e7inin Nat\u0259van\u0131n \u201cG\u00fcl d\u0259ft\u0259ri \u2013 ill\u00fcstrasiyal\u0131 \u015feirl\u0259r albomu\u201dnun UNESCO-nun D\u00fcnya Yadda\u015f\u0131 Reyestrin\u0259 daxil edilm\u0259sinin \u015fair\u0259nin b\u0259\u015f\u0259ri ideyalar\u0131n da\u015f\u0131y\u0131c\u0131s\u0131 oldu\u011funu, lakin buna baxmayaraq, \u015fair\u0259nin abid\u0259sinin Fransa t\u0259r\u0259find\u0259n insanl\u0131\u011fa s\u0131\u011fmayan r\u0259ftara m\u0259ruz qald\u0131\u011f\u0131n\u0131 vur\u011fulay\u0131blar.<\/p>\n<p>Sonda \u00e7\u0131x\u0131\u015f ed\u0259n akademik \u0130sa H\u0259bibb\u0259yli Az\u0259rbaycan d\u00f6vl\u0259tinin Prezident \u0130lham \u018fliyevin liderliyind\u0259 qazand\u0131\u011f\u0131 tarixi Z\u0259f\u0259rin v\u0259 \u0259ld\u0259 etdiyi iqtisadi, siyasi u\u011furlar\u0131n art\u0131q d\u00fcnya t\u0259r\u0259find\u0259n q\u0259bul olundu\u011funu diqq\u0259t\u0259 \u00e7atd\u0131r\u0131b. O, Az\u0259rbaycan\u0131n d\u00fcnyaya s\u00fclh, \u0259dal\u0259t, qar\u015f\u0131l\u0131ql\u0131 etimad, \u0259m\u0259kda\u015fl\u0131q t\u0259qdim etdiyini vur\u011fulayaraq bildirib ki, Fransada Xur\u015fidbanu Nat\u0259van\u0131n heyk\u0259lin\u0259 qar\u015f\u0131 t\u0259hqiramiz m\u00fcnasib\u0259t bildir\u0259nl\u0259r layiqli c\u0259zalar\u0131n\u0131 almal\u0131d\u0131rlar.<\/p>\n","protected":false},"excerpt":{"rendered":"<p>Az\u0259rbaycan aliml\u0259ri Fransada Nat\u0259van\u0131n abid\u0259sin\u0259 edil\u0259n t\u0259hqiramiz m\u00fcnasib\u0259ti etiraz bildiribl\u0259r Az\u0259rbaycan\u0131n g\u00f6rk\u0259mli \u015fair\u0259si v\u0259 ictimai xadimi Xur\u015fidbanu Nat\u0259van\u0131n Fransan\u0131n Evian-le ban \u015f\u0259h\u0259rind\u0259 2017-ci ild\u0259 ucald\u0131lm\u0131\u015f heyk\u0259lin\u0259 q\u0131rm\u0131z\u0131 boyan\u0131n at\u0131lmas\u0131, heyk\u0259lin&hellip; <\/p>\n","protected":false},"author":14,"featured_media":39191,"comment_status":"open","ping_status":"open","sticky":false,"template":"","format":"standard","meta":{"_mi_skip_tracking":false,"_monsterinsights_sitenote_active":false,"_monsterinsights_sitenote_note":"","_monsterinsights_sitenote_category":0,"footnotes":""},"categories":[5373,4,4499,11],"tags":[9304,5594,15,4962],"aioseo_notices":[],"_links":{"self":[{"href":"https:\/\/infonews.az\/index.php?rest_route=\/wp\/v2\/posts\/39190"}],"collection":[{"href":"https:\/\/infonews.az\/index.php?rest_route=\/wp\/v2\/posts"}],"about":[{"href":"https:\/\/infonews.az\/index.php?rest_route=\/wp\/v2\/types\/post"}],"author":[{"embeddable":true,"href":"https:\/\/infonews.az\/index.php?rest_route=\/wp\/v2\/users\/14"}],"replies":[{"embeddable":true,"href":"https:\/\/infonews.az\/index.php?rest_route=%2Fwp%2Fv2%2Fcomments&post=39190"}],"version-history":[{"count":1,"href":"https:\/\/infonews.az\/index.php?rest_route=\/wp\/v2\/posts\/39190\/revisions"}],"predecessor-version":[{"id":39192,"href":"https:\/\/infonews.az\/index.php?rest_route=\/wp\/v2\/posts\/39190\/revisions\/39192"}],"wp:featuredmedia":[{"embeddable":true,"href":"https:\/\/infonews.az\/index.php?rest_route=\/wp\/v2\/media\/39191"}],"wp:attachment":[{"href":"https:\/\/infonews.az\/index.php?rest_route=%2Fwp%2Fv2%2Fmedia&parent=39190"}],"wp:term":[{"taxonomy":"category","embeddable":true,"href":"https:\/\/infonews.az\/index.php?rest_route=%2Fwp%2Fv2%2Fcategories&post=39190"},{"taxonomy":"post_tag","embeddable":true,"href":"https:\/\/infonews.az\/index.php?rest_route=%2Fwp%2Fv2%2Ftags&post=39190"}],"curies":[{"name":"wp","href":"https:\/\/api.w.org\/{rel}","templated":true}]}}